{"id":667189,"date":"2026-01-16T07:31:10","date_gmt":"2026-01-16T07:31:10","guid":{"rendered":"https:\/\/www.europesays.com\/fr\/667189\/"},"modified":"2026-01-16T07:31:10","modified_gmt":"2026-01-16T07:31:10","slug":"metro-la-pire-ligne-de-paris-partiellement-a-larret-pendant-pres-de-3-semaines-cet-ete","status":"publish","type":"post","link":"https:\/\/www.europesays.com\/fr\/667189\/","title":{"rendered":"M\u00e9tro\u00a0: la pire ligne de Paris partiellement \u00e0 l\u2019arr\u00eat pendant pr\u00e8s de 3 semaines cet \u00e9t\u00e9"},"content":{"rendered":"<p>On ne va pas se mentir, quand on a appris que <strong>la ligne 13<\/strong> serait ferm\u00e9e pendant une<strong> p\u00e9riode de temps non n\u00e9gligeable<\/strong> \u00e0 l\u2019\u00e9t\u00e9 <strong>2026,<\/strong> on ne savait pas s\u2019il fallait <strong>pleurer ou sauter de joie<\/strong>. Car si une <strong>interruption de trafic <\/strong>est toujours <strong>synonyme de gal\u00e8res,<\/strong> surtout quand la ligne dessert des coins ou ne passe aucun autre moyen de transport, <strong>d\u00e8s lors qu\u2019il s\u2019agit de la<a href=\"https:\/\/www.lebonbon.fr\/paris\/news\/pire-station-metro-paris-selon-parisiens\/\" target=\"_blank\" rel=\"noopener\"> pire ligne de Paris<\/a><\/strong>, \u00e7a remet un peu les choses en <strong>perspective.<\/strong> D\u00e9j\u00e0 parce qu\u2019on se dit que <strong>les alternatives seront peut-\u00eatre mieux,<\/strong> et ensuite car une interruption ne peut qu\u2019\u00eatre <strong>synonyme d\u2019am\u00e9lioration de la ligne<\/strong> dans le futur. <strong>Et \u00e7a, on adore.<\/strong><\/p>\n<p>&#13;<br \/>\n<br \/>18 jours de gal\u00e8re&#13;<\/p>\n<p>Dans les faits, la <strong>ligne bleue ciel<\/strong> sera inaccessible <strong>entre les stations <a href=\"https:\/\/www.lebonbon.fr\/paris\/les-tops-spots\/guides-du-grand-paris-saint-denis-adresses-que-faire\/\" target=\"_blank\" rel=\"noopener\">Saint-Denis Universit\u00e9<\/a> et Porte de Saint-Ouen<\/strong> et ce, du<strong> 31 juillet au 17 ao\u00fbt 2026.<\/strong> Ce sont donc<strong> 6 stations <\/strong>qui ne seront pas desservies \u2014 Saint-Denis Universit\u00e9, Basilique de Saint-Denis, Saint-Denis \u2013 Porte de Paris, Carrefour Pleyel, Mairie de Saint-Ouen, Garibaldi \u2014 et bien \u00e9videmment,<strong> aucune correspondance n\u2019y sera assur\u00e9e<\/strong>. De son c\u00f4t\u00e9, la station <strong>Porte de Saint-Ouen <\/strong>deviendra donc le <strong>terminus temporaire<\/strong> pendant toute la p\u00e9riode. Heureusement, si la situation risque d\u2019\u00eatre complexe pour tous les habitants du nord de Paris, pour ce qui est des \u00e9tudiants, pas de panique, puisque <strong>ces perturbations auront lieu pendant les grandes vacances.<\/strong><\/p>\n<p>&#13;<\/p>\n<blockquote class=\"twitter-tweet\"><p>&#13;<\/p>\n<p lang=\"fr\" dir=\"ltr\">Pk \u00e7a fait une semaine que la ligne 13 du m\u00e9tro est encore plus nulle que d&rsquo;habitude \u00e0 s&rsquo;arr\u00eater constamment\u00a0????<\/p>\n<p>&#13;<br \/>\n\u2014 \ud835\ude35\ud835\ude29\ud835\ude30\ud835\ude2e\ud835\ude22\ud835\ude34\u2606 (@koldeimgitairs) <a href=\"https:\/\/twitter.com\/koldeimgitairs\/status\/2011711992533565670?ref_src=twsrc%5Etfw\" target=\"_blank\" rel=\"noopener\">January 15, 2026<\/a><\/p><\/blockquote>\n<p>&#13;<br \/>\n&#13;<br \/>\n<br \/>Des interruptions \u00e0 r\u00e9p\u00e9tition&#13;<\/p>\n<p>Derri\u00e8re cette fermeture partielle de la ligne se cachent des<strong> travaux de renouvellement des voies et de modernisation<\/strong>, pour pr\u00e9parer \u00e0 la fois <a href=\"https:\/\/www.lebonbon.fr\/paris\/news\/ligne-13-metro-bientot-automatisee\/\" target=\"_blank\" rel=\"noopener\"><strong>l&rsquo;automatisation prochaine<\/strong><\/a> de la ligne ainsi que<a href=\"https:\/\/www.lebonbon.fr\/paris\/news\/metro-10-nouvelles-rames-autres-lignes\/\" target=\"_blank\" rel=\"noopener\"><strong> l\u2019arriv\u00e9e des nouvelles rames MF19<\/strong><\/a>. Et pour cette raison, <strong>l\u2019interruption estivale,<\/strong> si elle sera la plus longue, ne sera pas la seule \u00e0 toucher la ligne en 2026. Ainsi, la 13 sera ferm\u00e9e e<strong>ntre Asni\u00e8res\u2013Gennevilliers Les Courtilles et La Fourche<\/strong> le <strong>week-end<\/strong> du <strong>28 f\u00e9vrier.<\/strong> La station <strong>Plaisance<\/strong> ne sera pas desservie <strong>du 9 au 12 avril<\/strong>, et <strong>Portes de Vanves du 6 au 9 ao\u00fbt.<\/strong> Enfin, <strong>l&rsquo;int\u00e9gralit\u00e9 de la ligne<\/strong> sera ferm\u00e9e jusqu\u2019\u00e0 midi les <strong>dimanches 15 et 29 mars, 3 et 17 mai, 7 et 28 juin, et 2, 16 et 30 ao\u00fbt\u00a0!<\/strong><\/p>\n<p>&#13;<\/p>\n<blockquote class=\"twitter-tweet\"><p>&#13;<\/p>\n<p lang=\"fr\" dir=\"ltr\">\ud83d\uddd3\ufe0f Principaux travaux entra\u00eenant des fermetures sur le r\u00e9seau m\u00e9tro jusqu&rsquo;\u00e0 l&rsquo;\u00e9t\u00e9 2026\u00a0: les lignes 4, 8, 12 et 13 sont concern\u00e9es (3bis et 7bis aussi) <a href=\"https:\/\/t.co\/EJXrrWpjlN\">pic.twitter.com\/EJXrrWpjlN<\/a><\/p>\n<p>&#13;<br \/>\n\u2014 AUT \/ FNAUT IDF (@Asso_usagersidf) <a href=\"https:\/\/twitter.com\/Asso_usagersidf\/status\/1993972410647748879?ref_src=twsrc%5Etfw\" target=\"_blank\" rel=\"noopener\">November 27, 2025<\/a><\/p><\/blockquote>\n<p>&#13;<br \/>\n<script async src=\"https:\/\/platform.twitter.com\/widgets.js\" charset=\"utf-8\"><\/script><\/p>\n","protected":false},"excerpt":{"rendered":"On ne va pas se mentir, quand on a appris que la ligne 13 serait ferm\u00e9e pendant une&hellip;\n","protected":false},"author":2,"featured_media":667190,"comment_status":"","ping_status":"","sticky":false,"template":"","format":"standard","meta":{"footnotes":""},"categories":[1888],"tags":[1111,1928,11,1927,1777,674,1011,27,12,1926,626,1925,25],"class_list":{"0":"post-667189","1":"post","2":"type-post","3":"status-publish","4":"format-standard","5":"has-post-thumbnail","7":"category-paris","8":"tag-actu","9":"tag-actu-paris","10":"tag-actualites","11":"tag-actualites-paris","12":"tag-eu","13":"tag-europe","14":"tag-fr","15":"tag-france","16":"tag-news","17":"tag-news-paris","18":"tag-paris","19":"tag-paris-news","20":"tag-republique-francaise"},"share_on_mastodon":{"url":"https:\/\/pubeurope.com\/@fr\/115903613320410610","error":""},"_links":{"self":[{"href":"https:\/\/www.europesays.com\/fr\/wp-json\/wp\/v2\/posts\/667189","targetHints":{"allow":["GET"]}}],"collection":[{"href":"https:\/\/www.europesays.com\/fr\/wp-json\/wp\/v2\/posts"}],"about":[{"href":"https:\/\/www.europesays.com\/fr\/wp-json\/wp\/v2\/types\/post"}],"author":[{"embeddable":true,"href":"https:\/\/www.europesays.com\/fr\/wp-json\/wp\/v2\/users\/2"}],"replies":[{"embeddable":true,"href":"https:\/\/www.europesays.com\/fr\/wp-json\/wp\/v2\/comments?post=667189"}],"version-history":[{"count":0,"href":"https:\/\/www.europesays.com\/fr\/wp-json\/wp\/v2\/posts\/667189\/revisions"}],"wp:featuredmedia":[{"embeddable":true,"href":"https:\/\/www.europesays.com\/fr\/wp-json\/wp\/v2\/media\/667190"}],"wp:attachment":[{"href":"https:\/\/www.europesays.com\/fr\/wp-json\/wp\/v2\/media?parent=667189"}],"wp:term":[{"taxonomy":"category","embeddable":true,"href":"https:\/\/www.europesays.com\/fr\/wp-json\/wp\/v2\/categories?post=667189"},{"taxonomy":"post_tag","embeddable":true,"href":"https:\/\/www.europesays.com\/fr\/wp-json\/wp\/v2\/tags?post=667189"}],"curies":[{"name":"wp","href":"https:\/\/api.w.org\/{rel}","templated":true}]}}