{"id":667193,"date":"2026-01-16T07:33:11","date_gmt":"2026-01-16T07:33:11","guid":{"rendered":"https:\/\/www.europesays.com\/fr\/667193\/"},"modified":"2026-01-16T07:33:11","modified_gmt":"2026-01-16T07:33:11","slug":"le-velo-a-paris-un-enjeu-majeur-des-municipales-de-2026","status":"publish","type":"post","link":"https:\/\/www.europesays.com\/fr\/667193\/","title":{"rendered":"Le v\u00e9lo \u00e0 Paris, un enjeu majeur des municipales de 2026"},"content":{"rendered":"<p>On le sait, une <strong><a href=\"https:\/\/www.lebonbon.fr\/paris\/news\/municipales-2026-rachida-dati-tete-sondages\/\" target=\"_blank\" rel=\"noopener\">campagne<\/a> <a href=\"https:\/\/www.lebonbon.fr\/paris\/news\/municipales-2026-rachida-dati-tete-sondages\/\" target=\"_blank\" rel=\"noopener\">\u00e9lectorale<\/a>,<\/strong> quel que soit l\u2019enjeu, c\u2019est avant tout le moment pour certains candidats de tenir<strong> de beaux discours pleins de promesses <\/strong>concernant les <strong>souhaits potentiels des \u00e9lecteurs<\/strong>. Seulement voil\u00e0, entre ce que les candidats pensent que les Parisiens veulent, et<strong> ce qu\u2019ils veulent vraiment<\/strong>, il y a parfois un foss\u00e9. Alors pour leur<strong> simplifier la t\u00e2che<\/strong>, l&rsquo;association <strong>Paris en Selle <\/strong>\u00e0 dresser la liste de ce que les usagers de petite reine de la capitale attendent vraiment.<\/p>\n<p>&#13;<br \/>\n<br \/>Revoir les priorit\u00e9s de la ville&#13;<\/p>\n<p>Depuis quelques ann\u00e9es, c\u2019est <strong>absolument ind\u00e9niable<\/strong>, le v\u00e9lo a connu <strong>un boom dans les rues de Paris<\/strong>. De mode de d\u00e9placement exceptionnel, il est devenu la norme, rassemblant aujourd\u2019hui <a href=\"https:\/\/www.lebonbon.fr\/paris\/news\/parisiens-deplacent-plus-velo-que-voiture\/\" target=\"_blank\" rel=\"noopener\"><strong>plus d\u2019usagers que la voiture<\/strong><\/a>. Et si cette expansion nous r\u00e9jouit, et fait beaucoup de bien \u00e0 la plan\u00e8te, elle apporte tout de m\u00eame <strong>son lot de questions<\/strong>, notamment au niveau de la <strong>s\u00e9curit\u00e9<\/strong> et des <strong>infrastructures.<\/strong><\/p>\n<p>&#13;<\/p>\n<blockquote class=\"twitter-tweet\"><p>&#13;<\/p>\n<p lang=\"fr\" dir=\"ltr\">La r\u00e9volution v\u00e9lo de Paris est-elle termin\u00e9e\u00a0? Elle ne fait que commencer\u00a0!<br \/>Pour l&rsquo;accompagner, nous lan\u00e7ons notre campagne citoyenne pour les <a href=\"https:\/\/twitter.com\/hashtag\/Municipales2026?src=hash&amp;ref_src=twsrc%5Etfw\" target=\"_blank\" rel=\"noopener\">#Municipales2026<\/a> en d\u00e9voilant nos propositions\u00a0!<br \/>Retrouvez-les sur notre site de campagne\u00a0: <a href=\"https:\/\/t.co\/5Pkzop6Ok7\">https:\/\/t.co\/5Pkzop6Ok7<\/a> \ud83d\udeb2 <a href=\"https:\/\/t.co\/1lU8J0wPjg\">pic.twitter.com\/1lU8J0wPjg<\/a><\/p>\n<p>&#13;<br \/>\n\u2014 Paris en Selle (@ParisEnSelle) <a href=\"https:\/\/twitter.com\/ParisEnSelle\/status\/2011723937869414542?ref_src=twsrc%5Etfw\" target=\"_blank\" rel=\"noopener\">January 15, 2026<\/a><\/p><\/blockquote>\n<p>&#13;<br \/>\n&#13;<\/p>\n<p>\u00c0 tel point que les<strong> associations d\u2019utilisateurs <\/strong>demandent d\u00e9sormais des <strong>garanties<\/strong> de la part des \u00e9diles, afin d&rsquo;assurer<strong>\u00a0les meilleures conditions pour tous.<\/strong> Pour cela, Paris en Selle, association majeure dans la capitale, a d\u00e9cid\u00e9 de dresser une liste des<strong> <a href=\"https:\/\/votez-velo.parisenselle.fr\/\" rel=\"nofollow noopener noreferrer\" target=\"_blank\">20 points clefs<\/a> <\/strong>selon elle pour<strong> garantir<\/strong>\u00a0la <strong>s\u00e9curit\u00e9 de tous<\/strong>. Mais alors <strong>r\u00e9am\u00e9nagement,<a href=\"https:\/\/www.lebonbon.fr\/paris\/news\/ces-vehicules-ne-pourront-plus-circuler-a-paris-a-partir-1er-janvier-2025\/\" target=\"_blank\" rel=\"noopener\"> suppression des voitures<\/a><\/strong> et <strong>formation,<\/strong> que contient cette liste\u00a0?<\/p>\n<p>&#13;<br \/>\n<br \/>Des mesures drastiques mais n\u00e9cessaires\u00a0?&#13;<\/p>\n<p>Dans un premier temps, l&rsquo;association rappelle qu\u2019aujourd\u2019hui, <strong>la majorit\u00e9 des d\u00e9placement<\/strong>s, hors transports en commun, sont r\u00e9alis\u00e9s <strong>\u00e0 pied ou en v\u00e9lo<\/strong>, et non en voiture. Il semble donc logique que la<strong> place accord\u00e9e \u00e0 chaque mode de d\u00e9placement <\/strong>soit <strong>proportionnelle \u00e0 son utilisation.<\/strong> Pour cela, Paris en Selle pr\u00e9conise le<strong> r\u00e9am\u00e9nagement de 17 places<\/strong>, ainsi que la<strong> suppression totale des voitures<\/strong> sur certains axes, comme le <strong>boulevard<\/strong> <strong>Saint-Germain<\/strong>, l\u2019avenue de <strong>l\u2019Op\u00e9ra<\/strong> ou les <strong>abords du <a href=\"https:\/\/www.lebonbon.fr\/paris\/loisirs\/nocturnes-supplementaires-organisees-louvre-pendant-fetes\/\" target=\"_blank\" rel=\"noopener\">Louvres<\/a>.<\/strong><\/p>\n<p>&#13;<\/p>\n<blockquote class=\"twitter-tweet\"><p>&#13;<\/p>\n<p lang=\"fr\" dir=\"ltr\">Imaginez un Boulevard Saint-Germain apais\u00e9, respirable et accessible \u00e0 tous. \ud83d\ude8c\ud83c\udf33\ud83d\udeb2 Aujourd&rsquo;hui, c&rsquo;est une autoroute urbaine. Demain, ce doit \u00eatre un trait d&rsquo;union accessible entre nos quartiers, avec de vraies pistes cyclables s\u00e9curis\u00e9es. <a href=\"https:\/\/twitter.com\/hashtag\/Municipales2026?src=hash&amp;ref_src=twsrc%5Etfw\" target=\"_blank\" rel=\"noopener\">#Municipales2026<\/a> <a href=\"https:\/\/twitter.com\/hashtag\/Paris2026?src=hash&amp;ref_src=twsrc%5Etfw\" target=\"_blank\" rel=\"noopener\">#Paris2026<\/a> <a href=\"https:\/\/t.co\/7eXaxeqHP0\">https:\/\/t.co\/7eXaxeqHP0<\/a> <a href=\"https:\/\/t.co\/T5HZreHt3T\">pic.twitter.com\/T5HZreHt3T<\/a><\/p>\n<p>&#13;<br \/>\n\u2014 Paris en Selle &#8211; 5e &#8211; 6e &#8211; 7e (@PeS_5e6e7e) <a href=\"https:\/\/twitter.com\/PeS_5e6e7e\/status\/2009628110648492240?ref_src=twsrc%5Etfw\" target=\"_blank\" rel=\"noopener\">January 9, 2026<\/a><\/p><\/blockquote>\n<p>&#13;<br \/>\n&#13;<\/p>\n<p>Pour garantir <strong>la s\u00e9curit\u00e9 de tous,<\/strong> l\u2019association plaide aussi pour la <strong>mise en place de v\u00e9lo-\u00e9coles<\/strong>, et le d\u00e9veloppement d\u2019un programme<strong> \u00ab\u00a0savoir rouler \u00e0 v\u00e9lo\u00a0\u00bb<\/strong> dans les \u00e9tablissements scolaires. Dans la m\u00eame lign\u00e9e, elle demande des <strong>am\u00e9nagements pour r\u00e9duire la vitesse,<\/strong> plus de <strong>contr\u00f4le<\/strong> <strong>et de <a href=\"https:\/\/www.lebonbon.fr\/paris\/news\/liste-toutes-infractions-verbalisables-velo\/\" target=\"_blank\" rel=\"noopener\">verbalisation<\/a><\/strong>, ainsi que des<strong> forces de l\u2019ordre plus sensibilis\u00e9es <\/strong>\u00e0 la question des bicyclettes. Reste maintenant \u00e0 savoir si les <strong>diff\u00e9rents candidats<\/strong> seront pr\u00eats \u00e0 prendre les mesures n\u00e9cessaires.<\/p>\n<p><script async src=\"https:\/\/platform.twitter.com\/widgets.js\" charset=\"utf-8\"><\/script><\/p>\n","protected":false},"excerpt":{"rendered":"On le sait, une campagne \u00e9lectorale, quel que soit l\u2019enjeu, c\u2019est avant tout le moment pour certains candidats&hellip;\n","protected":false},"author":2,"featured_media":667194,"comment_status":"","ping_status":"","sticky":false,"template":"","format":"standard","meta":{"footnotes":""},"categories":[1888],"tags":[11,1777,674,1011,27,12,626,25],"class_list":{"0":"post-667193","1":"post","2":"type-post","3":"status-publish","4":"format-standard","5":"has-post-thumbnail","7":"category-paris","8":"tag-actualites","9":"tag-eu","10":"tag-europe","11":"tag-fr","12":"tag-france","13":"tag-news","14":"tag-paris","15":"tag-republique-francaise"},"share_on_mastodon":{"url":"https:\/\/pubeurope.com\/@fr\/115903620954158320","error":""},"_links":{"self":[{"href":"https:\/\/www.europesays.com\/fr\/wp-json\/wp\/v2\/posts\/667193","targetHints":{"allow":["GET"]}}],"collection":[{"href":"https:\/\/www.europesays.com\/fr\/wp-json\/wp\/v2\/posts"}],"about":[{"href":"https:\/\/www.europesays.com\/fr\/wp-json\/wp\/v2\/types\/post"}],"author":[{"embeddable":true,"href":"https:\/\/www.europesays.com\/fr\/wp-json\/wp\/v2\/users\/2"}],"replies":[{"embeddable":true,"href":"https:\/\/www.europesays.com\/fr\/wp-json\/wp\/v2\/comments?post=667193"}],"version-history":[{"count":0,"href":"https:\/\/www.europesays.com\/fr\/wp-json\/wp\/v2\/posts\/667193\/revisions"}],"wp:featuredmedia":[{"embeddable":true,"href":"https:\/\/www.europesays.com\/fr\/wp-json\/wp\/v2\/media\/667194"}],"wp:attachment":[{"href":"https:\/\/www.europesays.com\/fr\/wp-json\/wp\/v2\/media?parent=667193"}],"wp:term":[{"taxonomy":"category","embeddable":true,"href":"https:\/\/www.europesays.com\/fr\/wp-json\/wp\/v2\/categories?post=667193"},{"taxonomy":"post_tag","embeddable":true,"href":"https:\/\/www.europesays.com\/fr\/wp-json\/wp\/v2\/tags?post=667193"}],"curies":[{"name":"wp","href":"https:\/\/api.w.org\/{rel}","templated":true}]}}