{"id":667217,"date":"2026-01-16T07:47:14","date_gmt":"2026-01-16T07:47:14","guid":{"rendered":"https:\/\/www.europesays.com\/fr\/667217\/"},"modified":"2026-01-16T07:47:14","modified_gmt":"2026-01-16T07:47:14","slug":"que-devient-madison-keys-un-an-apres-son-sacre-surprise","status":"publish","type":"post","link":"https:\/\/www.europesays.com\/fr\/667217\/","title":{"rendered":"que devient Madison Keys, un an apr\u00e8s son sacre surprise ?"},"content":{"rendered":"<p>\n    Il y a presqu\u2019un an, le 25 janvier 2025, \u00e0 Melbourne, Madison Keys remportait son premier titre en Grand Chelem \u00e0 l\u2019Open d\u2019Australie en battant en finale Aryna Sabalenka (6-3, 2-6, 7-5).<\/p>\n<p class=\"fig-paragraph\">Un premier titre en Grand Chelem \u00e0 29 ans. Le 25 janvier 2025, l\u2019Am\u00e9ricaine Madison Keys inscrivait son nom dans l\u2019histoire en battant la num\u00e9ro 1 mondiale en finale de l\u2019Open d\u2019Australie. Une victoire en 3 sets (6-3, 2-6, 7-5) qui privait la Bi\u00e9lorusse d\u2019un tripl\u00e9. Presque un an apr\u00e8s, \u00e0 30 ans, o\u00f9 en est Keys\u00a0?<\/p>\n<p>                                            Aucun titre depuis<\/p>\n<p class=\"fig-paragraph\">Apr\u00e8s cette performance exceptionnelle, l\u2019Am\u00e9ricaine a connu une saison plus calme et n\u2019a pas remport\u00e9 d\u2019autre titre. Apr\u00e8s une pause d\u2019un mois pour ne pas aggraver une blessure \u00e0 la jambe, l\u2019Am\u00e9ricaine participe \u00e0 Indian Wells o\u00f9 elle chute en demi-finale face \u00e0 une Sabalenka revancharde. \u00c0 Miami fin mars,\u00a0<a href=\"http:\/\/www.lefigaro.fr\/sports\/tennis\/tennis-madison-keys-sortie-par-la-140e-mondiale-au-3e-tour-a-miami-20250323\" target=\"_blank\" data-fig-type=\"NewsFlash\" rel=\"noopener\" data-gtm-custom-categorie=\"navigation\" data-gtm-custom-action=\"crossclick\" data-gtm-custom-label=\"Contextuel\" data-gtm-event=\"customEventSPE\" data-fig-domain=\"LEFIGARO\">Keys sort d\u00e8s les 16es de finale face \u00e0 Eala (140e)<\/a>.<\/p>\n<p>                                            <a class=\"fig-a11y-skip\" href=\"#fig-a11y-skip-main-inarticle\" data-module=\"a11y-skip\" data-context=\"was @visible\"><br \/>\n    Passer la publicit\u00e9<br \/>\n<\/a>            <\/p>\n<p class=\"fig-paragraph\">Sur terre battue, Keys n\u2019impressionne pas non plus. Elle sort en 8e de finale \u00e0 Charleston, en quart \u00e0 Madrid, en 16e \u00e0 Rome, puis en quart \u00e0 Roland Garros o\u00f9 elle\u00a0<a href=\"http:\/\/www.lefigaro.fr\/sports\/tennis\/roland-garros\/roland-garros-qualifiee-pour-les-demi-finales-coco-gauff-attend-lois-boisson-20250604\" target=\"_blank\" data-fig-type=\"NewsFlash\" rel=\"noopener\" data-gtm-custom-categorie=\"navigation\" data-gtm-custom-action=\"crossclick\" data-gtm-custom-label=\"Contextuel\" data-gtm-event=\"customEventSPE\" data-fig-domain=\"LEFIGARO\">s\u2019incline en 3 sets face \u00e0 la gagnante du tournoi, Coco Gauff (7-6, 4-6, 1-6),\u00a0<\/a>d\u00e9but juin. Elle d\u00e9marre ensuite sa saison sur gazon avec le tournoi du Queen\u2019s \u00e0 Londres o\u00f9 elle perd en demi-finale face \u00e0 l\u2019Allemande Tatjana Maria. \u00c0 Berlin, elle est \u00e9limin\u00e9e d\u2019entr\u00e9e, puis elle encha\u00eene avec Wimbledon o\u00f9\u00a0<a href=\"http:\/\/www.lefigaro.fr\/sports\/tennis\/wimbledon\/wimbledon-numero-8-mondiale-madison-keys-prend-la-porte-20250704\" target=\"_blank\" data-fig-type=\"NewsFlash\" rel=\"noopener\" data-gtm-custom-categorie=\"navigation\" data-gtm-custom-action=\"crossclick\" data-gtm-custom-label=\"Contextuel\" data-gtm-event=\"customEventSPE\" data-fig-domain=\"LEFIGARO\">elle atteindra les 16es de finale seulement<\/a>.<\/p>\n<p>                                            Croix sur la tourn\u00e9e asiatique<\/p>\n<p class=\"fig-paragraph\">Apr\u00e8s deux nouveaux \u00e9checs \u00e0 Montr\u00e9al (quart) puis Cincinnati (8e de finale), l\u2019Am\u00e9ricaine entame son dernier Grand Chelem de l\u2019ann\u00e9e \u00e0 domicile. Fin ao\u00fbt, elle joue face \u00e0 la Mexicaine Renata Zarazua, 82e mondiale,\u00a0<a href=\"http:\/\/www.lefigaro.fr\/sports\/tennis\/us-open\/us-open-enorme-surprise-madison-keys-sortie-d-entree-a-domicile-par-la-82e-joueuse-mondiale-20250825\" target=\"_blank\" data-fig-type=\"NewsFlash\" rel=\"noopener\" data-gtm-custom-categorie=\"navigation\" data-gtm-custom-action=\"crossclick\" data-gtm-custom-label=\"Contextuel\" data-gtm-event=\"customEventSPE\" data-fig-domain=\"LEFIGARO\">qui la surprend d\u2019entr\u00e9e\u00a0<\/a>et l\u2019\u00e9limine apr\u00e8s plus de 3h de jeu. Suite \u00e0 ces d\u00e9ceptions, Madison Keys d\u00e9cide de faire une croix sur la tourn\u00e9e asiatique et ne participe plus \u00e0 aucun tournoi jusqu\u2019\u00e0 novembre. Touch\u00e9e \u00e0 une \u00e9paule, l\u2019Am\u00e9ricaine pr\u00e9f\u00e8re se m\u00e9nager et ne pas aggraver sa blessure.<\/p>\n<p class=\"fig-paragraph\">Qualifi\u00e9e pour les WTA Finals, Keys se rend \u00e0 Riyad et tombe dans la poule de Swiatek, Anisimova et Rybakina. La Polonaise ne lui laisse aucune chance et\u00a0<a href=\"http:\/\/www.lefigaro.fr\/sports\/tennis\/masters-wta-iga-swiatek-deroule-face-a-madison-keys-pour-son-entree-en-lice-20251101\" target=\"_blank\" data-fig-type=\"NewsFlash\" rel=\"noopener\" data-gtm-custom-categorie=\"navigation\" data-gtm-custom-action=\"crossclick\" data-gtm-custom-label=\"Contextuel\" data-gtm-event=\"customEventSPE\" data-fig-domain=\"LEFIGARO\">termine le match en 1h01 (1-6, 2-6).\u00a0<\/a>Contre sa compatriote Anisimova, le match est plus disput\u00e9, mais Keys s\u2019incline en 3 sets (6\/4, 3\/6, 2\/6).\u00a0<a href=\"http:\/\/www.lefigaro.fr\/sports\/tennis\/masters-wta-madison-keys-malade-declare-forfait-avant-d-affronter-rybakina-20251105\" target=\"_blank\" data-fig-type=\"NewsFlash\" rel=\"noopener\" data-gtm-custom-categorie=\"navigation\" data-gtm-custom-action=\"crossclick\" data-gtm-custom-label=\"Contextuel\" data-gtm-event=\"customEventSPE\" data-fig-domain=\"LEFIGARO\">D\u00e9j\u00e0 \u00e9limin\u00e9e et malade<\/a>, l\u2019Am\u00e9ricaine d\u00e9cide de d\u00e9clarer forfait pour son dernier match face \u00e0 Rybakina.<\/p>\n<p>                                            D\u00e9but d\u2019ann\u00e9e sur le m\u00eame rythme&#8230;<\/p>\n<p class=\"fig-paragraph\">Apr\u00e8s une exhibition remport\u00e9e en fin d\u2019ann\u00e9e face \u00e0 Venus Williams (7\/6, 6\/0), Madison Keys se doit de bien entamer 2026 car elle doit d\u00e9fendre beaucoup de points (2500), en tant que tenante du titre au WTA 500 d\u2019Ad\u00e9la\u00efde et \u00e0 l\u2019Open d\u2019Australie. Avant ces deux dates, elle participe \u00e0 Brisbane o\u00f9 elle se retrouve une nouvelle fois face \u00e0\u00a0<a href=\"http:\/\/www.lefigaro.fr\/sports\/tennis\/tennis-sabalenka-domine-keys-en-quart-a-brisbane-rybakina-eliminee-20260109\" target=\"_blank\" data-fig-type=\"NewsFlash\" rel=\"noopener\" data-gtm-custom-categorie=\"navigation\" data-gtm-custom-action=\"crossclick\" data-gtm-custom-label=\"Contextuel\" data-gtm-event=\"customEventSPE\" data-fig-domain=\"LEFIGARO\">Sabalenka en quart de finale<\/a>. Au bout d\u20191h30, la Bi\u00e9lorusse l\u2019emporte (6\/3, 6\/3).<\/p>\n<blockquote class=\"fig-quote&#10;    \">\n<p class=\"fig-quote__text\">Revenir en tant que championne en titre<\/p>\n<p>            Madison Keys\n    <\/p><\/blockquote>\n<p class=\"fig-paragraph\">Le plus dur reste \u00e0 faire avec Ad\u00e9la\u00efde et Melbourne. Malgr\u00e9 sa forme moyenne, l\u2019Am\u00e9ricaine est tout de m\u00eame plut\u00f4t confiante. En conf\u00e9rence de presse elle expliquait\u00a0: \u00abUn an plus tard, cela semble un peu plus r\u00e9el. Mais cela restera \u00e9videmment le moment fort de ma carri\u00e8re. C\u2019\u00e9tait une exp\u00e9rience incroyable ici, notamment gr\u00e2ce au fait que ces trois semaines avaient \u00e9t\u00e9 pratiquement parfaites. Je ne suis pas certaine de pouvoir r\u00e9it\u00e9rer cela, et je ne vais certainement pas essayer de le refaire. Je vais revenir ici (\u00e0 Ad\u00e9la\u00efde) et \u00e0 Melbourne en tant que championne en titre.\u00bb<\/p>\n<p>                                            <a class=\"fig-a11y-skip\" href=\"#fig-a11y-skip-main-inarticle_mtf\" data-module=\"a11y-skip\" data-context=\"was @visible\"><br \/>\n    Passer la publicit\u00e9<br \/>\n<\/a>            <\/p>\n<p>                                            Pas favorite cette ann\u00e9e non plus<\/p>\n<p class=\"fig-paragraph\">L\u2019an dernier, Madison Keys n\u2019\u00e9tait pas du tout favorite mais elle avait cr\u00e9\u00e9 la sensation. Cette ann\u00e9e encore, au vu de ses r\u00e9cents r\u00e9sultats, l\u2019Am\u00e9ricaine ne part pas en t\u00eate des pronostics. Il y a un nom qui sort du lot, c\u2019est logiquement celui d\u2019Aryna Sabalenka. La num\u00e9ro 1 mondiale a d\u00e9j\u00e0 remport\u00e9 2 fois le tournoi et \u00e9tait en finale l\u2019an dernier. La Bi\u00e9lorusse a\u00a0<a href=\"https:\/\/video.lefigaro.fr\/figaro\/sports\/tennis\/tennis-je-suis-ravie-d-avoir-ce-trophee-se-rejouit-aryna-sabalenka-apres-sa-victoire-a-brisbane-20260111\" target=\"_blank\" data-fig-type=\"Video\" rel=\"noopener\" data-gtm-custom-categorie=\"navigation\" data-gtm-custom-action=\"crossclick\" data-gtm-custom-label=\"Contextuel\" data-gtm-event=\"customEventSPE\" data-fig-domain=\"LEFIGARO\">tr\u00e8s bien commenc\u00e9 2026 en s\u2019imposant \u00e0 Brisbane\u00a0<\/a>sans perdre un seul set.<\/p>\n<p class=\"fig-paragraph\">Derri\u00e8re elle, d\u2019autres joueuses pourraient elles aussi remporter le tournoi. En t\u00eate de ce groupe de poursuivantes, on retrouve la polonaise Iga Swiatek. Longtemps num\u00e9ro 1 mondiale, elle occupe actuellement le 2 range. Apr\u00e8s avoir gagn\u00e9 4 fois Roland-Garros, 1 fois Wimbledon et 1 fois l\u2019US Open, il ne lui manque plus qu\u2019un Grand Chelem \u00e0 son palmar\u00e8s. Autre pr\u00e9tendante s\u00e9rieuse au titre, Coco Gauff. En 2025,\u00a0<a href=\"http:\/\/www.lefigaro.fr\/sports\/tennis\/roland-garros\/roland-garros-coco-gauff-une-etoile-scintillante-20250608\" target=\"_blank\" data-fig-type=\"Article\" rel=\"noopener\" data-gtm-custom-categorie=\"navigation\" data-gtm-custom-action=\"crossclick\" data-gtm-custom-label=\"Contextuel\" data-gtm-event=\"customEventSPE\" data-fig-domain=\"LEFIGARO\">elle a gagn\u00e9 Roland-Garros\u00a0<\/a>et le WTA 1000 de Wuhan. L\u2019Am\u00e9ricaine semble en tr\u00e8s bonne forme en ce d\u00e9but d\u2019ann\u00e9e. Elle a ainsi remport\u00e9 3 de ses 4 matchs en United Cup. Amanda Anisimova pourrait elle aussi performer \u00e0 Melbourne. L\u2019Am\u00e9ricaine a remport\u00e9 deux WTA 1000 en 2025, \u00e0 Doha puis \u00e0 P\u00e9kin. Derni\u00e8re outsider, Rybakina. Apr\u00e8s deux titres en WTA 500 \u00e0 Strasbourg puis \u00e0 Ningbo (Chine), la Kazakhe a\u00a0<a href=\"http:\/\/www.lefigaro.fr\/sports\/tennis\/masters-wta-rybakina-s-offre-sabalenka-et-un-premier-titre-20251108\" target=\"_blank\" data-fig-type=\"NewsFlash\" rel=\"noopener\" data-gtm-custom-categorie=\"navigation\" data-gtm-custom-action=\"crossclick\" data-gtm-custom-label=\"Contextuel\" data-gtm-event=\"customEventSPE\" data-fig-domain=\"LEFIGARO\">remport\u00e9 les WTA Finals sans perdre un seul match<\/a>, en battant, Anisimova, Swiatek, Pegula puis Sabalenka. De s\u00e9rieuses concurrentes pour l\u2019Open d\u2019Australie.<\/p>\n","protected":false},"excerpt":{"rendered":"Il y a presqu\u2019un an, le 25 janvier 2025, \u00e0 Melbourne, Madison Keys remportait son premier titre en&hellip;\n","protected":false},"author":2,"featured_media":667218,"comment_status":"","ping_status":"","sticky":false,"template":"","format":"standard","meta":{"footnotes":""},"categories":[1415],"tags":[5035,1011,27,31034,60,1467],"class_list":{"0":"post-667217","1":"post","2":"type-post","3":"status-publish","4":"format-standard","5":"has-post-thumbnail","7":"category-tennis","8":"tag-australie","9":"tag-fr","10":"tag-france","11":"tag-melbourne","12":"tag-sports","13":"tag-tennis"},"share_on_mastodon":{"url":"https:\/\/pubeurope.com\/@fr\/115903675921312728","error":""},"_links":{"self":[{"href":"https:\/\/www.europesays.com\/fr\/wp-json\/wp\/v2\/posts\/667217","targetHints":{"allow":["GET"]}}],"collection":[{"href":"https:\/\/www.europesays.com\/fr\/wp-json\/wp\/v2\/posts"}],"about":[{"href":"https:\/\/www.europesays.com\/fr\/wp-json\/wp\/v2\/types\/post"}],"author":[{"embeddable":true,"href":"https:\/\/www.europesays.com\/fr\/wp-json\/wp\/v2\/users\/2"}],"replies":[{"embeddable":true,"href":"https:\/\/www.europesays.com\/fr\/wp-json\/wp\/v2\/comments?post=667217"}],"version-history":[{"count":0,"href":"https:\/\/www.europesays.com\/fr\/wp-json\/wp\/v2\/posts\/667217\/revisions"}],"wp:featuredmedia":[{"embeddable":true,"href":"https:\/\/www.europesays.com\/fr\/wp-json\/wp\/v2\/media\/667218"}],"wp:attachment":[{"href":"https:\/\/www.europesays.com\/fr\/wp-json\/wp\/v2\/media?parent=667217"}],"wp:term":[{"taxonomy":"category","embeddable":true,"href":"https:\/\/www.europesays.com\/fr\/wp-json\/wp\/v2\/categories?post=667217"},{"taxonomy":"post_tag","embeddable":true,"href":"https:\/\/www.europesays.com\/fr\/wp-json\/wp\/v2\/tags?post=667217"}],"curies":[{"name":"wp","href":"https:\/\/api.w.org\/{rel}","templated":true}]}}