{"id":667219,"date":"2026-01-16T07:51:19","date_gmt":"2026-01-16T07:51:19","guid":{"rendered":"https:\/\/www.europesays.com\/fr\/667219\/"},"modified":"2026-01-16T07:51:19","modified_gmt":"2026-01-16T07:51:19","slug":"giro-tour-ditalie-derek-gee-lobjectif-est-de-monter-sur-le-podium-du-giro","status":"publish","type":"post","link":"https:\/\/www.europesays.com\/fr\/667219\/","title":{"rendered":"Giro. Tour d&rsquo;Italie &#8211; Derek Gee : \u00abL&rsquo;objectif est de monter sur le podium du Giro\u00bb"},"content":{"rendered":"<p>Ap\u00e8s une saison terne sur les classements g\u00e9n\u00e9raux des <strong><a href=\"https:\/\/www.cyclismactu.net\/..\/\" target=\"_blank\" rel=\"noopener\">Grands Tour<\/a><a href=\"https:\/\/www.cyclismactu.net\/..\/\" target=\"_blank\" rel=\"noopener\">s<\/a><\/strong>, la <strong>Lidl-Trek<\/strong> mise sur deux nouvelles t\u00eates pour \u00e0 nouveau peser sur les courses de trois semaines. <strong>Ayuso<\/strong> guidera l&rsquo;\u00e9quipe sur le <strong>Tour de France<\/strong> et <strong><a href=\"https:\/\/www.cyclismactu.net\/..\/news-transfert-route-c-est-officiel-derek-gee-rejoint-formation-lidl-trek-91472.html\" target=\"_blank\" rel=\"noopener\">Derek Gee-West<\/a> <\/strong>sur le <strong>Giro d&rsquo;Italia<\/strong>. Ce dernier a v\u00e9cu une saison 2025 paradoxale, la gloire et le succ\u00e8s lors d&rsquo;un\u00a0<a href=\"https:\/\/www.cyclismactu.net\/..\/news-tour-d-italie-route-en-attendant-mois-de-mai-giro-2026-plus-raisonnable-91452.html\" target=\"_blank\" rel=\"noopener\"><strong>Tour d&rsquo;Italie<\/strong><\/a> conclu \u00e0 la 4e place, et une fin d&rsquo;aventure tumultueuse avec son ancien employeur <strong>Israel-Premier Tech<\/strong>.\u00a0<\/p>\n<p>Vid\u00e9o &#8211; Juan Ayuso et Derek Gee&#8230; nouveaux leaders de la Lidl-Trek Lire la suite de l&rsquo;article&#13;<\/p>\n<p>\u00a0<\/p>\n<p>&#13;<br \/>\n\u00ab\u00a0On sera comp\u00e9titif sur tous les tableaux\u00a0\u00bb&#13;<\/p>\n<p>Dans une conf\u00e9rence de presse vid\u00e9o, le coureur canadien a clam\u00e9 son amour pour la course transalpine et ses envies de podium: \u00ab\u00a0J\u2019adore le Giro. Depuis que je suis enfant, c\u2019est mon Grand Tour pr\u00e9f\u00e9r\u00e9. L&rsquo;objectif cette ann\u00e9e c&rsquo;est de monter sur le podium. L&rsquo;\u00e9quipe dispose de toutes\u00a0les ressources et l\u2019expertise pour m&rsquo;y aider. L&rsquo;\u00e9quipe y va avec plusieurs objectifs donc nous allons devoir nous accorder.\u00a0\u00bb Contrairement \u00e0 la saison pass\u00e9e, il ne disposera pas d&rsquo;une \u00e9quipe d\u00e9vou\u00e9e \u00e0 sa cause. Il partagera la t\u00eate d&rsquo;affiche avec <strong>Jonathan Milan<\/strong> qui visera un 3e maillot cyclamen,\u00a0<strong>Giulio Ciccone<\/strong>\u00a0et <strong>Thibau Nys<\/strong> qui chasseront les \u00e9tapes montagneuses et vallon\u00e9es.<\/p>\n<p>&#13;<\/p>\n","protected":false},"excerpt":{"rendered":"Ap\u00e8s une saison terne sur les classements g\u00e9n\u00e9raux des Grands Tours, la Lidl-Trek mise sur deux nouvelles t\u00eates&hellip;\n","protected":false},"author":2,"featured_media":667220,"comment_status":"","ping_status":"","sticky":false,"template":"","format":"standard","meta":{"footnotes":""},"categories":[1411],"tags":[1154,207,1011,27,209,60,3318,208],"class_list":{"0":"post-667219","1":"post","2":"type-post","3":"status-publish","4":"format-standard","5":"has-post-thumbnail","7":"category-cyclisme","8":"tag-cycling","9":"tag-cyclisme","10":"tag-fr","11":"tag-france","12":"tag-route","13":"tag-sports","14":"tag-tour-d","15":"tag-velo"},"share_on_mastodon":{"url":"https:\/\/pubeurope.com\/@fr\/115903691814407579","error":""},"_links":{"self":[{"href":"https:\/\/www.europesays.com\/fr\/wp-json\/wp\/v2\/posts\/667219","targetHints":{"allow":["GET"]}}],"collection":[{"href":"https:\/\/www.europesays.com\/fr\/wp-json\/wp\/v2\/posts"}],"about":[{"href":"https:\/\/www.europesays.com\/fr\/wp-json\/wp\/v2\/types\/post"}],"author":[{"embeddable":true,"href":"https:\/\/www.europesays.com\/fr\/wp-json\/wp\/v2\/users\/2"}],"replies":[{"embeddable":true,"href":"https:\/\/www.europesays.com\/fr\/wp-json\/wp\/v2\/comments?post=667219"}],"version-history":[{"count":0,"href":"https:\/\/www.europesays.com\/fr\/wp-json\/wp\/v2\/posts\/667219\/revisions"}],"wp:featuredmedia":[{"embeddable":true,"href":"https:\/\/www.europesays.com\/fr\/wp-json\/wp\/v2\/media\/667220"}],"wp:attachment":[{"href":"https:\/\/www.europesays.com\/fr\/wp-json\/wp\/v2\/media?parent=667219"}],"wp:term":[{"taxonomy":"category","embeddable":true,"href":"https:\/\/www.europesays.com\/fr\/wp-json\/wp\/v2\/categories?post=667219"},{"taxonomy":"post_tag","embeddable":true,"href":"https:\/\/www.europesays.com\/fr\/wp-json\/wp\/v2\/tags?post=667219"}],"curies":[{"name":"wp","href":"https:\/\/api.w.org\/{rel}","templated":true}]}}