{"id":667221,"date":"2026-01-16T07:52:10","date_gmt":"2026-01-16T07:52:10","guid":{"rendered":"https:\/\/www.europesays.com\/fr\/667221\/"},"modified":"2026-01-16T07:52:10","modified_gmt":"2026-01-16T07:52:10","slug":"la-terrible-nouvelle-qui-oblige-lens-a-un-changement-de-plan","status":"publish","type":"post","link":"https:\/\/www.europesays.com\/fr\/667221\/","title":{"rendered":"La terrible nouvelle qui oblige Lens \u00e0 un changement de plan"},"content":{"rendered":"<p><strong>Alors que le RC Lens s\u2019appr\u00eate \u00e0 recevoir Auxerre pour consolider sa place de leader en Ligue 1, une mauvaise nouvelle vient ternir la pr\u00e9paration de l\u2019\u00e9quipe et oblige le club \u00e0 revoir son plan.<\/strong><\/p>\n<p>Solide leader de <strong><a href=\"https:\/\/www.les-transferts.com\/competition\/france\/ligue-1\/actualite\/\" target=\"_blank\" rel=\"noopener\">Ligue 1<\/a><\/strong>, le <strong><a href=\"https:\/\/www.les-transferts.com\/club\/lens\/actualite\/\" target=\"_blank\" rel=\"noopener\">RC Lens<\/a><\/strong> a entam\u00e9 l\u2019ann\u00e9e 2026 par <strong>deux succ\u00e8s 3-0<\/strong> dont le dernier qualifie le club pour les 8e de finale de la Coupe de France. Ce samedi, les Sang et Or re\u00e7oivent Auxerre lors d\u2019une rencontre o\u00f9 ils vont essayer de <strong>garder leur distance avec l\u2019ogre parisien<\/strong>. Mais \u00e7a devrait se faire sans <strong><a href=\"https:\/\/www.les-transferts.com\/joueur\/regis-gurtner\/actualite\/\" target=\"_blank\" rel=\"noopener\">R\u00e9gis Gurtner<\/a><\/strong>.<\/p>\n<p>Lens va recruter un gardien de but<\/p>\n<p>Lors de son point de presse ce jeudi, l\u2019entra\u00eeneur lensois <strong><a href=\"https:\/\/www.les-transferts.com\/joueur\/pierre-sage\/actualite\/\" target=\"_blank\" rel=\"noopener\">Pierre Sage<\/a><\/strong> a dress\u00e9 la <strong>liste des absents<\/strong> pour le match de samedi. \u00ab\u00a0Jonathan Gradit et Jhoanner Chavez, qui sont toujours en soins et en r\u00e9athl\u00e9tisation\u00a0\u00bb, a-t-il rappel\u00e9. Avant d\u2019annoncer une <strong>mauvaise nouvelle <\/strong>pour R\u00e9gis Gurtner, la doublure de <strong><a href=\"https:\/\/www.les-transferts.com\/joueur\/robin-risser\/actualite\/\" target=\"_blank\" rel=\"noopener\">Robin Risser<\/a><\/strong> : \u00ab\u00a0Depuis hier (mercredi), on a R\u00e9gis Gurtner, qui s\u2019est bless\u00e9 en s\u00e9ance. La blessure est assez grave. C\u2019est une blessure musculaire, qui pourrait l\u2019\u00e9loigner des terrains jusqu\u2019\u00e0 la fin de la saison.\u00a0\u00bb<\/p>\n<blockquote class=\"twitter-tweet\" data-width=\"500\" data-dnt=\"true\">\n<p lang=\"fr\" dir=\"ltr\">\ud83d\udea8 \ud835\udddf\ud835\uddd8 \ud835\udde5\ud835\uddd6 \ud835\udddf\ud835\uddd8\ud835\udde1\ud835\udde6 \ud835\uddd6\ud835\udddb\ud835\uddd8\ud835\udde5\ud835\uddd6\ud835\udddb\ud835\uddd8 \ud835\udde8\ud835\udde1 \ud835\udde1\ud835\udde2\ud835\udde8\ud835\udde9\ud835\uddd8\ud835\uddd4\ud835\udde8 \ud835\uddda\ud835\uddd4\ud835\udde5\ud835\uddd7\ud835\udddc\ud835\uddd8\ud835\udde1 ! \ud83e\udde4\u2764\ufe0f\ud83d\udc9b<\/p>\n<p>Suite \u00e0 la grave blessure de R\u00e9gis Gurtner (out jusqu&rsquo;\u00e0 la fin de saison), Pierre Sage a confirm\u00e9 que le club allait \u00ab\u00a0se pencher s\u00e9rieusement\u00a0\u00bb sur le recrutement d&rsquo;un gardien num\u00e9ro 2 au mercato\u2026 <a href=\"https:\/\/t.co\/0GAUOQvGqp\">pic.twitter.com\/0GAUOQvGqp<\/a><\/p>\n<p>\u2014 Actu Ligue 1 (@ActuL1_) <a href=\"https:\/\/twitter.com\/ActuL1_\/status\/2011799605168472132?ref_src=twsrc%5Etfw\" target=\"_blank\" rel=\"noopener\">January 15, 2026<\/a><\/p><\/blockquote>\n<p>Suite au forfait du gardien de 39 ans, Lens doit <strong>s\u2019activer sur le march\u00e9 des transferts<\/strong>. Alors que les recrutements ne visaient que les postes sur l\u2019aire de jeu, le club art\u00e9sien va devoir se pencher sur le<strong> recrutement d\u2019un gardien de but<\/strong>. En ce sens, lors de son point de presse, Pierre Sage a confirm\u00e9 que le club allait \u00ab\u00a0se pencher s\u00e9rieusement\u00a0\u00bb sur le recrutement d\u2019un <strong>gardien num\u00e9ro 2<\/strong> au mercato d\u2019hiver.<\/p>\n<p>Ancien footballeur amateur. Actuellement Journaliste TV &amp; Web. Passionn\u00e9 de foot, de voyages et de lecture je suis un inconditionnel de Manchester United.<\/p>\n<p><script async src=\"https:\/\/platform.twitter.com\/widgets.js\" charset=\"utf-8\"><\/script><\/p>\n","protected":false},"excerpt":{"rendered":"Alors que le RC Lens s\u2019appr\u00eate \u00e0 recevoir Auxerre pour consolider sa place de leader en Ligue 1,&hellip;\n","protected":false},"author":2,"featured_media":667222,"comment_status":"","ping_status":"","sticky":false,"template":"","format":"standard","meta":{"footnotes":""},"categories":[1410],"tags":[63,1011,27,60],"class_list":{"0":"post-667221","1":"post","2":"type-post","3":"status-publish","4":"format-standard","5":"has-post-thumbnail","7":"category-football","8":"tag-football","9":"tag-fr","10":"tag-france","11":"tag-sports"},"share_on_mastodon":{"url":"https:\/\/pubeurope.com\/@fr\/115903695712949252","error":""},"_links":{"self":[{"href":"https:\/\/www.europesays.com\/fr\/wp-json\/wp\/v2\/posts\/667221","targetHints":{"allow":["GET"]}}],"collection":[{"href":"https:\/\/www.europesays.com\/fr\/wp-json\/wp\/v2\/posts"}],"about":[{"href":"https:\/\/www.europesays.com\/fr\/wp-json\/wp\/v2\/types\/post"}],"author":[{"embeddable":true,"href":"https:\/\/www.europesays.com\/fr\/wp-json\/wp\/v2\/users\/2"}],"replies":[{"embeddable":true,"href":"https:\/\/www.europesays.com\/fr\/wp-json\/wp\/v2\/comments?post=667221"}],"version-history":[{"count":0,"href":"https:\/\/www.europesays.com\/fr\/wp-json\/wp\/v2\/posts\/667221\/revisions"}],"wp:featuredmedia":[{"embeddable":true,"href":"https:\/\/www.europesays.com\/fr\/wp-json\/wp\/v2\/media\/667222"}],"wp:attachment":[{"href":"https:\/\/www.europesays.com\/fr\/wp-json\/wp\/v2\/media?parent=667221"}],"wp:term":[{"taxonomy":"category","embeddable":true,"href":"https:\/\/www.europesays.com\/fr\/wp-json\/wp\/v2\/categories?post=667221"},{"taxonomy":"post_tag","embeddable":true,"href":"https:\/\/www.europesays.com\/fr\/wp-json\/wp\/v2\/tags?post=667221"}],"curies":[{"name":"wp","href":"https:\/\/api.w.org\/{rel}","templated":true}]}}