{"id":667223,"date":"2026-01-16T07:53:11","date_gmt":"2026-01-16T07:53:11","guid":{"rendered":"https:\/\/www.europesays.com\/fr\/667223\/"},"modified":"2026-01-16T07:53:11","modified_gmt":"2026-01-16T07:53:11","slug":"julio-iglesias-denonce-des-accusations-absolument-fausses-apres-les-plaintes-dex-employees-pour-des-faits-relevant-de-la-traite-detres-humains","status":"publish","type":"post","link":"https:\/\/www.europesays.com\/fr\/667223\/","title":{"rendered":"Julio Iglesias d\u00e9nonce des \u00ab\u00a0accusations absolument fausses\u00a0\u00bb, apr\u00e8s les plaintes d\u2019ex-employ\u00e9es pour des faits relevant de la \u00ab\u00a0traite d\u2019\u00eatres humains\u00a0\u00bb et des d\u00e9lits \u00ab\u00a0sexuels\u00a0\u00bb"},"content":{"rendered":"\n<p class=\"article__paragraph  \">Dans un message publi\u00e9 dans la nuit du jeudi\u00a015\u00a0au vendredi 16\u00a0janvier, le chanteur espagnol Julio Iglesias a d\u00e9nonc\u00e9 des \u00ab\u00a0accusations absolument fausses\u00a0\u00bb <a href=\"https:\/\/www.lemonde.fr\/international\/article\/2026\/01\/14\/julio-iglesias-vise-par-des-plaintes-relevant-des-faits-de-traite-des-etres-humains-et-de-delits-sexuels_6662140_3210.html\" target=\"_blank\" rel=\"noopener\">\u00e0 propos des plaintes de deux ex-employ\u00e9es d\u00e9non\u00e7ant des d\u00e9lits sexuels et des faits de traite d\u2019\u00eatres humains<\/a>.<\/p>\n<p class=\"article__paragraph  \">\u00ab\u00a0Je nie avoir abus\u00e9, contraint ou manqu\u00e9 de respect \u00e0 quelque femme que ce soit. Ces accusations sont absolument fausses et m\u2019attristent profond\u00e9ment\u00a0\u00bb, <a href=\"https:\/\/www.instagram.com\/p\/DTjlq18jJsR\/?utm_source=ig_web_copy_link&amp;igsh=MzRlODBiNWFlZA==\" target=\"_blank\" rel=\"noopener\" title=\"Nouvelle fen\u00eatre\">assure sur Instagram le chanteur de 82\u00a0ans,<\/a> dont c\u2019est la premi\u00e8re r\u00e9action depuis que l\u2019affaire a \u00e9clat\u00e9 mardi. Il fait aussi valoir sa \u00ab\u00a0profonde tristesse\u00a0\u00bb de devoir r\u00e9pondre \u00ab\u00a0aux accusations formul\u00e9es par deux personnes qui ont auparavant travaill\u00e9 chez [lui]\u00a0\u00bb.<\/p>\n<p class=\"article__paragraph  \">\u00ab\u00a0Je n\u2019avais jamais ressenti une telle malveillance, mais j\u2019ai encore la force pour faire conna\u00eetre aux gens toute la v\u00e9rit\u00e9 et pour d\u00e9fendre ma dignit\u00e9 face \u00e0 un grief aussi grave\u00a0\u00bb, ajoute-t-il dans ce message.<\/p>\n<p class=\"article__paragraph  \">Julio Iglesias est accus\u00e9 d\u2019avoir \u00ab\u00a0agress\u00e9 et harcel\u00e9 sexuellement\u00a0\u00bb, entre janvier et octobre\u00a02021, deux femmes, alors \u00e2g\u00e9es de 22 et 28\u00a0ans, et de leur avoir impos\u00e9 des conditions de travail abusives dans ses r\u00e9sidences de la R\u00e9publique dominicaine et des Bahamas, ont expliqu\u00e9 mercredi les associations Women\u2019s Link Worldwide et Amnesty International, qui accompagnent les deux ex-employ\u00e9es.<\/p>\n<p>                    Une plainte d\u00e9pos\u00e9e le 5\u00a0janvier                    <\/p>\n<p class=\"article__paragraph  \">La plainte d\u00e9pos\u00e9e le 5\u00a0janvier par les deux femmes aupr\u00e8s de la justice espagnole rel\u00e8ve notamment \u00ab\u00a0de faits \u201csusceptibles de constituer un d\u00e9lit de traite d\u2019\u00eatres humains en vue d\u2019imposer le travail forc\u00e9 et la servitude\u201d, d\u2019\u201catteintes \u00e0 la libert\u00e9 et \u00e0 l\u2019int\u00e9grit\u00e9 sexuelles telles que le harc\u00e8lement sexuel\u201d, ainsi que d\u2019un d\u00e9lit de coups et blessures et des atteintes au droit du travail\u00a0\u00bb, ont pr\u00e9cis\u00e9 ces associations.<\/p>\n<p class=\"article__paragraph  \">Mardi, la cha\u00eene de t\u00e9l\u00e9vision am\u00e9ricaine Univision et le m\u00e9dia en ligne espagnol ElDiario.es avaient publi\u00e9 une longue enqu\u00eate autour des t\u00e9moignages de ces deux femmes, employ\u00e9e de maison et physioth\u00e9rapeute du chanteur \u00e0 l\u2019\u00e9poque des faits. Elles y assurent notamment avoir \u00e9t\u00e9 victimes d\u2019agressions sexuelles et de harc\u00e8lement sexuel de la part du chanteur. L\u2019une d\u2019elles d\u00e9crit aussi aux deux m\u00e9dias des faits pouvant \u00eatre qualifi\u00e9s de viols.<\/p>\n<p class=\"article__paragraph  \">Lors d\u2019une conf\u00e9rence de presse commune mercredi, Women\u2019s Link Worldwide et Amnesty International ont ajout\u00e9 que les deux plaignantes allaient \u00eatre prochainement entendues par la justice espagnole, qui leur \u00ab\u00a0a accord\u00e9 le statut de t\u00e9moins prot\u00e9g\u00e9s\u00a0\u00bb.<\/p>\n<p class=\"author__detail\">  Le Monde avec AFP  <\/p>\n<p>                   <script async src=\"\/\/www.instagram.com\/embed.js\"><\/script><\/p>\n","protected":false},"excerpt":{"rendered":"Dans un message publi\u00e9 dans la nuit du jeudi\u00a015\u00a0au vendredi 16\u00a0janvier, le chanteur espagnol Julio Iglesias a d\u00e9nonc\u00e9&hellip;\n","protected":false},"author":2,"featured_media":667224,"comment_status":"","ping_status":"","sticky":false,"template":"","format":"standard","meta":{"footnotes":""},"categories":[1359],"tags":[58,59,1011,27,973],"class_list":{"0":"post-667223","1":"post","2":"type-post","3":"status-publish","4":"format-standard","5":"has-post-thumbnail","7":"category-people","8":"tag-divertissement","9":"tag-entertainment","10":"tag-fr","11":"tag-france","12":"tag-people"},"share_on_mastodon":{"url":"https:\/\/pubeurope.com\/@fr\/115903699784175833","error":""},"_links":{"self":[{"href":"https:\/\/www.europesays.com\/fr\/wp-json\/wp\/v2\/posts\/667223","targetHints":{"allow":["GET"]}}],"collection":[{"href":"https:\/\/www.europesays.com\/fr\/wp-json\/wp\/v2\/posts"}],"about":[{"href":"https:\/\/www.europesays.com\/fr\/wp-json\/wp\/v2\/types\/post"}],"author":[{"embeddable":true,"href":"https:\/\/www.europesays.com\/fr\/wp-json\/wp\/v2\/users\/2"}],"replies":[{"embeddable":true,"href":"https:\/\/www.europesays.com\/fr\/wp-json\/wp\/v2\/comments?post=667223"}],"version-history":[{"count":0,"href":"https:\/\/www.europesays.com\/fr\/wp-json\/wp\/v2\/posts\/667223\/revisions"}],"wp:featuredmedia":[{"embeddable":true,"href":"https:\/\/www.europesays.com\/fr\/wp-json\/wp\/v2\/media\/667224"}],"wp:attachment":[{"href":"https:\/\/www.europesays.com\/fr\/wp-json\/wp\/v2\/media?parent=667223"}],"wp:term":[{"taxonomy":"category","embeddable":true,"href":"https:\/\/www.europesays.com\/fr\/wp-json\/wp\/v2\/categories?post=667223"},{"taxonomy":"post_tag","embeddable":true,"href":"https:\/\/www.europesays.com\/fr\/wp-json\/wp\/v2\/tags?post=667223"}],"curies":[{"name":"wp","href":"https:\/\/api.w.org\/{rel}","templated":true}]}}