{"id":667225,"date":"2026-01-16T07:54:14","date_gmt":"2026-01-16T07:54:14","guid":{"rendered":"https:\/\/www.europesays.com\/fr\/667225\/"},"modified":"2026-01-16T07:54:14","modified_gmt":"2026-01-16T07:54:14","slug":"je-nai-jamais-donne-mon-accord-des-photographes-internationaux-denoncent-lutilisation-de-leurs-oeuvres-par-un-photographe-toulousain","status":"publish","type":"post","link":"https:\/\/www.europesays.com\/fr\/667225\/","title":{"rendered":"\u00ab\u00a0Je n\u2019ai jamais donn\u00e9 mon accord\u00a0\u00bb: des photographes internationaux d\u00e9noncent l\u2019utilisation de leurs \u0153uvres par un photographe toulousain"},"content":{"rendered":"<p>\n                                                                    l&rsquo;essentiel<br \/>\n                                                                Un dossier anonyme transmis \u00e0 la r\u00e9daction met en cause Philippe Choteau, photographe bas\u00e9 \u00e0 Toulouse, accus\u00e9 d\u2019avoir utilis\u00e9 et expos\u00e9 des \u0153uvres attribu\u00e9es \u00e0 de grands noms de la photographie internationale. Plusieurs artistes \u00e9trangers d\u00e9noncent une utilisation non autoris\u00e9e de leurs clich\u00e9s, certains prim\u00e9s, pr\u00e9sent\u00e9s lors d\u2019expositions publiques dans le Tarn-et-Garonne et la Haute-Garonne.\n                            <\/p>\n<p>Il y a quelques jours, un \u00e9pais dossier contenant de nombreuses photographies est parvenu \u00e0 la r\u00e9daction. Un informateur anonyme y accuse un photographe professionnel toulousain, Philippe Choteau, de plagiat au d\u00e9triment de plusieurs figures reconnues de la photographie internationale. Les images incrimin\u00e9es seraient commercialis\u00e9es sur son site internet et pr\u00e9sent\u00e9es lors d\u2019expositions publiques.<\/p>\n<p>C\u2019est notamment le cas cette semaine \u00e0 Castelsarrasin, o\u00f9 la municipalit\u00e9 accueille l\u2019exposition <a href=\"https:\/\/www.ladepeche.fr\/2026\/01\/01\/ne-manquez-pas-les-photos-de-philippe-choteau-13139215.php\" target=\"_self\" rel=\"noopener\">\u00ab\u00a0Bijoux d\u2019eau sur ailes et p\u00e9tales\u00a0\u00bb<\/a>. En mars et avril, une autre exposition intitul\u00e9e <a href=\"https:\/\/www.sicoval.fr\/evenements\/exposition-philippe-choteau\/\" target=\"_self\" rel=\"noopener\">\u00ab\u00a0Entre fleurs et lumi\u00e8res. Instants suspendus\u00a0\u00bb<\/a>, est \u00e9galement programm\u00e9e \u00e0 Castanet-Tolosan. L\u2019affiche promotionnelle de cette derni\u00e8re met en avant une photographie pr\u00e9sentant de fortes similitudes avec une \u0153uvre de la photographe japonaise <a href=\"https:\/\/www.instagram.com\/mikiwaterdrops\/\" target=\"_self\" rel=\"noopener\">Miki Asai<\/a>, sp\u00e9cialis\u00e9e dans les d\u00e9tails invisibles\u00a0: gouttes d\u2019eau, fleurs et insectes, et plusieurs fois prim\u00e9e pour son travail.<\/p>\n<p class=\"std-elt__inline\">\n        <strong>\u00c0 lire aussi :<\/strong><br \/>\n        <a href=\"https:\/\/www.ladepeche.fr\/2025\/05\/04\/cest-un-veritable-pillage-industriel-un-artiste-toulousain-accuse-de-plagiat-une-star-mondiale-de-lart-contemporain-12667972.php\" target=\"_blank\" rel=\"noopener\">\u00ab\u00a0C\u2019est un v\u00e9ritable pillage industriel\u00a0\u00bb\u00a0: un artiste toulousain accuse de plagiat une star mondiale de l\u2019art contemporain<\/a>\n    <\/p>\n<p>Parmi les artistes concern\u00e9s figure \u00e9galement Alberto Ghizzi Panizza, photographe professionnel italien au palmar\u00e8s international. Certaines images attribu\u00e9es \u00e0 Philippe Choteau reprendraient en effet des clich\u00e9s prim\u00e9s, dont \u00ab\u00a0Orn\u00e9es de ros\u00e9e\u00a0\u00bb, repr\u00e9sentant une libellule en gros plan couverte de gouttes d\u2019eau, r\u00e9compens\u00e9e par un premier prix de l\u2019International <a href=\"https:\/\/igpoty.com\/competition-entries\/cewb-410\/\" target=\"_self\" rel=\"noopener\">Garden Photographer of the Year<\/a>.<\/p>\n<p>        <img decoding=\"async\" class=\"std-img__img responsive-img\" src=\"https:\/\/www.europesays.com\/fr\/wp-content\/uploads\/2026\/01\/1768550052_454_image.png\" alt=\"Cette photo a \u00e9t\u00e9 r\u00e9compens\u00e9e d\u2019un premier prix de l\u2019International Garden Photographer of the Year.\"\/><\/p>\n<p>                Cette photo a \u00e9t\u00e9 r\u00e9compens\u00e9e d\u2019un premier prix de l\u2019International Garden Photographer of the Year.<br \/>\n                                    Capture d&rsquo;\u00e9cran.<\/p>\n<p>Contact\u00e9, le photographe italien fait part de sa vive indignation\u00a0:<br \/>\u00ab\u00a0Je confirme que les images auxquelles vous faites r\u00e9f\u00e9rence sont bien des photographies que j\u2019ai prises. Je n\u2019\u00e9tais absolument pas au courant de leur utilisation lors de l\u2019exposition que vous mentionnez et je n\u2019ai jamais donn\u00e9 d\u2019autorisation, \u00e9crite ou verbale, pour leur diffusion ou leur attribution \u00e0 des tiers, et encore moins sous le nom d\u2019un autre auteur.\u00a0\u00bb L\u2019artiste indique avoir fait des signalements \u00ab\u00a0aupr\u00e8s des autorit\u00e9s comp\u00e9tentes\u00a0\u00bb.<\/p>\n<p>        <img decoding=\"async\" class=\"std-img__img responsive-img\" src=\"https:\/\/www.europesays.com\/fr\/wp-content\/uploads\/2026\/01\/1768550053_185_image.jpg\" alt=\"A gauche, la photo d\u2019Alberto Ghizzi Panizza et \u00e0 droite celle affich\u00e9e sur le site de Philippe Choteau. Les deux photographies sont identiques.\"\/><\/p>\n<p>                A gauche, la photo d\u2019Alberto Ghizzi Panizza et \u00e0 droite celle affich\u00e9e sur le site de Philippe Choteau. Les deux photographies sont identiques.<br \/>\n                                    DDM V\u00e9ronique Blanc<\/p>\n<p>Le photographe bulgare Tsvetan Ganev, dont certaines photographies artistiques d\u2019insectes auraient \u00e9galement \u00e9t\u00e9 utilis\u00e9es, d\u00e9plore une situation r\u00e9currente\u00a0: \u00ab\u00a0Malheureusement, il arrive souvent que mes photos soient vol\u00e9es et republi\u00e9es par d\u2019autres.\u00a0\u00bb Il rel\u00e8ve toutefois une particularit\u00e9 dans son cas\u00a0: \u00ab\u00a0Apparemment, certains sujets ont simplement \u00e9t\u00e9 retourn\u00e9s avant d\u2019\u00eatre republi\u00e9s\u00a0\u00bb, observe-t-il, \u00e9voquant notamment <a href=\"https:\/\/35photo.pro\/photo_9019419\/?fbclid=IwY2xjawPTRgFleHRuA2FlbQIxMABicmlkETBHZHdhV2RNcUxtZGhuN0Iwc3J0YwZhcHBfaWQQMjIyMDM5MTc4ODIwMDg5MgABHq3Jgr7sswHe2u2V8WoFkEjNvuxghmw0t9Uz4WBmlYk_Gv903TS1HWik0jJj_aem_4ncPULb5CP2Je75GmFai7g\" target=\"_self\" rel=\"noopener\">une image de mouche dans un univers onirique<\/a>, modifi\u00e9e par un changement de sens. \u00ab\u00a0Depuis la Bulgarie, je ne sais pas comment porter plainte m\u00eame si je ne souhaite pas qu\u2019il utilise mes photos.\u00a0\u00bb<\/p>\n<p>        <img decoding=\"async\" class=\"std-img__img responsive-img\" src=\"https:\/\/www.europesays.com\/fr\/wp-content\/uploads\/2026\/01\/1768550054_384_image.jpg\" alt=\"Cette photo de Tsvetan Ganev a \u00e9t\u00e9 r\u00e9compens\u00e9e par un prix de l\u2019International Garden Photographer of the Year.\"\/><\/p>\n<p>                Cette photo de Tsvetan Ganev a \u00e9t\u00e9 r\u00e9compens\u00e9e par un prix de l\u2019International Garden Photographer of the Year.<br \/>\n                                    Capture d&rsquo;\u00e9cran.<\/p>\n<p>Sollicit\u00e9 \u00e0 plusieurs reprises afin de r\u00e9pondre \u00e0 ces accusations de plagiat, Philippe Choteau n\u2019a pas donn\u00e9 suite \u00e0 nos demandes. Les galeries photos ont \u00e9t\u00e9 supprim\u00e9es de son site Internet peu de temps apr\u00e8s notre sollicitation.<\/p>\n<p>Selon <a href=\"https:\/\/www.legifrance.gouv.fr\/codes\/article_lc\/LEGIARTI000032655082\" target=\"_self\" rel=\"noopener\">le Code de la propri\u00e9t\u00e9 intellectuelle<\/a>, \u00ab\u00a0toute \u00e9dition d\u2019\u00e9crits, de composition musicale, de dessin, de peinture ou de toute autre production, imprim\u00e9e ou grav\u00e9e en entier ou en partie, au m\u00e9pris des lois et r\u00e8glements relatifs \u00e0 la propri\u00e9t\u00e9 des auteurs, est une contrefa\u00e7on et toute contrefa\u00e7on est un d\u00e9lit. La contrefa\u00e7on en France d\u2019ouvrages publi\u00e9s en France ou \u00e0 l\u2019\u00e9tranger est punie de trois ans d\u2019emprisonnement et de 300\u00a0000\u00a0euros d\u2019amende.\u00a0\u00bb<\/p>\n<p>                                                                                                                                                                                                        <script async src=\"\/\/www.instagram.com\/embed.js\"><\/script><\/p>\n","protected":false},"excerpt":{"rendered":"l&rsquo;essentiel Un dossier anonyme transmis \u00e0 la r\u00e9daction met en cause Philippe Choteau, photographe bas\u00e9 \u00e0 Toulouse, accus\u00e9&hellip;\n","protected":false},"author":2,"featured_media":667226,"comment_status":"","ping_status":"","sticky":false,"template":"","format":"standard","meta":{"footnotes":""},"categories":[1358],"tags":[1348,1384,1385,1386,58,59,1011,27,329,2722,1857,2312],"class_list":{"0":"post-667225","1":"post","2":"type-post","3":"status-publish","4":"format-standard","5":"has-post-thumbnail","7":"category-arts-et-design","8":"tag-arts","9":"tag-arts-and-design","10":"tag-arts-et-design","11":"tag-design","12":"tag-divertissement","13":"tag-entertainment","14":"tag-fr","15":"tag-france","16":"tag-france-monde","17":"tag-haute-garonne","18":"tag-sociu00e9tu00e9","19":"tag-toulouse"},"share_on_mastodon":{"url":"https:\/\/pubeurope.com\/@fr\/115903703630472937","error":""},"_links":{"self":[{"href":"https:\/\/www.europesays.com\/fr\/wp-json\/wp\/v2\/posts\/667225","targetHints":{"allow":["GET"]}}],"collection":[{"href":"https:\/\/www.europesays.com\/fr\/wp-json\/wp\/v2\/posts"}],"about":[{"href":"https:\/\/www.europesays.com\/fr\/wp-json\/wp\/v2\/types\/post"}],"author":[{"embeddable":true,"href":"https:\/\/www.europesays.com\/fr\/wp-json\/wp\/v2\/users\/2"}],"replies":[{"embeddable":true,"href":"https:\/\/www.europesays.com\/fr\/wp-json\/wp\/v2\/comments?post=667225"}],"version-history":[{"count":0,"href":"https:\/\/www.europesays.com\/fr\/wp-json\/wp\/v2\/posts\/667225\/revisions"}],"wp:featuredmedia":[{"embeddable":true,"href":"https:\/\/www.europesays.com\/fr\/wp-json\/wp\/v2\/media\/667226"}],"wp:attachment":[{"href":"https:\/\/www.europesays.com\/fr\/wp-json\/wp\/v2\/media?parent=667225"}],"wp:term":[{"taxonomy":"category","embeddable":true,"href":"https:\/\/www.europesays.com\/fr\/wp-json\/wp\/v2\/categories?post=667225"},{"taxonomy":"post_tag","embeddable":true,"href":"https:\/\/www.europesays.com\/fr\/wp-json\/wp\/v2\/tags?post=667225"}],"curies":[{"name":"wp","href":"https:\/\/api.w.org\/{rel}","templated":true}]}}