{"id":667227,"date":"2026-01-16T07:56:11","date_gmt":"2026-01-16T07:56:11","guid":{"rendered":"https:\/\/www.europesays.com\/fr\/667227\/"},"modified":"2026-01-16T07:56:11","modified_gmt":"2026-01-16T07:56:11","slug":"yann-barthes-pessimiste-sur-la-participati","status":"publish","type":"post","link":"https:\/\/www.europesays.com\/fr\/667227\/","title":{"rendered":"Yann Barth\u00e8s pessimiste sur la participati &#8230;"},"content":{"rendered":"<p>EN BREF<\/p>\n<ul class=\"bloc_resume_post_list\">\n<li>Le 23 janvier 2026, Camille Combal lance la quinzi\u00e8me<br \/>\nsaison de Danse avec les stars avec douze c\u00e9l\u00e9brit\u00e9s, dont Julien<br \/>\nLieb et Maghla.<\/li>\n<li>Julien Lieb danse avec Elsa Bois, tandis que Maghla est<br \/>\nassoci\u00e9e \u00e0 Adrien Caby pour cette nouvelle \u00e9dition.<\/li>\n<li>Yann Barth\u00e8s \u00e9met des doutes sur la capacit\u00e9 de Julien<br \/>\nLieb \u00e0 concilier sa tourn\u00e9e musicale avec sa participation \u00e0<br \/>\nl\u00a0\u00bb\u00e9mission.<\/li>\n<\/ul>\n<p class=\"p1\"><a href=\"https:\/\/www.telestar.fr\/actu_tv\/danse-avec-les-stars-candice-pascal-evincee-elle-aussi-du-programme-1751022\" target=\"_blank\" rel=\"noopener\"><br \/>\nLe vendredi 23 janvier 2026, Camille Combal donnera le coup d&rsquo;envoi<br \/>\nde la quinzi\u00e8me saison de Danse avec les stars.<\/a> Le casting de<br \/>\ncette nouvelle \u00e9dition r\u00e9unira douze c\u00e9l\u00e9brit\u00e9s au total. Le<br \/>\ncasting se composera de l&rsquo;animateur St\u00e9phane Bern, l&rsquo;humoriste<br \/>\nSamuel Bambi, de l&rsquo;ancien Acad\u00e9micien Julien Lieb l&rsquo;acteur Philippe<br \/>\nLellouche, l&rsquo;animatrice Juju Fitcats, de la streameuse Maghla, la<br \/>\nnageuse Laura Manaudou, le com\u00e9dien Ian Ziering, du cr\u00e9ateur de<br \/>\ncontenus Marcus, l&rsquo;ex-Miss France Ang\u00e9lique Angarni-Filopon, Emma<br \/>\net Lucie Bernardoni de la Star Academy.<\/p>\n<p class=\"p1\">Apr\u00e8s avoir appris que Christophe Licata aura pour<br \/>\npartenaire de danse\u00a0la r\u00e9p\u00e9titrice de la Star Ac, d&rsquo;autres<br \/>\nbin\u00f4mes ont \u00e9t\u00e9 r\u00e9v\u00e9l\u00e9s ce jeudi 15 janvier. Yann Barth\u00e8s a indiqu\u00e9<br \/>\nque <strong>Julien Lieb foulerait le parquet au bras d&rsquo;Elsa<br \/>\nBois<\/strong>. <strong>Maghla participera \u00e0 la comp\u00e9tition avec<br \/>\nAdrien Caby<\/strong>, tandis que <strong>Marcus aura l&rsquo;honneur de<br \/>\ndanser avec Beyonc\u00e9<\/strong> lors du prime inaugural.<\/p>\n<p>Danse avec les stars : cette sombre pr\u00e9diction de<br \/>\nYann Barth\u00e8s pour Julien Lieb<\/p>\n<p class=\"p1\"><strong>Hier soir, Yann Barth\u00e8s recevait Marcus,<br \/>\nMaghla et Julien Lieb dans Quotidien.<\/strong> L&rsquo;ex-finaliste de la<br \/>\nStar Academy face \u00e0 Pierre Garnier a une actualit\u00e9 tr\u00e8s charg\u00e9e.<br \/>\nAlors que son premier album cartonne, le chanteur sort son nouveau<br \/>\nsingle, ce vendredi 16 janvier. Il s&rsquo;agit d&rsquo;un titre intitul\u00e9,<br \/>\nLa derni\u00e8re chanson, interpr\u00e9t\u00e9 en duo avec avec Laura<br \/>\nPausini.<\/p>\n<p class=\"p1\">S&rsquo;il s&rsquo;appr\u00eate \u00e0 participer \u00e0 Danse avec les stars,<br \/>\n<a href=\"https:\/\/www.telestar.fr\/tele_realite\/julien-lieb-star-academy-prend-trop-la-confiance-sur-scene-jai-regrette-a-la-seconde-ou-je-lai-dit-1741619\" target=\"_blank\" rel=\"noopener\"><br \/>\nJulien Lieb<\/a> n&rsquo;en a pas fini avec la sc\u00e8ne. <strong>\u00ab\u00a0On est<br \/>\nencore en tourn\u00e9e pendant DALS\u00a0\u00bb<\/strong>, a-t-il r\u00e9v\u00e9l\u00e9. Ce<br \/>\nqui n&rsquo;a pas manqu\u00e9 d&rsquo;intriguer Yann Barth\u00e8s : \u00ab\u00a0Du coup, vous<br \/>\nallez faire comment ?\u00a0\u00bb Le jeune homme a pr\u00e9f\u00e9r\u00e9 r\u00e9pondre sur<br \/>\nle ton de l&rsquo;humour : \u00ab\u00a0Je vais mourir, je pense. Mais \u00e7a va le<br \/>\nfaire\u00a0\u00bb. L&rsquo;animateur s&rsquo;est alors montr\u00e9 plut\u00f4t pessimiste.<br \/>\n<strong>\u00ab\u00a0Du coup, vous allez perdre\u00a0\u00bb<\/strong>, a-t-il<br \/>\nbalanc\u00e9. L&rsquo;ex-camarade de Pierre Garnier ne s&rsquo;est pas laiss\u00e9<br \/>\nd\u00e9monter : \u00ab\u00a0<strong>On part pas dans l&rsquo;id\u00e9e de perdre<\/strong>.<br \/>\nJe vais tout faire pour aller au bout\u00a0\u00bb.<\/p>\n<p>Danse avec les stars : Julien Lieb<br \/>\nest-il pr\u00eat \u00e0 danser ?<\/p>\n<p class=\"p1\">La quinzi\u00e8me saison de DALS s&rsquo;annonce riche en<br \/>\nrebondissements. <a href=\"https:\/\/www.telestar.fr\/tele_realite\/danse-avec-les-stars-surprise-les-premiers-binomes-ont-ete-devoiles-1751037\" target=\"_blank\" rel=\"noopener\"><br \/>\nD&rsquo;apr\u00e8s les informations recueillies par Yann Barth\u00e8s jeudi soir,<br \/>\nJulien Lieb a d\u00e9j\u00e0 commenc\u00e9 \u00e0 s&rsquo;entra\u00eener en vue de mettre le feu<br \/>\nau parquet.<\/a> \u00ab\u00a0<strong>J&rsquo;ai la chance de danser avec Elsa<br \/>\nBois<\/strong>. La pression que \u00e7a met&#8230; On a commenc\u00e9 \u00e0 r\u00e9p\u00e9ter.<br \/>\nElle m&rsquo;a dit qu&rsquo;on partait de loin, mais que j&rsquo;\u00e9tais d\u00e9termin\u00e9 et<br \/>\nque j&rsquo;avais du mental, donc que \u00e7a allait le faire\u00a0\u00bb, a confi\u00e9<br \/>\nle chanteur.<\/p>\n<p class=\"p1\">Pour sa part, <strong>Maghla<\/strong> se r\u00e9jouit de<br \/>\nconcourir <strong>en compagnie d&rsquo;Adrien Caby<\/strong>. \u00ab\u00a0C&rsquo;est<br \/>\navec lui que j&rsquo;avais fait le casting de base. Et \u00e7a s&rsquo;\u00e9tait super<br \/>\nbien pass\u00e9. Donc <strong>c&rsquo;est avec lui que je voulais<br \/>\ndanser<\/strong> \u00e9galement\u00a0\u00bb, a-t-elle fait savoir \u00e0 Yann<br \/>\nBarth\u00e8s, saluant au passage les qualit\u00e9s de son partenaire de danse<br \/>\n: \u00ab\u00a0C&rsquo;est tr\u00e8s cool, il est adorable, tr\u00e8s dr\u00f4le, il fait<br \/>\nbeaucoup de blagues\u00a0\u00bb.<\/p>\n","protected":false},"excerpt":{"rendered":"EN BREF Le 23 janvier 2026, Camille Combal lance la quinzi\u00e8me saison de Danse avec les stars avec&hellip;\n","protected":false},"author":2,"featured_media":667228,"comment_status":"","ping_status":"","sticky":false,"template":"","format":"standard","meta":{"footnotes":""},"categories":[1356],"tags":[548,194,58,59,1011,27,4004,252,1364,1405],"class_list":{"0":"post-667227","1":"post","2":"type-post","3":"status-publish","4":"format-standard","5":"has-post-thumbnail","7":"category-television","8":"tag-article-simple","9":"tag-danse-avec-les-stars","10":"tag-divertissement","11":"tag-entertainment","12":"tag-fr","13":"tag-france","14":"tag-julien-dore","15":"tag-television","16":"tag-tv","17":"tag-yann-barthes"},"share_on_mastodon":{"url":"https:\/\/pubeurope.com\/@fr\/115903711522276685","error":""},"_links":{"self":[{"href":"https:\/\/www.europesays.com\/fr\/wp-json\/wp\/v2\/posts\/667227","targetHints":{"allow":["GET"]}}],"collection":[{"href":"https:\/\/www.europesays.com\/fr\/wp-json\/wp\/v2\/posts"}],"about":[{"href":"https:\/\/www.europesays.com\/fr\/wp-json\/wp\/v2\/types\/post"}],"author":[{"embeddable":true,"href":"https:\/\/www.europesays.com\/fr\/wp-json\/wp\/v2\/users\/2"}],"replies":[{"embeddable":true,"href":"https:\/\/www.europesays.com\/fr\/wp-json\/wp\/v2\/comments?post=667227"}],"version-history":[{"count":0,"href":"https:\/\/www.europesays.com\/fr\/wp-json\/wp\/v2\/posts\/667227\/revisions"}],"wp:featuredmedia":[{"embeddable":true,"href":"https:\/\/www.europesays.com\/fr\/wp-json\/wp\/v2\/media\/667228"}],"wp:attachment":[{"href":"https:\/\/www.europesays.com\/fr\/wp-json\/wp\/v2\/media?parent=667227"}],"wp:term":[{"taxonomy":"category","embeddable":true,"href":"https:\/\/www.europesays.com\/fr\/wp-json\/wp\/v2\/categories?post=667227"},{"taxonomy":"post_tag","embeddable":true,"href":"https:\/\/www.europesays.com\/fr\/wp-json\/wp\/v2\/tags?post=667227"}],"curies":[{"name":"wp","href":"https:\/\/api.w.org\/{rel}","templated":true}]}}