{"id":667229,"date":"2026-01-16T07:57:13","date_gmt":"2026-01-16T07:57:13","guid":{"rendered":"https:\/\/www.europesays.com\/fr\/667229\/"},"modified":"2026-01-16T07:57:13","modified_gmt":"2026-01-16T07:57:13","slug":"exclu-celine-dion-regle-dor-ne-lui-vole-jamais-lautobiographie-au-vitriol-qui-egratigne-rene-angelil","status":"publish","type":"post","link":"https:\/\/www.europesays.com\/fr\/667229\/","title":{"rendered":"EXCLU. C\u00e9line Dion : \u00ab\u00a0R\u00e8gle d\u2019or, ne lui vole jamais\u2026\u00a0\u00bb, l\u2019autobiographie au vitriol qui \u00e9gratigne Ren\u00e9 Ang\u00e9lil"},"content":{"rendered":"<p>C\u2019est le livre qui secoue le monde de la musique ! L\u2019ancien bras<br \/>\ndroit de Ren\u00e9 Ang\u00e9lil, Vito Luprano, vient de d\u00e9voiler It\u2019s All<br \/>\nComing Back To Me\u2026 De mes humbles d\u00e9buts \u00e0 la vraie<br \/>\nhistoire derri\u00e8re la carri\u00e8re de C\u00e9line Dion, une<br \/>\nautobiographie dans laquelle il fait des confidences<br \/>\nexplosives.<\/p>\n<p>Dans cet ouvrage tr\u00e8s personnel, Vito Luprano, qui a \u00e9t\u00e9<br \/>\nvice-pr\u00e9sident de la division A&amp;R de Sony Music Canada et<br \/>\nproducteur ex\u00e9cutif de 21 albums de C\u00e9line Dion, plonge sans filtre<br \/>\ndans plus de 20 ans de vie professionnelle aux c\u00f4t\u00e9s de la diva et<br \/>\nde son c\u00e9l\u00e8bre <a href=\"https:\/\/www.closermag.fr\/people\/celine-dion-31-ans-apres-elle-fete-son-anniversaire-de-mariage-sans-rene-3608185\" target=\"_blank\" rel=\"noopener\"><br \/>\nmari\/manager Ren\u00e9 Ang\u00e9lil<\/a>. Mais selon les informations<br \/>\nexclusives de Closer \u00e0 retrouver en kiosques le vendredi 16<br \/>\njanvier, tout n&rsquo;\u00e9tait pas si rose&#8230;<\/p>\n<p>C\u00e9line Dion : son ex-producteur balance sur le comportement de<br \/>\nRen\u00e9 Ang\u00e9lil<\/p>\n<p>L\u2019ex-collaborateur d\u00e9crit en effet Ren\u00e9 Ang\u00e9lil comme un homme<br \/>\n\u00ab\u00a0charmant et charismatique\u00a0\u00bb mais moins ang\u00e9lique quand on<br \/>\ntravaillait avec lui en coulisses. Plus les ann\u00e9es passaient, plus<br \/>\n\u00ab\u00a0ses vraies couleurs sont ressorties\u00a0\u00bb, affirme Vito Luprano. Il<br \/>\n\u00e9voque \u00e9galement un homme obs\u00e9d\u00e9 par le contr\u00f4le, voulant que tout<br \/>\nfonctionne absolument selon sa mani\u00e8re. \u00ab\u00a0<strong>Laisse le<br \/>\nprendre tes id\u00e9es \u00e0 ton compte, ne parle que lorsque le risque est<br \/>\nfaible, ne dis que ce qu&rsquo;il veut entendre, et surtout, r\u00e8gle d&rsquo;or,<br \/>\nne lui vole jamais la vedette.<\/strong>\u00a0\u00bb partage-t-il dans ses<br \/>\n\u00e9crits.<\/p>\n<p>Au c\u0153ur des r\u00e9v\u00e9lations les plus controvers\u00e9es : une affaire<br \/>\nautour <a href=\"https:\/\/www.closermag.fr\/people\/vraiment-mechante-les-rumeurs-de-tensions-entre-celine-dion-et-lara-fabian-refont-surface-3611207\" target=\"_blank\" rel=\"noopener\"><br \/>\ndes tensions avec Lara Fabian<\/a>. D\u2019apr\u00e8s Vito Luprano, C\u00e9line<br \/>\nDion aurait menac\u00e9 de quitter Sony Music \u00e0 la fin des ann\u00e9es 1990<br \/>\nsi la maison de disques offrait un contrat \u00e0 la chanteuse pour<br \/>\npercer sur le march\u00e9 am\u00e9ricain, faisant ainsi pression pour<br \/>\nprot\u00e9ger sa propre position. L&rsquo;ex-producteur de C\u00e9line Dion raconte<br \/>\naussi comment il a senti sa propre relation avec Ren\u00e9 Ang\u00e9lil se<br \/>\nd\u00e9t\u00e9riorer au fil du temps, jusqu\u2019\u00e0 son renvoi apr\u00e8s l\u2019album<br \/>\nTaking Chances, un<br \/>\nmoment qu\u2019il d\u00e9crit comme injuste et douloureux.<\/p>\n<p>C\u00e9line Dion : son vibrant hommage pour<br \/>\nles dix ans de la mort de Ren\u00e9 Ang\u00e9lil<\/p>\n<p>Mais ce livre, assure-t-il, n\u2019est pas qu\u2019un r\u00e8glement de comptes<br \/>\n: l\u2019ancien producteur confie l\u2019avoir \u00e9crit \u00ab\u00a0pour se gu\u00e9rir\u00a0\u00bb et<br \/>\npartager sa v\u00e9rit\u00e9, quitte \u00e0 \u00e9gratigner l\u2019image d\u2019un homme qui fut<br \/>\npourtant consid\u00e9r\u00e9 comme l\u2019architecte de la carri\u00e8re de C\u00e9line.<\/p>\n<blockquote class=\"instagram-media\" style=\"background: #ffffff;border: 0;margin: 1px;width: 100%;padding: 0;max-width: 500px;\" data-instgrm-permalink=\"https:\/\/www.instagram.com\/p\/DTgXkjzkfGa\/\" data-instgrm-version=\"14\"\/>\n<p>De son c\u00f4t\u00e9, le 14 janvier, <a href=\"https:\/\/www.closermag.fr\/people\/celine-dion-donne-de-ses-nouvelles-en-video-elle-apparait-rayonnante-et-les-internautes-sont-conquis-3596170\" target=\"_blank\" rel=\"noopener\"><br \/>\nla chanteuse malade<\/a> a c\u00e9l\u00e9br\u00e9 les dix ans de la mort de Ren\u00e9<br \/>\nAng\u00e9lil, qui s\u2019est \u00e9teint \u00e0 Las Vegas le 14 janvier 2016 \u00e0 l\u2019\u00e2ge de<br \/>\n73 ans. \u00ab\u00a0Mon amour, dix ans sans toi<br \/>\nme semblent n&rsquo;avoir \u00e9t\u00e9 qu&rsquo;un jour, et pourtant chaque jour me<br \/>\npara\u00eet une d\u00e9cennie\u2026 Dix ans sans tes caresses, et pourtant chaque<br \/>\njour je sens ta pr\u00e9sence\u2026 Tu nous manques terriblement, mais tu<br \/>\nnous as appris \u00e0 \u00eatre forts.\u00a0\u00bb a-t-elle partag\u00e9 sur Instagram avec<br \/>\n\u00e9motion.<\/p>\n<p><strong>COMMENT ACHETER CLOSER ? Votre magazine est en vente \u00e0<br \/>\npartir du vendredi 16 janvier 2026 chez votre marchand de journaux,<br \/>\nsur <a id=\"OWAedaaa9a4-4d3a-1a5a-c4aa-fc680f8e5d4b\" class=\"x_OWAAutoLink\" title=\"https:\/\/play.google.com\/store\/apps\/details?id=com.immanens.kioskmag&amp;hl=fr\" href=\"https:\/\/play.google.com\/store\/apps\/details?id=com.immanens.kioskmag&amp;hl=fr\" target=\"_blank\" rel=\"noopener noreferrer\" data-mrf-link=\"https:\/\/play.google.com\/store\/apps\/details?id=com.immanens.kioskmag&amp;hl=fr\" data-auth=\"NotApplicable\" data-linkindex=\"1\" data-mrf-recirculation-id=\"Article_7\">Android<\/a>,\u00a0<a id=\"OWA8432edc1-14dd-4bbb-ece8-51270b83803d\" class=\"x_OWAAutoLink\" title=\"https:\/\/apps.apple.com\/fr\/app\/closer-magazine\/id395501531\" href=\"https:\/\/apps.apple.com\/fr\/app\/closer-magazine\/id395501531\" target=\"_blank\" rel=\"noopener noreferrer\" data-mrf-link=\"https:\/\/apps.apple.com\/fr\/app\/closer-magazine\/id395501531\" data-auth=\"NotApplicable\" data-linkindex=\"2\" data-mrf-recirculation-id=\"Article_8\">iPad<\/a>\u00a0et<br \/>\nsur\u00a0<a id=\"OWA2615f2c2-2441-0706-7a52-e399d786b11b\" class=\"x_OWAAutoLink\" title=\"https:\/\/www.kiosquemag.com\/titres\/closer\/offres?utm_source=Closer&amp;utm_medium=article\" href=\"https:\/\/www.kiosquemag.com\/titres\/closer\/offres?utm_source=Closer&amp;utm_medium=article\" target=\"_blank\" rel=\"noopener noreferrer\" data-mrf-link=\"https:\/\/www.kiosquemag.com\/titres\/closer\/offres?utm_source=Closer&amp;utm_medium=article\" data-auth=\"NotApplicable\" data-linkindex=\"3\" data-mrf-recirculation-id=\"Article_9\">KiosqueMag.<\/a><\/strong><\/p>\n<p><script async src=\"\/\/www.instagram.com\/embed.js\"><\/script><\/p>\n","protected":false},"excerpt":{"rendered":"C\u2019est le livre qui secoue le monde de la musique ! L\u2019ancien bras droit de Ren\u00e9 Ang\u00e9lil, Vito&hellip;\n","protected":false},"author":2,"featured_media":667230,"comment_status":"","ping_status":"","sticky":false,"template":"","format":"standard","meta":{"footnotes":""},"categories":[1355],"tags":[21303,58,59,1011,27,70426,1361,873,65861],"class_list":{"0":"post-667229","1":"post","2":"type-post","3":"status-publish","4":"format-standard","5":"has-post-thumbnail","7":"category-musique","8":"tag-buzz_nonli","9":"tag-divertissement","10":"tag-entertainment","11":"tag-fr","12":"tag-france","13":"tag-marfeel_news","14":"tag-music","15":"tag-musique","16":"tag-trend"},"share_on_mastodon":{"url":"https:\/\/pubeurope.com\/@fr\/115903715354183873","error":""},"_links":{"self":[{"href":"https:\/\/www.europesays.com\/fr\/wp-json\/wp\/v2\/posts\/667229","targetHints":{"allow":["GET"]}}],"collection":[{"href":"https:\/\/www.europesays.com\/fr\/wp-json\/wp\/v2\/posts"}],"about":[{"href":"https:\/\/www.europesays.com\/fr\/wp-json\/wp\/v2\/types\/post"}],"author":[{"embeddable":true,"href":"https:\/\/www.europesays.com\/fr\/wp-json\/wp\/v2\/users\/2"}],"replies":[{"embeddable":true,"href":"https:\/\/www.europesays.com\/fr\/wp-json\/wp\/v2\/comments?post=667229"}],"version-history":[{"count":0,"href":"https:\/\/www.europesays.com\/fr\/wp-json\/wp\/v2\/posts\/667229\/revisions"}],"wp:featuredmedia":[{"embeddable":true,"href":"https:\/\/www.europesays.com\/fr\/wp-json\/wp\/v2\/media\/667230"}],"wp:attachment":[{"href":"https:\/\/www.europesays.com\/fr\/wp-json\/wp\/v2\/media?parent=667229"}],"wp:term":[{"taxonomy":"category","embeddable":true,"href":"https:\/\/www.europesays.com\/fr\/wp-json\/wp\/v2\/categories?post=667229"},{"taxonomy":"post_tag","embeddable":true,"href":"https:\/\/www.europesays.com\/fr\/wp-json\/wp\/v2\/tags?post=667229"}],"curies":[{"name":"wp","href":"https:\/\/api.w.org\/{rel}","templated":true}]}}