{"id":667241,"date":"2026-01-16T08:03:10","date_gmt":"2026-01-16T08:03:10","guid":{"rendered":"https:\/\/www.europesays.com\/fr\/667241\/"},"modified":"2026-01-16T08:03:10","modified_gmt":"2026-01-16T08:03:10","slug":"qui-sont-les-principaux-responsables-en-france-attention-aux-idees-recues","status":"publish","type":"post","link":"https:\/\/www.europesays.com\/fr\/667241\/","title":{"rendered":"Qui sont les principaux responsables en France\u00a0? (attention aux id\u00e9es re\u00e7ues)"},"content":{"rendered":"<p>La <a href=\"https:\/\/www.20minutes.fr\/economie\/4195815-20260113-montant-fraudes-sociales-estime-14-milliards-euros-an-passe-chiffre-hausse\" class=\"c-link c-link--is-underlined\" target=\"_blank\" rel=\"noopener\">fraude sociale<\/a> ne se cache pas forc\u00e9ment l\u00e0 o\u00f9 le clich\u00e9 l\u2019attend. Le ph\u00e9nom\u00e8ne repr\u00e9senterait en tout cas une perte annuelle de 14\u00a0milliards d\u2019euros, selon le dernier <a href=\"https:\/\/chrome-extension:\/\/efaidnbmnnnibpcajpcglclefindmkaj\/https:\/\/www.securite-sociale.fr\/files\/live\/sites\/SSFR\/files\/medias\/HCFIPS\/2026\/Note%20annuelle%20de%20suivi%20et%20d&#039;%c3%a9valuation%20des%20fraudes%20sociales%20VF.pdf\" target=\"_blank\" class=\"c-link c-link--is-underlined\">rapport du Haut Conseil du financement de la protection sociale<\/a> (HCFiPS). C\u2019est un milliard d\u2019euros en plus que la pr\u00e9c\u00e9dente estimation, r\u00e9alis\u00e9e en\u00a02024.<\/p>\n<p>Ce chiffre \u00e0 la hausse n\u2019est pas li\u00e9 \u00e0 une explosion des comportements frauduleux. Elle est le fruit d\u2019une meilleure traque des organismes, mais aussi de l\u2019inflation et de la hausse des prestations.\u200b Et derri\u00e8re cette facture \u00e0 plusieurs milliards d\u2019euros de la fraude sociale, ce sont les <a href=\"https:\/\/www.20minutes.fr\/dossier\/entreprise\" class=\"c-link c-link--is-underlined\" target=\"_blank\" rel=\"noopener\">entreprises<\/a> et les travailleurs ind\u00e9pendants, devant les <a href=\"https:\/\/www.20minutes.fr\/societe\/4164219-20250718-rsa-annee-blanche-annoncee-gouvernement-pourrait-couter-jusqu-21-euros-mois-allocataires\" class=\"c-link c-link--is-underlined\" target=\"_blank\" rel=\"noopener\">allocataires<\/a> individuels et les professionnels de sant\u00e9, qui concentrent l\u2019essentiel du manque \u00e0 gagner.\u200b<\/p>\n<p class=\"mb-m@xs text-l@xs\">En cliquant sur\u00ab J\u2019accepte \u00bb, vous acceptez le d\u00e9p\u00f4t de cookies par des services externes et aurez ainsi acc\u00e8s aux contenus de nos partenaires.<\/p>\n<p class=\"mb-xl@xs text-s@xs\">Plus d\u2019informations sur la page<a href=\"https:\/\/www.20minutes.fr\/gestion-cookies\" class=\"mx-xxs@xs color-ultramarine\" target=\"_blank\" rel=\"noopener\">Politique de gestion des cookies<\/a><\/p>\n<p>J\u2019accepte<\/p>\n<p>Selon cette note, la fraude sociale des entreprises repr\u00e9sente 52\u00a0% du montant, avec des tricheries sur les cotisations sociales et le travail dissimul\u00e9. Le total estim\u00e9 est quant \u00e0 lui de 7,3\u00a0milliards d\u2019euros.\u200b A elle seule, la sous-d\u00e9claration des microentrepreneurs des plateformes num\u00e9riques (tels Uber Eats ou Wecasa) p\u00e8se entre 1,4 et 1,8\u00a0milliard d\u2019euros de cotisations non pay\u00e9es.<\/p>\n<p>Davantage de fraude d\u00e9tect\u00e9e, mais peu r\u00e9cup\u00e9r\u00e9e<\/p>\n<p>Les fraudes r\u00e9ellement d\u00e9tect\u00e9es ont d\u00e9pass\u00e9 2 milliards d\u2019euros en\u00a02024, contre environ 1,6\u00a0milliard l\u2019ann\u00e9e pr\u00e9c\u00e9dente. S\u2019ajoutent quelque 500\u00a0millions d\u2019euros de fraudes \u00ab\u00a0stopp\u00e9es\u00a0\u00bb avant tout versement.\u200b Quant aux montants recouvr\u00e9s, ils demeurent faibles\u00a0: 680\u00a0millions d\u2019euros pour\u00a02024. Le recouvrement via l\u2019Urssaf est difficile, \u00ab\u00a0les entreprises pouvant organiser leur insolvabilit\u00e9, voire dispara\u00eetre\u00a0\u00bb, souligne l\u2019organisme.<\/p>\n<p>Alors que le gouvernement fait de la lutte contre la fraude sociale un axe central du projet de <a href=\"https:\/\/www.20minutes.fr\/politique\/assemblee_nationale\/4194841-20260108-budget-2026-cartes-dispose-encore-sebastien-lecornu-faire-atterrir-texte\" class=\"c-link c-link--is-underlined\" target=\"_blank\" rel=\"noopener\">loi de financement de la S\u00e9curit\u00e9 sociale pour\u00a02026,<\/a> le Haut Conseil du financement de la protection sociale r\u00e9fr\u00e8ne les attentes. Il estime que, m\u00eame renforc\u00e9e, la lutte contre la fraude sociale ne peut pas suffire \u00e0 combler les d\u00e9s\u00e9quilibres structurels. Les montants en jeu sont trop faibles face \u00e0 l\u2019ampleur du d\u00e9ficit, qui est de <a href=\"https:\/\/www.20minutes.fr\/economie\/4183252-20251103-budget-2026-cour-comptes-alerte-aggravation-trou-secu\" class=\"c-link c-link--is-underlined\" target=\"_blank\" rel=\"noopener\">23\u00a0milliards d\u2019euros attendus en\u00a02025<\/a>.<\/p>\n<p><a href=\"https:\/\/www.20minutes.fr\/dossier\/fraude_sociale\" class=\"c-link c-btn c-btn--primary\" target=\"_blank\" rel=\"noopener\">Les articles Fraude sociale<\/a><\/p>\n<p>Alors qu\u2019un <a href=\"https:\/\/www.assemblee-nationale.fr\/dyn\/17\/dossiers\/DLR5L17N52985\" target=\"_blank\" class=\"c-link c-link--is-underlined\" rel=\"noopener\">projet de loi en cours d\u2019examen<\/a> au Parlement est destin\u00e9 \u00e0 s\u2019attaquer \u00e0 la fraude fiscale, l\u2019instance recommande de renforcer la pr\u00e9vention et \u00ab\u00a0d\u2019engager des travaux d\u2019\u00e9valuation sur la fraude des travailleurs ind\u00e9pendants par un travail en commun entre les Urssaf et l\u2019administration fiscale\u00a0\u00bb.<\/p>\n","protected":false},"excerpt":{"rendered":"La fraude sociale ne se cache pas forc\u00e9ment l\u00e0 o\u00f9 le clich\u00e9 l\u2019attend. Le ph\u00e9nom\u00e8ne repr\u00e9senterait en tout&hellip;\n","protected":false},"author":2,"featured_media":667242,"comment_status":"","ping_status":"","sticky":false,"template":"","format":"standard","meta":{"footnotes":""},"categories":[6],"tags":[47,35,33,34,257,1011,27,1006,4493],"class_list":{"0":"post-667241","1":"post","2":"type-post","3":"status-publish","4":"format-standard","5":"has-post-thumbnail","7":"category-economie","8":"tag-actualite","9":"tag-business","10":"tag-economie","11":"tag-economy","12":"tag-entreprise","13":"tag-fr","14":"tag-france","15":"tag-fraude","16":"tag-fraude-sociale"},"share_on_mastodon":{"url":"https:\/\/pubeurope.com\/@fr\/115903738961350022","error":""},"_links":{"self":[{"href":"https:\/\/www.europesays.com\/fr\/wp-json\/wp\/v2\/posts\/667241","targetHints":{"allow":["GET"]}}],"collection":[{"href":"https:\/\/www.europesays.com\/fr\/wp-json\/wp\/v2\/posts"}],"about":[{"href":"https:\/\/www.europesays.com\/fr\/wp-json\/wp\/v2\/types\/post"}],"author":[{"embeddable":true,"href":"https:\/\/www.europesays.com\/fr\/wp-json\/wp\/v2\/users\/2"}],"replies":[{"embeddable":true,"href":"https:\/\/www.europesays.com\/fr\/wp-json\/wp\/v2\/comments?post=667241"}],"version-history":[{"count":0,"href":"https:\/\/www.europesays.com\/fr\/wp-json\/wp\/v2\/posts\/667241\/revisions"}],"wp:featuredmedia":[{"embeddable":true,"href":"https:\/\/www.europesays.com\/fr\/wp-json\/wp\/v2\/media\/667242"}],"wp:attachment":[{"href":"https:\/\/www.europesays.com\/fr\/wp-json\/wp\/v2\/media?parent=667241"}],"wp:term":[{"taxonomy":"category","embeddable":true,"href":"https:\/\/www.europesays.com\/fr\/wp-json\/wp\/v2\/categories?post=667241"},{"taxonomy":"post_tag","embeddable":true,"href":"https:\/\/www.europesays.com\/fr\/wp-json\/wp\/v2\/tags?post=667241"}],"curies":[{"name":"wp","href":"https:\/\/api.w.org\/{rel}","templated":true}]}}