{"id":667261,"date":"2026-01-16T08:14:14","date_gmt":"2026-01-16T08:14:14","guid":{"rendered":"https:\/\/www.europesays.com\/fr\/667261\/"},"modified":"2026-01-16T08:14:14","modified_gmt":"2026-01-16T08:14:14","slug":"municipales-2026-a-montpellier-le-milliardaire-mohed-altrad-se-declare-candidat-une-nouvelle-fois","status":"publish","type":"post","link":"https:\/\/www.europesays.com\/fr\/667261\/","title":{"rendered":"Municipales 2026 \u00e0 Montpellier\u00a0: le milliardaire Mohed Altrad se d\u00e9clare candidat une nouvelle fois"},"content":{"rendered":"<p>\n                                                                    l&rsquo;essentiel<br \/>\n                                                                Mohed Altrad souhaite devenir le nouveau maire de Montpellier. Le chef d\u2019entreprise et patron du club de rugby du MHR, est officiellement candidat. Il avait d\u00e9j\u00e0 men\u00e9 la campagne des municipales en 2020.\n                            <\/p>\n<p>Mohed Altrad retente sa chance \u00e0 la mairie de Montpellier. Il a officialis\u00e9 sa candidature, jeudi 15\u00a0janvier. \u00c0 77 ans, Mohed Altrad est une figure \u00e0 Montpellier\u00a0: patron du groupe de BTP du m\u00eame nom, dirigeant du club de rugby du MHR et sponsor du maillot du XV de France.<\/p>\n<p>Le milliardaire a officialis\u00e9 sa candidature au cours d\u2019une r\u00e9union devant 500 personnes, jeudi soir \u00e0 l\u2019Espace Dieze, indique <a href=\"https:\/\/www.midilibre.fr\/2026\/01\/15\/municipales-2026-a-montpellier-lhomme-daffaires-et-patron-du-mhr-mohed-altrad-officialise-sa-candidature-13164022.php\" target=\"_blank\" rel=\"noopener\">Midi Libre<\/a>. \u00c0 ses c\u00f4t\u00e9s se trouvaient l\u2019ancienne ministre macroniste aux Anciens combattants Patricia Mirall\u00e8s, le\u00a0s\u00e9nateur Jean-Pierre Grand, d\u2019\u00e9lus actuels ou anciens.<\/p>\n<p>\u00ab\u00a0Cette ville a besoin qu\u2019on la rel\u00e8ve. Montpellier a besoin d\u2019un b\u00e2tisseur\u00a0\u00bb, a affirm\u00e9 Mohed Altrad d\u2019une voix pos\u00e9e, en promettant de \u00ab\u00a0d\u00e9manteler le syst\u00e8me\u00a0\u00bb d\u2019une mairie \u00ab\u00a0g\u00e9r\u00e9e comme une section du parti socialiste\u00a0\u00bb, en r\u00e9f\u00e9rence au maire PS Micha\u00ebl Delafosse.<\/p>\n<p>Faire de Montpellier une \u00ab\u00a0ville z\u00e9ro ch\u00f4meur\u00a0\u00bb<\/p>\n<p>Il a d\u00e9taill\u00e9 plusieurs promesses de campagne\u00a0: cr\u00e9er 30\u00a0000 emplois et faire de Montpellier \u00ab\u00a0une ville z\u00e9ro ch\u00f4meur\u00a0\u00bb, assainir les finances publiques, revoir le plan de circulation pour \u00e9radiquer les bouchons, mettre en place un couvre-feu pour les adolescents de 16 ans \u00e0 22h. S\u2019il est \u00e9lu maire, il rendra la cantine gratuite pour tous les enfants, maintiendra la gratuit\u00e9 des transports en commun et promet \u00ab\u00a0d\u2019abandonner d\u00e9finitivement\u00a0\u00bb le\u00a0projet controvers\u00e9 d\u2019implanter aux portes de Montpellier une unit\u00e9 de traitement \u00ab\u00a0CSR\u00a0\u00bb (pour combustibles solides de r\u00e9cup\u00e9ration).<\/p>\n<p>Mohed Altrad s\u2019\u00e9tait pr\u00e9sent\u00e9 pour la premi\u00e8re fois en 2020 aux \u00e9lections municipales de Montpellier. Il \u00e9tait arriv\u00e9 \u00e0 la troisi\u00e8me place du scrutin\u00a0avec 13,3\u00a0% des voix. Au second tour, apr\u00e8s s\u2019\u00eatre uni avec deux listes de gauche et l\u2019humoriste-candidat R\u00e9mi Gaillard, il avait totalis\u00e9 18,12\u00a0% des voix derri\u00e8re Micka\u00ebl Delafosse, \u00e9lu maire avec 48,34\u00a0% et le maire sortant Philippe Saurel avec 24,65\u00a0%.<\/p>\n<p>Un conseiller municipal absent<\/p>\n<p>\u00c9lu conseiller municipal en 2020, Mohed Altrad n\u2019a jamais si\u00e9g\u00e9. Il avait d\u00e9missionn\u00e9 sans explication en septembre\u00a02024 du conseil de Montpellier M\u00e9diterran\u00e9e M\u00e9tropole mais pas du conseil municipal de la ville de Montpellier.<\/p>\n<p>    Jug\u00e9 en appel en septembre\u00a02026<\/p>\n<p>En d\u00e9cembre\u00a02022, Mohed Altrad a \u00e9t\u00e9 reconnu coupable par le tribunal correctionnel de Paris d\u2019avoir nou\u00e9 un pacte de corruption avec l\u2019ex-patron de la F\u00e9d\u00e9ration fran\u00e7aise de rugby, Bernard Laporte. Il avait \u00e9cop\u00e9 d\u2019une peine de 18 mois d\u2019emprisonnement avec sursis et 50\u00a0000\u00a0euros d\u2019amende.\u00a0Tous les deux doivent \u00eatre rejug\u00e9s en appel en septembre\u00a02026.<\/p>\n","protected":false},"excerpt":{"rendered":"l&rsquo;essentiel Mohed Altrad souhaite devenir le nouveau maire de Montpellier. Le chef d\u2019entreprise et patron du club de&hellip;\n","protected":false},"author":2,"featured_media":667262,"comment_status":"","ping_status":"","sticky":false,"template":"","format":"standard","meta":{"footnotes":""},"categories":[9599],"tags":[1111,11,1777,674,1011,27,329,2208,3434,12,2680,316,25,37919],"class_list":{"0":"post-667261","1":"post","2":"type-post","3":"status-publish","4":"format-standard","5":"has-post-thumbnail","7":"category-montpellier","8":"tag-actu","9":"tag-actualites","10":"tag-eu","11":"tag-europe","12":"tag-fr","13":"tag-france","14":"tag-france-monde","15":"tag-montpellier","16":"tag-municipales-2026","17":"tag-news","18":"tag-occitanie","19":"tag-politique","20":"tag-republique-francaise","21":"tag-u00c9lections"},"share_on_mastodon":{"url":"https:\/\/pubeurope.com\/@fr\/115903782193287861","error":""},"_links":{"self":[{"href":"https:\/\/www.europesays.com\/fr\/wp-json\/wp\/v2\/posts\/667261","targetHints":{"allow":["GET"]}}],"collection":[{"href":"https:\/\/www.europesays.com\/fr\/wp-json\/wp\/v2\/posts"}],"about":[{"href":"https:\/\/www.europesays.com\/fr\/wp-json\/wp\/v2\/types\/post"}],"author":[{"embeddable":true,"href":"https:\/\/www.europesays.com\/fr\/wp-json\/wp\/v2\/users\/2"}],"replies":[{"embeddable":true,"href":"https:\/\/www.europesays.com\/fr\/wp-json\/wp\/v2\/comments?post=667261"}],"version-history":[{"count":0,"href":"https:\/\/www.europesays.com\/fr\/wp-json\/wp\/v2\/posts\/667261\/revisions"}],"wp:featuredmedia":[{"embeddable":true,"href":"https:\/\/www.europesays.com\/fr\/wp-json\/wp\/v2\/media\/667262"}],"wp:attachment":[{"href":"https:\/\/www.europesays.com\/fr\/wp-json\/wp\/v2\/media?parent=667261"}],"wp:term":[{"taxonomy":"category","embeddable":true,"href":"https:\/\/www.europesays.com\/fr\/wp-json\/wp\/v2\/categories?post=667261"},{"taxonomy":"post_tag","embeddable":true,"href":"https:\/\/www.europesays.com\/fr\/wp-json\/wp\/v2\/tags?post=667261"}],"curies":[{"name":"wp","href":"https:\/\/api.w.org\/{rel}","templated":true}]}}