{"id":667272,"date":"2026-01-16T08:22:31","date_gmt":"2026-01-16T08:22:31","guid":{"rendered":"https:\/\/www.europesays.com\/fr\/667272\/"},"modified":"2026-01-16T08:22:31","modified_gmt":"2026-01-16T08:22:31","slug":"strasbourg-700-tracteurs-attendus-devant-le-parlement-europeen-contre-le-mercosur","status":"publish","type":"post","link":"https:\/\/www.europesays.com\/fr\/667272\/","title":{"rendered":"Strasbourg. 700 tracteurs attendus devant le Parlement europ\u00e9en contre le Mercosur"},"content":{"rendered":"<p>Malgr\u00e9 l\u2019opposition de la France, l\u2019Union europ\u00e9enne a approuv\u00e9 la semaine derni\u00e8re la signature du trait\u00e9 de libre-\u00e9change avec les pays du Mercosur. Une bataille a \u00e9t\u00e9 perdue dans un monde en \u00e9bullition, remarque Franck Sander, ancien pr\u00e9sident de la FDSEA 67\u00a0: \u00ab\u00a0La Russie, la Chine et les \u00c9tats-Unis font \u00e9galement la guerre avec l\u2019arme alimentaire\u00a0\u00bb.<\/p>\n<p>Sans la pression des agriculteurs, leurs revendications restent lettre morte en France ou en Europe, constatent les leaders du syndicat lors de son assembl\u00e9e g\u00e9n\u00e9rale, jeudi 15\u00a0janvier \u00e0 Kurtzenhouse. Une majorit\u00e9 de pays de l\u2019UE a vot\u00e9&#8230;<\/p>\n","protected":false},"excerpt":{"rendered":"Malgr\u00e9 l\u2019opposition de la France, l\u2019Union europ\u00e9enne a approuv\u00e9 la semaine derni\u00e8re la signature du trait\u00e9 de libre-\u00e9change&hellip;\n","protected":false},"author":2,"featured_media":667273,"comment_status":"","ping_status":"","sticky":false,"template":"","format":"standard","meta":{"footnotes":""},"categories":[2820],"tags":[1111,11,327,2389,33,1777,674,107,1011,27,775,12,25,640],"class_list":{"0":"post-667272","1":"post","2":"type-post","3":"status-publish","4":"format-standard","5":"has-post-thumbnail","7":"category-strasbourg","8":"tag-actu","9":"tag-actualites","10":"tag-agriculture","11":"tag-alsace","12":"tag-economie","13":"tag-eu","14":"tag-europe","15":"tag-fil-info","16":"tag-fr","17":"tag-france","18":"tag-grand-est","19":"tag-news","20":"tag-republique-francaise","21":"tag-strasbourg"},"share_on_mastodon":{"url":"https:\/\/pubeurope.com\/@fr\/115903813614583091","error":""},"_links":{"self":[{"href":"https:\/\/www.europesays.com\/fr\/wp-json\/wp\/v2\/posts\/667272","targetHints":{"allow":["GET"]}}],"collection":[{"href":"https:\/\/www.europesays.com\/fr\/wp-json\/wp\/v2\/posts"}],"about":[{"href":"https:\/\/www.europesays.com\/fr\/wp-json\/wp\/v2\/types\/post"}],"author":[{"embeddable":true,"href":"https:\/\/www.europesays.com\/fr\/wp-json\/wp\/v2\/users\/2"}],"replies":[{"embeddable":true,"href":"https:\/\/www.europesays.com\/fr\/wp-json\/wp\/v2\/comments?post=667272"}],"version-history":[{"count":0,"href":"https:\/\/www.europesays.com\/fr\/wp-json\/wp\/v2\/posts\/667272\/revisions"}],"wp:featuredmedia":[{"embeddable":true,"href":"https:\/\/www.europesays.com\/fr\/wp-json\/wp\/v2\/media\/667273"}],"wp:attachment":[{"href":"https:\/\/www.europesays.com\/fr\/wp-json\/wp\/v2\/media?parent=667272"}],"wp:term":[{"taxonomy":"category","embeddable":true,"href":"https:\/\/www.europesays.com\/fr\/wp-json\/wp\/v2\/categories?post=667272"},{"taxonomy":"post_tag","embeddable":true,"href":"https:\/\/www.europesays.com\/fr\/wp-json\/wp\/v2\/tags?post=667272"}],"curies":[{"name":"wp","href":"https:\/\/api.w.org\/{rel}","templated":true}]}}