{"id":667274,"date":"2026-01-16T08:23:13","date_gmt":"2026-01-16T08:23:13","guid":{"rendered":"https:\/\/www.europesays.com\/fr\/667274\/"},"modified":"2026-01-16T08:23:13","modified_gmt":"2026-01-16T08:23:13","slug":"ligue-1-avant-strasbourg-fc-metz-des-supporters-du-racing-decus-desempares-et-depossedes-du-club","status":"publish","type":"post","link":"https:\/\/www.europesays.com\/fr\/667274\/","title":{"rendered":"Ligue 1. Avant Strasbourg &#8211; FC Metz :\u00a0des supporters du Racing \u00ab d\u00e9\u00e7us, d\u00e9sempar\u00e9s et d\u00e9poss\u00e9d\u00e9s du club \u00bb"},"content":{"rendered":"<p>Pour sa premi\u00e8re sortie sur le banc strasbourgeois, samedi dernier en Coupe de France, l\u2019entra\u00eeneur anglais Gary O\u2019Neil ne s\u2019est pas loup\u00e9. Un large succ\u00e8s (0-6) sur la pelouse d\u2019Avranches (N2), accompagn\u00e9 d\u2019un message ambitieux\u00a0: \u00ab\u00a0C\u2019est une premi\u00e8re parfaite, m\u00eame si c\u2019\u00e9tait face \u00e0 une \u00e9quipe de niveau amateur. On veut gagner la Coupe de France, la Ligue Conf\u00e9rence et terminer le plus haut possible en championnat\u00a0\u00bb, a annonc\u00e9 l\u2019ex-coach de Wolverhampton, o\u00f9 il a notamment c\u00f4toy\u00e9 le milieu de terrain messin Boubacar Traor\u00e9, actuellement pr\u00eat\u00e9 par le club de&#8230;<\/p>\n","protected":false},"excerpt":{"rendered":"Pour sa premi\u00e8re sortie sur le banc strasbourgeois, samedi dernier en Coupe de France, l\u2019entra\u00eeneur anglais Gary O\u2019Neil&hellip;\n","protected":false},"author":2,"featured_media":667275,"comment_status":"","ping_status":"","sticky":false,"template":"","format":"standard","meta":{"footnotes":""},"categories":[2820],"tags":[1111,11,5598,1777,674,8113,107,1701,63,1011,27,775,7020,6212,6213,5599,8112,12,25,517,1700,640],"class_list":{"0":"post-667274","1":"post","2":"type-post","3":"status-publish","4":"format-standard","5":"has-post-thumbnail","7":"category-strasbourg","8":"tag-actu","9":"tag-actualites","10":"tag-edition-metz-et-agglomeration","11":"tag-eu","12":"tag-europe","13":"tag-fc-metz","14":"tag-fil-info","15":"tag-fil-info-sport","16":"tag-football","17":"tag-fr","18":"tag-france","19":"tag-grand-est","20":"tag-ligue-1-football","21":"tag-metz","22":"tag-metz-ville-57b","23":"tag-moselle","24":"tag-moselle-est","25":"tag-news","26":"tag-republique-francaise","27":"tag-sport","28":"tag-sport-lorrain","29":"tag-strasbourg"},"share_on_mastodon":{"url":"https:\/\/pubeurope.com\/@fr\/115903817461850772","error":""},"_links":{"self":[{"href":"https:\/\/www.europesays.com\/fr\/wp-json\/wp\/v2\/posts\/667274","targetHints":{"allow":["GET"]}}],"collection":[{"href":"https:\/\/www.europesays.com\/fr\/wp-json\/wp\/v2\/posts"}],"about":[{"href":"https:\/\/www.europesays.com\/fr\/wp-json\/wp\/v2\/types\/post"}],"author":[{"embeddable":true,"href":"https:\/\/www.europesays.com\/fr\/wp-json\/wp\/v2\/users\/2"}],"replies":[{"embeddable":true,"href":"https:\/\/www.europesays.com\/fr\/wp-json\/wp\/v2\/comments?post=667274"}],"version-history":[{"count":0,"href":"https:\/\/www.europesays.com\/fr\/wp-json\/wp\/v2\/posts\/667274\/revisions"}],"wp:featuredmedia":[{"embeddable":true,"href":"https:\/\/www.europesays.com\/fr\/wp-json\/wp\/v2\/media\/667275"}],"wp:attachment":[{"href":"https:\/\/www.europesays.com\/fr\/wp-json\/wp\/v2\/media?parent=667274"}],"wp:term":[{"taxonomy":"category","embeddable":true,"href":"https:\/\/www.europesays.com\/fr\/wp-json\/wp\/v2\/categories?post=667274"},{"taxonomy":"post_tag","embeddable":true,"href":"https:\/\/www.europesays.com\/fr\/wp-json\/wp\/v2\/tags?post=667274"}],"curies":[{"name":"wp","href":"https:\/\/api.w.org\/{rel}","templated":true}]}}