{"id":667276,"date":"2026-01-16T08:25:10","date_gmt":"2026-01-16T08:25:10","guid":{"rendered":"https:\/\/www.europesays.com\/fr\/667276\/"},"modified":"2026-01-16T08:25:10","modified_gmt":"2026-01-16T08:25:10","slug":"vente-de-logc-nice-ineos-fait-une-grande-annonce","status":"publish","type":"post","link":"https:\/\/www.europesays.com\/fr\/667276\/","title":{"rendered":"Vente de l\u2019OGC Nice, INEOS fait une grande annonce"},"content":{"rendered":"<p><b>Totalement d\u00e9sint\u00e9ress\u00e9 de l\u2019OGC Nice depuis qu\u2019il a pris les commandes de son club de coeur Manchester United, Jim Ratcliffe veut se d\u00e9barrasser du club azur\u00e9en et le vendre rapidement. <\/b><\/p>\n<p>Club r\u00e9guli\u00e8rement europ\u00e9en, <a href=\"https:\/\/www.foot01.com\/nice\" target=\"_self\" rel=\"noopener\">l\u2019OGC Nice<\/a> vit n\u00e9anmoins une p\u00e9riode compliqu\u00e9e. La formation connait r\u00e9guli\u00e8rement des crises, et le fait que les propri\u00e9taires soient d\u00e9sormais absents des d\u00e9bats n\u2019aide pas les choses. Depuis qu\u2019il a rachet\u00e9 Manchester United, Jim Ratcliffe et sa soci\u00e9t\u00e9 de p\u00e9trochimie INEOS ne s\u2019int\u00e9ressent gu\u00e8re \u00e0 l\u2019avenir du Gym. Depuis un an, le club azur\u00e9en a \u00e9t\u00e9 mis en vente. La banque Lazard a \u00e9t\u00e9 charg\u00e9e de g\u00e9rer cette transaction, mais les candidats ne se bousculent pas. Il faut dire que la mise \u00e0 prix de 200 millions d\u2019euros a refroidi les \u00e9ventuels acqu\u00e9reurs.Le prix de l&rsquo;OGC Nice largement revu \u00e0 la baisseEntre les tensions avec les supporters, deux joueurs sont actuellement en arr\u00eat de travail apr\u00e8s un affrontement \u00e0 l\u2019issue d\u2019un match perdu, les r\u00e9sultats en baisse, le changement d\u2019entraineur et l\u2019image d\u00e9t\u00e9rior\u00e9e, l\u2019OGC Nice ne fait pas vraiment r\u00eaver. Cela m\u00eame si le potentiel du club, avec son stade r\u00e9cent et son statut d\u2019\u00e9quipe solide de <a href=\"https:\/\/www.foot01.com\/ligue1\" title=\"Ligue 1\" target=\"_blank\" rel=\"noopener\">Ligue 1<\/a>, existe r\u00e9ellement.<\/p>\n<p>Selon les informations de Bloomberg, Jim Ratcliffe veut acc\u00e9l\u00e9rer la vente du club azur\u00e9en et a d\u00e9cid\u00e9 de baisser drastiquement le prix de vente. Le nouveau montant n\u2019a pas \u00e9t\u00e9 d\u00e9voil\u00e9, mais si une telle pr\u00e9cision est donn\u00e9e, c\u2019est que le nouveau prix est beaucoup plus attractif. INEOS perd de l\u2019argent chaque saison avec le Gym, et entend bien vendre le club rapidement, quitte \u00e0 ne pas faire une bonne affaire financi\u00e8re dans la transaction. Avec un prix largement baiss\u00e9, Nice attirera surement de nouveaux investisseurs, m\u00eame si le processus d\u2019un changement de propri\u00e9taire prend toujours du temps.<\/p>\n","protected":false},"excerpt":{"rendered":"Totalement d\u00e9sint\u00e9ress\u00e9 de l\u2019OGC Nice depuis qu\u2019il a pris les commandes de son club de coeur Manchester United,&hellip;\n","protected":false},"author":2,"featured_media":667277,"comment_status":"","ping_status":"","sticky":false,"template":"","format":"standard","meta":{"footnotes":""},"categories":[2819],"tags":[1111,11,1777,674,1011,27,66,12,2401,2268,882,25],"class_list":{"0":"post-667276","1":"post","2":"type-post","3":"status-publish","4":"format-standard","5":"has-post-thumbnail","7":"category-nice","8":"tag-actu","9":"tag-actualites","10":"tag-eu","11":"tag-europe","12":"tag-fr","13":"tag-france","14":"tag-ligue-1","15":"tag-news","16":"tag-nice","17":"tag-ogc-nice","18":"tag-provence-alpes-cote-dazur","19":"tag-republique-francaise"},"share_on_mastodon":{"url":"https:\/\/pubeurope.com\/@fr\/115903825335855744","error":""},"_links":{"self":[{"href":"https:\/\/www.europesays.com\/fr\/wp-json\/wp\/v2\/posts\/667276","targetHints":{"allow":["GET"]}}],"collection":[{"href":"https:\/\/www.europesays.com\/fr\/wp-json\/wp\/v2\/posts"}],"about":[{"href":"https:\/\/www.europesays.com\/fr\/wp-json\/wp\/v2\/types\/post"}],"author":[{"embeddable":true,"href":"https:\/\/www.europesays.com\/fr\/wp-json\/wp\/v2\/users\/2"}],"replies":[{"embeddable":true,"href":"https:\/\/www.europesays.com\/fr\/wp-json\/wp\/v2\/comments?post=667276"}],"version-history":[{"count":0,"href":"https:\/\/www.europesays.com\/fr\/wp-json\/wp\/v2\/posts\/667276\/revisions"}],"wp:featuredmedia":[{"embeddable":true,"href":"https:\/\/www.europesays.com\/fr\/wp-json\/wp\/v2\/media\/667277"}],"wp:attachment":[{"href":"https:\/\/www.europesays.com\/fr\/wp-json\/wp\/v2\/media?parent=667276"}],"wp:term":[{"taxonomy":"category","embeddable":true,"href":"https:\/\/www.europesays.com\/fr\/wp-json\/wp\/v2\/categories?post=667276"},{"taxonomy":"post_tag","embeddable":true,"href":"https:\/\/www.europesays.com\/fr\/wp-json\/wp\/v2\/tags?post=667276"}],"curies":[{"name":"wp","href":"https:\/\/api.w.org\/{rel}","templated":true}]}}