{"id":667278,"date":"2026-01-16T08:27:36","date_gmt":"2026-01-16T08:27:36","guid":{"rendered":"https:\/\/www.europesays.com\/fr\/667278\/"},"modified":"2026-01-16T08:27:36","modified_gmt":"2026-01-16T08:27:36","slug":"le-voyage-a-nantes-se-devoile-entre-terre-et-muscadet","status":"publish","type":"post","link":"https:\/\/www.europesays.com\/fr\/667278\/","title":{"rendered":"Le Voyage \u00e0 Nantes se d\u00e9voile entre \u00ab\u00a0Terre et Muscadet\u00a0\u00bb"},"content":{"rendered":"<p class=\"block date\" id=\"dateEtAuteur\">Publi\u00e9 : 7h13  par Lily  L&rsquo;Abbaye <\/p>\n<p><img decoding=\"async\" class=\"\" style=\"width:100%\" src=\"https:\/\/www.europesays.com\/fr\/wp-content\/uploads\/2026\/01\/Saison_des_vendanges___Le_Voyage_dans_le_Vignoble_nantais___Franck_Tomps___LVAN1768543528586.jpg\" alt=\"Saison des vendanges - Le Voyage dans le Vignoble nantais\"\/><\/p>\n<p>Saison des vendanges &#8211; Le Voyage dans le Vignoble nantais<\/p>\n<p>Cr\u00e9dit : \u00a9 Franck Tomps _ LVAN<\/p>\n<p>En 2026, Le Voyage \u00e0 Nantes ouvre un nouveau chapitre de son histoire culturelle. L\u2019\u00e9v\u00e9nement phare de la m\u00e9tropole inaugure un cycle artistique consacr\u00e9 aux quatre \u00e9l\u00e9ments : la terre, l\u2019eau, l\u2019air et le feu. Un parcours pens\u00e9 sur plusieurs ann\u00e9es, qui d\u00e9butera d\u00e8s cet \u00e9t\u00e9 par : la Terre. <\/p>\n<p>La Terre. Gen\u00e8se d\u2019un cycle de quatre ans, elle sera le fil conducteur de <strong>l\u2019\u00e9dition 2026 du Voyage \u00e0 Nantes, programm\u00e9e du 4 juillet au 6 septembre<\/strong>. Quatorze \u0153uvres et installations in\u00e9dites d\u2019artistes contemporains seront d\u00e9ploy\u00e9es dans l\u2019espace public, entre lieux embl\u00e9matiques et sites in\u00e9dits.\u00a0<\/p>\n<p>\u00a0<\/p>\n<blockquote><p>\nUn cycle de quatre ans\n<\/p><\/blockquote>\n<p>\u00a0<\/p>\n<p>\u00ab\u00a0La terre, c\u2019est le premier cycle racont\u00e9 par toutes les m\u00e9moires depuis l\u2019Antiquit\u00e9, parce que tr\u00e8s souvent, on part de la terre et on monte jusqu\u2019au ciel\u00a0\u00bb, justifie Sophie L\u00e9vy, la directrice du Voyage \u00e0 Nantes. L\u2019ann\u00e9e d\u2019apr\u00e8s, ce sera l\u2019eau, un \u00e9l\u00e9ment particuli\u00e8rement phare, et central dans la nature et l\u2019essence de ce qu\u2019est Nantes. En 2028, l\u2019air, c\u2019est de tous les \u00e9l\u00e9ments, l\u2019un de ceux qui inspirent le plus les artistes contemporains. Le dernier th\u00e8me sera sur le feu. Avec le feu, ce qui est int\u00e9ressant, c\u2019est qu\u2019on rentre vraiment dans l\u2019id\u00e9e du cycle, puisque dans le feu, il y a la destruction, mais il y a aussi la renaissance. <strong>Il y a plein de fa\u00e7ons de faire r\u00eaver et de faire r\u00e9fl\u00e9chir sur ces \u00e9l\u00e9ments<\/strong>,\u00a0\u00bb poursuit-elle.<\/p>\n<p>Sophie L\u00e9vy, directrice g\u00e9n\u00e9rale du Voyage \u00e0 Nantes Sophie L\u00e9vy, directrice g\u00e9n\u00e9rale du Voyage \u00e0 Nantes <\/p>\n<p>Cr\u00e9dit : Lily l&rsquo;Abbaye<\/p>\n<blockquote><p>\nUne ann\u00e9e de r\u00e9flexion\u00a0\n<\/p><\/blockquote>\n<p>\u00a0<\/p>\n<p>Premier temps fort de l\u2019ann\u00e9e, apr\u00e8s la r\u00e9ouverture des machines de l\u2019\u00eele le 4 f\u00e9vrier, l\u2019exposition Sorci\u00e8res, pr\u00e9sent\u00e9e au Ch\u00e2teau des ducs de Bretagne \u00e0 partir du 7 f\u00e9vrier 2026. Apr\u00e8s le succ\u00e8s de l\u2019exposition autour de l\u2019oeuvre Hokusai, le mus\u00e9e d\u2019histoire proposera un regard historique et critique sur la figure de la sorci\u00e8re, entre m\u00e9moire occult\u00e9e et r\u00e9appropriation contemporaine.<\/p>\n<p>Cot\u00e9 HAB Galerie, elle accueillera d\u00e8s le 23 mai l\u2019exposition INTERSTELLAR, une plong\u00e9e artistique entre immensit\u00e9 cosmique et observation du vivant \u00e0 l\u2019\u00e9chelle microscopique.<\/p>\n<p>\u00a0<\/p>\n<blockquote><p>\nLe Muscadet du Voyage\n<\/p><\/blockquote>\n<p>\u00a0<\/p>\n<p><strong>Cette th\u00e9matique de la Terre s\u2019invite aussi dans l\u2019assiette et le verre. <\/strong>Pour la premi\u00e8re fois, le Voyage \u00e0 Nantes lancera sa propre cuv\u00e9e : le Muscadet du Voyage.<\/p>\n<p>Un vin pens\u00e9 comme une v\u00e9ritable exp\u00e9rience culturelle, \u00e0 l\u2019image du territoire. \u00ab\u00a0On a pens\u00e9 en \u00e9cho \u00e0 la th\u00e9matique de la Terre, imaginer un muscadet assez singulier qui fera la part belle \u00e0 la mosa\u00efque de terroirs qu\u2019on a dans le vignoble de Nantes, en assemblant plusieurs vins de muscadet issus de diff\u00e9rents terroirs, les principaux terroirs que composent le vignoble de Nantes. On va assembler \u00e7a pour cr\u00e9er une cuv\u00e9e singuli\u00e8re, unique qui s\u2019appellera le muscadet du Voyage et qui sera mis en bouteille pour la Nuit du VAN le 4 juillet,\u00a0\u00bb explique Richard Baussay, charg\u00e9 de la promotion culinaire du VAN.<\/p>\n<p>Richard Baussay, charg\u00e9 de la promotion culinaire du Voyage \u00e0 NantesRichard Baussay, charg\u00e9 de la promotion culinaire du Voyage \u00e0 Nantes<\/p>\n<p>Cr\u00e9dit : Lily l&rsquo;Abbaye<\/p>\n<p><img decoding=\"async\" class=\"\" style=\"width:100%\" src=\"https:\/\/www.europesays.com\/fr\/wp-content\/uploads\/2026\/01\/Jean_Luc_Courcoult__La_Maison_dans_la_Loire__Cou_ron__cr_ation_p_renne_Estuaire_2007___Bernard_Renou.webp\" alt=\"Jean-Luc Courcoult, La Maison dans la Loire, Cou\u00ebron, cr\u00e9ation p\u00e9renne Estuaire 2007\"\/><\/p>\n<p>Cr\u00e9dit : \u00a9 Bernard Renoux (VAN)<\/p>\n<p>Produite \u00e0 5 000 bouteilles, cette cuv\u00e9e ne sera pas distribu\u00e9e dans les circuits classiques, mais propos\u00e9e uniquement dans des lieux ambassadeurs du Voyage \u00e0 Nantes, \u00e0 commencer par la rue des \u00e9tats. L\u2019embouteillage principal aura lieu lors de la Nuit du VAN, le 4 juillet, marquant symboliquement le lancement de l\u2019\u00e9dition estivale.<\/p>\n<p><strong>Si la Terre ouvre le bal cette ann\u00e9e, l\u2019eau, l\u2019air et le feu prendront le relais dans les prochaines \u00e9ditions. <\/strong>Un voyage au long cours, \u00e0 la crois\u00e9e de l\u2019imaginaire, du sensible et du collectif.<\/p>\n<p>\u00a0<\/p>\n","protected":false},"excerpt":{"rendered":"Publi\u00e9 : 7h13 par Lily L&rsquo;Abbaye Saison des vendanges &#8211; Le Voyage dans le Vignoble nantais Cr\u00e9dit :&hellip;\n","protected":false},"author":2,"featured_media":667279,"comment_status":"","ping_status":"","sticky":false,"template":"","format":"standard","meta":{"footnotes":""},"categories":[2818],"tags":[1111,11,251,1777,674,1011,27,766,12,2636,25,4505,22596],"class_list":{"0":"post-667278","1":"post","2":"type-post","3":"status-publish","4":"format-standard","5":"has-post-thumbnail","7":"category-nantes","8":"tag-actu","9":"tag-actualites","10":"tag-culture","11":"tag-eu","12":"tag-europe","13":"tag-fr","14":"tag-france","15":"tag-nantes","16":"tag-news","17":"tag-pays-de-la-loire","18":"tag-republique-francaise","19":"tag-terre","20":"tag-van"},"share_on_mastodon":{"url":"https:\/\/pubeurope.com\/@fr\/115903833490976754","error":""},"_links":{"self":[{"href":"https:\/\/www.europesays.com\/fr\/wp-json\/wp\/v2\/posts\/667278","targetHints":{"allow":["GET"]}}],"collection":[{"href":"https:\/\/www.europesays.com\/fr\/wp-json\/wp\/v2\/posts"}],"about":[{"href":"https:\/\/www.europesays.com\/fr\/wp-json\/wp\/v2\/types\/post"}],"author":[{"embeddable":true,"href":"https:\/\/www.europesays.com\/fr\/wp-json\/wp\/v2\/users\/2"}],"replies":[{"embeddable":true,"href":"https:\/\/www.europesays.com\/fr\/wp-json\/wp\/v2\/comments?post=667278"}],"version-history":[{"count":0,"href":"https:\/\/www.europesays.com\/fr\/wp-json\/wp\/v2\/posts\/667278\/revisions"}],"wp:featuredmedia":[{"embeddable":true,"href":"https:\/\/www.europesays.com\/fr\/wp-json\/wp\/v2\/media\/667279"}],"wp:attachment":[{"href":"https:\/\/www.europesays.com\/fr\/wp-json\/wp\/v2\/media?parent=667278"}],"wp:term":[{"taxonomy":"category","embeddable":true,"href":"https:\/\/www.europesays.com\/fr\/wp-json\/wp\/v2\/categories?post=667278"},{"taxonomy":"post_tag","embeddable":true,"href":"https:\/\/www.europesays.com\/fr\/wp-json\/wp\/v2\/tags?post=667278"}],"curies":[{"name":"wp","href":"https:\/\/api.w.org\/{rel}","templated":true}]}}