{"id":66728,"date":"2025-05-01T11:03:08","date_gmt":"2025-05-01T11:03:08","guid":{"rendered":"https:\/\/www.europesays.com\/fr\/66728\/"},"modified":"2025-05-01T11:03:08","modified_gmt":"2025-05-01T11:03:08","slug":"la-l2-fermee-en-direction-daix-en-raison-dun-accident-impliquant-4-vehicules","status":"publish","type":"post","link":"https:\/\/www.europesays.com\/fr\/66728\/","title":{"rendered":"la L2 ferm\u00e9e, en direction d&rsquo;Aix, en raison d&rsquo;un accident impliquant 4 v\u00e9hicules"},"content":{"rendered":"<p>\u00c0 hauteur du tunnel de Parette, dans le sens Aubagne-Aix (A50 vers A7), un accident vient d\u2019avoir eu lieu sur la rocade L2 \u00e0 Marseille. Il implique au moins quatre v\u00e9hicules, dont un deux-roues, et provoque la fermeture de cette voie de contournement de la cit\u00e9 phoc\u00e9enne. Il n\u2019est pas possible d\u2019emprunter l\u2019axe d\u00e8s Saint-Barnab\u00e9.<\/p>\n<p>Marins-pompiers et la Direction interd\u00e9partementale des routes M\u00e9diterran\u00e9e (Dirmed) sont sur place.<\/p>\n<p>Un autre bouchon important est en cours. Sur l\u2019A50 o\u00f9 la circulation est tr\u00e8s charg\u00e9e. La retenue sur cette autoroute s\u2019\u00e9tend jusqu\u2019\u00e0 Roquefort-la-B\u00e9doule. Au total\u00a0: presque 15 kilom\u00e8tres de tr\u00e8s forts ralentissements.<\/p>\n","protected":false},"excerpt":{"rendered":"\u00c0 hauteur du tunnel de Parette, dans le sens Aubagne-Aix (A50 vers A7), un accident vient d\u2019avoir eu&hellip;\n","protected":false},"author":2,"featured_media":66729,"comment_status":"","ping_status":"","sticky":false,"template":"","format":"standard","meta":{"footnotes":""},"categories":[2814],"tags":[17,119,1111,11,16742,2837,13635,1777,674,4069,1011,27,884,12,882,13637,16,25],"class_list":{"0":"post-66728","1":"post","2":"type-post","3":"status-publish","4":"format-standard","5":"has-post-thumbnail","7":"category-marseille","8":"tag-17","9":"tag-accident","10":"tag-actu","11":"tag-actualites","12":"tag-daubagne","13":"tag-dun","14":"tag-direction","15":"tag-eu","16":"tag-europe","17":"tag-fermee","18":"tag-fr","19":"tag-france","20":"tag-marseille","21":"tag-news","22":"tag-provence-alpes-cote-dazur","23":"tag-raison","24":"tag-region","25":"tag-republique-francaise"},"share_on_mastodon":{"url":"https:\/\/pubeurope.com\/@fr\/114432245988817136","error":""},"_links":{"self":[{"href":"https:\/\/www.europesays.com\/fr\/wp-json\/wp\/v2\/posts\/66728","targetHints":{"allow":["GET"]}}],"collection":[{"href":"https:\/\/www.europesays.com\/fr\/wp-json\/wp\/v2\/posts"}],"about":[{"href":"https:\/\/www.europesays.com\/fr\/wp-json\/wp\/v2\/types\/post"}],"author":[{"embeddable":true,"href":"https:\/\/www.europesays.com\/fr\/wp-json\/wp\/v2\/users\/2"}],"replies":[{"embeddable":true,"href":"https:\/\/www.europesays.com\/fr\/wp-json\/wp\/v2\/comments?post=66728"}],"version-history":[{"count":0,"href":"https:\/\/www.europesays.com\/fr\/wp-json\/wp\/v2\/posts\/66728\/revisions"}],"wp:featuredmedia":[{"embeddable":true,"href":"https:\/\/www.europesays.com\/fr\/wp-json\/wp\/v2\/media\/66729"}],"wp:attachment":[{"href":"https:\/\/www.europesays.com\/fr\/wp-json\/wp\/v2\/media?parent=66728"}],"wp:term":[{"taxonomy":"category","embeddable":true,"href":"https:\/\/www.europesays.com\/fr\/wp-json\/wp\/v2\/categories?post=66728"},{"taxonomy":"post_tag","embeddable":true,"href":"https:\/\/www.europesays.com\/fr\/wp-json\/wp\/v2\/tags?post=66728"}],"curies":[{"name":"wp","href":"https:\/\/api.w.org\/{rel}","templated":true}]}}