{"id":667301,"date":"2026-01-16T08:41:10","date_gmt":"2026-01-16T08:41:10","guid":{"rendered":"https:\/\/www.europesays.com\/fr\/667301\/"},"modified":"2026-01-16T08:41:10","modified_gmt":"2026-01-16T08:41:10","slug":"municipales-a-paris-gregoire-reconnait-des-rates-sur-la-proprete","status":"publish","type":"post","link":"https:\/\/www.europesays.com\/fr\/667301\/","title":{"rendered":"Municipales \u00e0 Paris: Gr\u00e9goire reconna\u00eet \u00ab\u00a0des rat\u00e9s\u00a0\u00bb sur la propret\u00e9"},"content":{"rendered":"<p class=\"mb-4 text-lg md:leading-8 break-words\">Le socialiste Emmanuel Gr\u00e9goire, candidat de l&rsquo;union de la gauche hors LFI aux municipales \u00e0 Paris, a reconnu vendredi \u00ab\u00a0des rat\u00e9s\u00a0\u00bb, notamment sur les questions de propret\u00e9, de s\u00e9curit\u00e9 mais aussi en mati\u00e8re de violences sexuelles et sexistes contre les femmes.<\/p>\n<p class=\"mb-4 text-lg md:leading-8 break-words\">\u00ab\u00a0Bien s\u00fbr qu&rsquo;il y a des rat\u00e9s, il y a toujours des rat\u00e9s. On ne fait jamais les choses parfaitement. (&#8230;) Je pense qu&rsquo;en mati\u00e8re d&rsquo;entretien d&rsquo;espace public, de propret\u00e9, on peut encore am\u00e9liorer les choses. Je pense en mati\u00e8re de s\u00e9curit\u00e9. Je pense en particulier au sujet des violences sexuelles et sexistes contre les femmes dans l&rsquo;espace public\u00a0\u00bb, a-t-il d\u00e9clar\u00e9 sur TF1.<\/p>\n<p class=\"mb-4 text-lg md:leading-8 break-words\">Sur la propret\u00e9, Emmanuel Gr\u00e9goire estime que la privatisation de la collecte des ordures propos\u00e9e par d&rsquo;autres candidats comme Rachida Dati (LR), Pierre-Yves Bournazel (Horizons) ou Sarah Knafo (Reconqu\u00eate!) est \u00ab\u00a0une mauvaise id\u00e9e\u00a0\u00bb qui \u00ab\u00a0n&rsquo;apporte pas de qualit\u00e9 de service suppl\u00e9mentaire\u00a0\u00bb.<\/p>\n<p class=\"mb-4 text-lg md:leading-8 break-words\">\u00ab\u00a0Le sujet, c&rsquo;est plut\u00f4t (&#8230;) l&rsquo;entretien des rues, le balayage des rues, le nettoyage des rues avec des engins m\u00e9canis\u00e9s. On a tout un projet pour moderniser cette flotte qui est charg\u00e9e de nettoyer l&rsquo;espace public\u00a0\u00bb, a-t-il indiqu\u00e9.<\/p>\n<p class=\"mb-4 text-lg md:leading-8 break-words\">Il propose aussi de \u00ab\u00a0mieux sanctionner les incivilit\u00e9s\u00a0\u00bb, pointant les gens qui \u00ab\u00a0sans faire attention jettent leur m\u00e9got\u00a0\u00bb ou \u00ab\u00a0ne ramassent pas des d\u00e9jections canines\u00a0\u00bb.<\/p>\n<p class=\"mb-4 text-lg md:leading-8 break-words\">Interrog\u00e9 sur la progression de l&rsquo;extr\u00eame droite dans la capitale, Emmanuel Gr\u00e9goire s&rsquo;est dit \u00ab\u00a0pr\u00e9occup\u00e9\u00a0\u00bb. \u00ab\u00a0\u00c7a traduit, \u00e9videmment, beaucoup d&rsquo;inqui\u00e9tude, (&#8230;) une forme de sentiment de d\u00e9clin. Et nous, ce qu&rsquo;on veut, c&rsquo;est sortir de cela\u00a0\u00bb, a-t-il d\u00e9clar\u00e9, expliquant que Paris \u00ab\u00a0accueille depuis des si\u00e8cles des immigrations du monde entier\u00a0\u00bb.<\/p>\n<p class=\"mb-4 text-lg md:leading-8 break-words\">hdu\/cal\/sp<\/p>\n","protected":false},"excerpt":{"rendered":"Le socialiste Emmanuel Gr\u00e9goire, candidat de l&rsquo;union de la gauche hors LFI aux municipales \u00e0 Paris, a reconnu&hellip;\n","protected":false},"author":2,"featured_media":667302,"comment_status":"","ping_status":"","sticky":false,"template":"","format":"standard","meta":{"footnotes":""},"categories":[1888],"tags":[1111,1928,11,1927,8186,1777,674,1011,27,76755,780,12,1926,626,1925,17312,25,799],"class_list":{"0":"post-667301","1":"post","2":"type-post","3":"status-publish","4":"format-standard","5":"has-post-thumbnail","7":"category-paris","8":"tag-actu","9":"tag-actu-paris","10":"tag-actualites","11":"tag-actualites-paris","12":"tag-emmanuel-gregoire","13":"tag-eu","14":"tag-europe","15":"tag-fr","16":"tag-france","17":"tag-l39espace-public","18":"tag-lfi","19":"tag-news","20":"tag-news-paris","21":"tag-paris","22":"tag-paris-news","23":"tag-proprete","24":"tag-republique-francaise","25":"tag-violences-sexuelles"},"share_on_mastodon":{"url":"https:\/\/pubeurope.com\/@fr\/115903888402584969","error":""},"_links":{"self":[{"href":"https:\/\/www.europesays.com\/fr\/wp-json\/wp\/v2\/posts\/667301","targetHints":{"allow":["GET"]}}],"collection":[{"href":"https:\/\/www.europesays.com\/fr\/wp-json\/wp\/v2\/posts"}],"about":[{"href":"https:\/\/www.europesays.com\/fr\/wp-json\/wp\/v2\/types\/post"}],"author":[{"embeddable":true,"href":"https:\/\/www.europesays.com\/fr\/wp-json\/wp\/v2\/users\/2"}],"replies":[{"embeddable":true,"href":"https:\/\/www.europesays.com\/fr\/wp-json\/wp\/v2\/comments?post=667301"}],"version-history":[{"count":0,"href":"https:\/\/www.europesays.com\/fr\/wp-json\/wp\/v2\/posts\/667301\/revisions"}],"wp:featuredmedia":[{"embeddable":true,"href":"https:\/\/www.europesays.com\/fr\/wp-json\/wp\/v2\/media\/667302"}],"wp:attachment":[{"href":"https:\/\/www.europesays.com\/fr\/wp-json\/wp\/v2\/media?parent=667301"}],"wp:term":[{"taxonomy":"category","embeddable":true,"href":"https:\/\/www.europesays.com\/fr\/wp-json\/wp\/v2\/categories?post=667301"},{"taxonomy":"post_tag","embeddable":true,"href":"https:\/\/www.europesays.com\/fr\/wp-json\/wp\/v2\/tags?post=667301"}],"curies":[{"name":"wp","href":"https:\/\/api.w.org\/{rel}","templated":true}]}}