{"id":667303,"date":"2026-01-16T08:42:09","date_gmt":"2026-01-16T08:42:09","guid":{"rendered":"https:\/\/www.europesays.com\/fr\/667303\/"},"modified":"2026-01-16T08:42:09","modified_gmt":"2026-01-16T08:42:09","slug":"les-brocantes-et-vide-greniers-ou-chiner-a-paris-et-en-ile-de-france-samedi-17-et-dimanche-18-janvier","status":"publish","type":"post","link":"https:\/\/www.europesays.com\/fr\/667303\/","title":{"rendered":"Les brocantes et vide-greniers o\u00f9 chiner \u00e0 Paris et en \u00cele-de-France samedi 17 et dimanche 18 janvier"},"content":{"rendered":"<p>                    Par<br \/>\n        <strong><br \/>\n            <a href=\"https:\/\/actu.fr\/auteur\/thomas-martin\" title=\"Consulter tous les articles de Thomas Martin\" target=\"_blank\" rel=\"noopener\">Thomas Martin<\/a><br \/>\n                    <\/strong><\/p>\n<p>        Publi\u00e9 le<\/p>\n<p>            16 janv. 2026 \u00e0 7h31        <\/p>\n<p>Le week-end des samedi 17 et dimanche 18 janvier 2026, les amateurs de chine ont rendez-vous dans toute l\u2019\u00cele-de-France avec plusieurs <a href=\"https:\/\/actu.fr\/tag\/brocante\" target=\"_blank\" rel=\"noopener\">brocantes<\/a>, <a href=\"https:\/\/actu.fr\/tag\/vide-greniers\" target=\"_blank\" rel=\"noopener\">vide-greniers<\/a>. De Paris \u00e0 la Seine-et-Marne, en passant par l\u2019Essonne ou le Val-d\u2019Oise, ces \u00e9v\u00e9nements offrent une occasion id\u00e9ale de d\u00e9nicher des objets d\u2019occasion. Retrouvez les principaux rendez-vous pour organiser efficacement vos sorties.\u00a0<\/p>\n<p>Les brocantes et vide-greniers en \u00cele-de-France samedi 17 janvier\u00a0<\/p>\n<ul class=\" wall-content\">\n<li>Paris 13e : Brocante, Avenue d\u2019Italie (m\u00e9tro Place d\u2019Italie), 7h30-19h<\/li>\n<li>Paris 15e : Vide-greniers, Boulevard de Vaugirard \/ Place Raoul Dautry, d\u00e8s 7h30<\/li>\n<li>Paris 17e : Brocante,\u00a0 Place Charles Fillion<\/li>\n<li>Chilly-Mazarin (91) : Brocante &amp; vide-greniers, L\u2019Empire, 3, Route de Longjumeau, 7h-18h<\/li>\n<li>La Ville-du-Bois (91) : Vide-maison\/vide-garage, 15 chemin de la Croix Saint-Jacques, d\u00e8s 9h30<\/li>\n<li>Noisy-le-Grand (93) : Brocante collection, 4, Avenue Aristide Briand<\/li>\n<\/ul>\n<p>Les brocantes et vide-greniers en \u00cele-de-France dimanche 18 janvier<\/p>\n<ul class=\" wall-content\">\n<li>Paris 3e\/4e : Vide-greniers, Boulevard Beaumarchais (m\u00e9tro Bastille), 7h30-18h<\/li>\n<li>Paris 5e : Vide-greniers, Avenue des Gobelins,<\/li>\n<li>Paris 9e\/18e : Vide-greniers\/brocante, Boulevard de Clichy (face au Moulin Rouge)<\/li>\n<li>Paris 13e : Brocante, Avenue d\u2019Italie, 7h30-19h<\/li>\n<li>Paris 17e : Brocante, Place Charles Fillion<\/li>\n<li>Combs-la-Ville (77) : 38e Salon des collectionneurs, Gymnase Le Paloisel avenue du Paloisel, 8h30-17h30<\/li>\n<li>Cr\u00e9gy-l\u00e8s-Meaux (77) : Vide-greniers T\u00e9l\u00e9thon, Salle Signoret Montand, 8h30-16h<\/li>\n<li>Fontainebleau (17h) : Brocante\/antiquit\u00e9s, Place de l\u2019aigle noir \u00e0 c\u00f4t\u00e9 du man\u00e8ge, 9h-17h<\/li>\n<li>Chilly-Mazarin (91) : Brocante\/vide-greniers, L\u2019Empire, 3, Route de Longjumeau, 7h-18h<\/li>\n<li>Corbeil-Essonnes (91) : Vide-greniers et march\u00e9 aux puces, Place d\u2019Essonnes (march\u00e9 couvert), 6h-16h<\/li>\n<li>Cergy (95) : Brocante\/vide-greniers, Parking Decathlon<\/li>\n<\/ul>\n<p class=\" wall-content\">Personnalisez votre actualit\u00e9 en ajoutant vos villes et m\u00e9dias en favori avec <a href=\"https:\/\/moncompte.actu.fr\" title=\"D\u00e9couvez Mon Actu\" rel=\"nofollow noopener\" data-trk=\"{&quot;cta&quot;:{&quot;action&quot;:&quot;https:\\\/\\\/moncompte.actu.fr&quot;,&quot;category&quot;:&quot;mon compte&quot;,&quot;from&quot;:&quot;article footer&quot;,&quot;name&quot;:&quot;Mon actu&quot;,&quot;type&quot;:&quot;cta&quot;}}\" target=\"_blank\">Mon Actu<\/a>.<\/p>\n","protected":false},"excerpt":{"rendered":"Par Thomas Martin Publi\u00e9 le 16 janv. 2026 \u00e0 7h31 Le week-end des samedi 17 et dimanche 18&hellip;\n","protected":false},"author":2,"featured_media":667304,"comment_status":"","ping_status":"","sticky":false,"template":"","format":"standard","meta":{"footnotes":""},"categories":[1888],"tags":[11,6961,1777,674,1011,27,1652,12,626,25,3365],"class_list":{"0":"post-667303","1":"post","2":"type-post","3":"status-publish","4":"format-standard","5":"has-post-thumbnail","7":"category-paris","8":"tag-actualites","9":"tag-brocante","10":"tag-eu","11":"tag-europe","12":"tag-fr","13":"tag-france","14":"tag-loisirs-culture","15":"tag-news","16":"tag-paris","17":"tag-republique-francaise","18":"tag-vide-greniers"},"share_on_mastodon":{"url":"https:\/\/pubeurope.com\/@fr\/115903892283399447","error":""},"_links":{"self":[{"href":"https:\/\/www.europesays.com\/fr\/wp-json\/wp\/v2\/posts\/667303","targetHints":{"allow":["GET"]}}],"collection":[{"href":"https:\/\/www.europesays.com\/fr\/wp-json\/wp\/v2\/posts"}],"about":[{"href":"https:\/\/www.europesays.com\/fr\/wp-json\/wp\/v2\/types\/post"}],"author":[{"embeddable":true,"href":"https:\/\/www.europesays.com\/fr\/wp-json\/wp\/v2\/users\/2"}],"replies":[{"embeddable":true,"href":"https:\/\/www.europesays.com\/fr\/wp-json\/wp\/v2\/comments?post=667303"}],"version-history":[{"count":0,"href":"https:\/\/www.europesays.com\/fr\/wp-json\/wp\/v2\/posts\/667303\/revisions"}],"wp:featuredmedia":[{"embeddable":true,"href":"https:\/\/www.europesays.com\/fr\/wp-json\/wp\/v2\/media\/667304"}],"wp:attachment":[{"href":"https:\/\/www.europesays.com\/fr\/wp-json\/wp\/v2\/media?parent=667303"}],"wp:term":[{"taxonomy":"category","embeddable":true,"href":"https:\/\/www.europesays.com\/fr\/wp-json\/wp\/v2\/categories?post=667303"},{"taxonomy":"post_tag","embeddable":true,"href":"https:\/\/www.europesays.com\/fr\/wp-json\/wp\/v2\/tags?post=667303"}],"curies":[{"name":"wp","href":"https:\/\/api.w.org\/{rel}","templated":true}]}}