{"id":667305,"date":"2026-01-16T08:43:23","date_gmt":"2026-01-16T08:43:23","guid":{"rendered":"https:\/\/www.europesays.com\/fr\/667305\/"},"modified":"2026-01-16T08:43:23","modified_gmt":"2026-01-16T08:43:23","slug":"paris-previsions-meteo-du-vendredi-16-janvier-2026","status":"publish","type":"post","link":"https:\/\/www.europesays.com\/fr\/667305\/","title":{"rendered":"Paris : pr\u00e9visions m\u00e9t\u00e9o du vendredi 16 janvier 2026"},"content":{"rendered":"<p>\u00c0 Paris, la journ\u00e9e reste tr\u00e8s nuageuse avec une l\u00e9g\u00e8re douceur hivernale autour de 10 \u00e0 12 \u00b0C. Le vent souffle mod\u00e9r\u00e9ment, sans risque de pr\u00e9cipitations marqu\u00e9es, dans une ambiance humide mais stable.<\/p>\n<p>    Ce matin : grisaille et douceur relative<\/p>\n<p>Le soleil est cens\u00e9 se lever \u00e0 08 h 37, mais une \u00e9paisse couche nuageuse masque toute luminosit\u00e9 directe. Les lampadaires restent presque indispensables aux abords des quais.<\/p>\n<p>\u00c0 09 h, le thermom\u00e8tre affiche <b>10 \u00b0C<\/b> pour un ressenti de <b>8 \u00b0C<\/b>. L\u2019humidit\u00e9 grimpe \u00e0 85 %, cr\u00e9ant une atmosph\u00e8re moite tandis que la pression se maintient \u00e0 1 011 hPa.<\/p>\n<p>Un vent de sud-sud-ouest souffle \u00e0 10 km\/h ; la probabilit\u00e9 d\u2019averse demeure insignifiante (3 %). N\u00e9anmoins, la vigilance reste de mise : l\u2019humidit\u00e9 accentue la sensation de froid d\u00e8s que l\u2019on reste immobile.<\/p>\n<p>Conseils pratiques : des gants l\u00e9gers et une veste d\u00e9perlante limitent la perte calorifique. Les surfaces m\u00e9talliques, humides, peuvent s\u2019av\u00e9rer glissantes pour les cyclistes.<\/p>\n<p>Apr\u00e8s-midi : couverture nuageuse compacte et rafales mod\u00e9r\u00e9es<\/p>\n<p>Vers 15 h, la capitale atteint son maximum journalier : <b>12 \u00b0C<\/b>, ressenti <b>9 \u00b0C<\/b>. L\u2019humidit\u00e9 recule \u00e0 61 % tandis que la pression gagne un hectoPascal, passant \u00e0 1 012 hPa.<\/p>\n<p>Le vent reste orient\u00e9 sud-sud-ouest, avec une moyenne de 14 km\/h. Les mod\u00e8les pr\u00e9voient des <b>rafales jusqu\u2019\u00e0 48 km\/h<\/b> \u2013 un seuil suffisant pour renverser un panneau l\u00e9ger ou d\u00e9coiffer les parapluies.<\/p>\n<ul>\n<li>Visibilit\u00e9 correcte malgr\u00e9 la couverture nuageuse.<\/li>\n<li>Indice UV quasi nul : pas de protection solaire indispensable.<\/li>\n<li>Risque de pluie faible : 5 %, sans cumul mesurable.<\/li>\n<\/ul>\n<p>Service &amp; pr\u00e9vention : il est conseill\u00e9 de s\u00e9curiser les bacs de balcon et d\u2019\u00e9viter de stationner scooters et trottinettes sous les platanes, car une bourrasque peut les faire chuter.<\/p>\n<p>Climat : ces coups de vent, bien que mod\u00e9r\u00e9s, illustrent la fr\u00e9quence accrue des perturbations atlantiques en hiver, un ph\u00e9nom\u00e8ne \u00e9tudi\u00e9 par Copernicus concernant le d\u00e9placement des couloirs d\u00e9pressionnaires.<\/p>\n<p>Soir : stabilit\u00e9 nuageuse avant un coucher de soleil masqu\u00e9<\/p>\n<p>\u00c0 17 h 22, le disque solaire s\u2019efface derri\u00e8re l\u2019horizon mais demeure invisible pour l\u2019observateur parisien. L\u2019atmosph\u00e8re reste satur\u00e9e de nuages bas, ne laissant passer que quelques rares perc\u00e9es orang\u00e9es.<\/p>\n<p>\u00c0 21 h, la temp\u00e9rature revient \u00e0 <b>10 \u00b0C<\/b> avec un ressenti de <b>8 \u00b0C<\/b>. L\u2019humidit\u00e9 atteint 81 %, la pression s\u2019\u00e9l\u00e8ve \u00e0 1 014 hPa, signalant un discret anticyclone.<\/p>\n<p>Le flux bascule sud-est, \u00e0 9 km\/h, avec des rafales \u00e0 18 km\/h. La probabilit\u00e9 de pluie grimpe \u00e0 10 %, mais reste trop faible pour une v\u00e9ritable ond\u00e9e.<\/p>\n<p>Impact concret : les pav\u00e9s resteront humides ; prudence pour les pi\u00e9tons press\u00e9s autour de la place de la R\u00e9publique. Un reflet brillant peut faire croire \u00e0 une flaque alors qu\u2019il ne s\u2019agit que de condensation.<\/p>\n<p>Tendance pour jeudi 17 janvier : continuit\u00e9 sous un ciel ferm\u00e9<\/p>\n<p>En seconde partie de nuit, le mercure descendra vers <b>8 \u00b0C<\/b> (ressenti 7 \u00b0C) sous une humidit\u00e9 de 88 %. Les nuages resteront omnipr\u00e9sents, t\u00e9moignant d\u2019une masse d\u2019air toujours charg\u00e9e en vapeur.<\/p>\n<p>Demain, l\u2019\u00e9cart thermique se maintiendra entre <b>8 \u00b0C et 12 \u00b0C<\/b>. Probabilit\u00e9 d\u2019averses : 14 %, sans cumul significatif. Le vent, modeste (8 km\/h sud-est), limitera totalement les dispersions de polluants, d\u2019o\u00f9 une qualit\u00e9 de l\u2019air encore \u00ab ind\u00e9finie \u00bb.<\/p>\n<p>Sans apport de fronts actifs, aucune d\u00e9gradation majeure n\u2019est attendue. Toutefois, la persistance de l\u2019humidit\u00e9 pourrait favoriser brouillard matinal et micro-gouttelettes, g\u00eanant la circulation sur le p\u00e9riph\u00e9rique.<\/p>\n<p>Pour anticiper les \u00e9volutions du week-end ou planifier vos activit\u00e9s ext\u00e9rieures, consultez <a href=\"https:\/\/www.meteocity.com\/france\/paris-v2988507\/meteo-15-jours\" target=\"_blank\" rel=\"noopener\">notre bulletin 15 jours d\u00e9taill\u00e9<\/a>.<\/p>\n","protected":false},"excerpt":{"rendered":"\u00c0 Paris, la journ\u00e9e reste tr\u00e8s nuageuse avec une l\u00e9g\u00e8re douceur hivernale autour de 10 \u00e0 12 \u00b0C.&hellip;\n","protected":false},"author":2,"featured_media":667306,"comment_status":"","ping_status":"","sticky":false,"template":"","format":"standard","meta":{"footnotes":""},"categories":[1888],"tags":[11,1777,674,1011,27,12,626,25],"class_list":{"0":"post-667305","1":"post","2":"type-post","3":"status-publish","4":"format-standard","5":"has-post-thumbnail","7":"category-paris","8":"tag-actualites","9":"tag-eu","10":"tag-europe","11":"tag-fr","12":"tag-france","13":"tag-news","14":"tag-paris","15":"tag-republique-francaise"},"share_on_mastodon":{"url":"https:\/\/pubeurope.com\/@fr\/115903896171659678","error":""},"_links":{"self":[{"href":"https:\/\/www.europesays.com\/fr\/wp-json\/wp\/v2\/posts\/667305","targetHints":{"allow":["GET"]}}],"collection":[{"href":"https:\/\/www.europesays.com\/fr\/wp-json\/wp\/v2\/posts"}],"about":[{"href":"https:\/\/www.europesays.com\/fr\/wp-json\/wp\/v2\/types\/post"}],"author":[{"embeddable":true,"href":"https:\/\/www.europesays.com\/fr\/wp-json\/wp\/v2\/users\/2"}],"replies":[{"embeddable":true,"href":"https:\/\/www.europesays.com\/fr\/wp-json\/wp\/v2\/comments?post=667305"}],"version-history":[{"count":0,"href":"https:\/\/www.europesays.com\/fr\/wp-json\/wp\/v2\/posts\/667305\/revisions"}],"wp:featuredmedia":[{"embeddable":true,"href":"https:\/\/www.europesays.com\/fr\/wp-json\/wp\/v2\/media\/667306"}],"wp:attachment":[{"href":"https:\/\/www.europesays.com\/fr\/wp-json\/wp\/v2\/media?parent=667305"}],"wp:term":[{"taxonomy":"category","embeddable":true,"href":"https:\/\/www.europesays.com\/fr\/wp-json\/wp\/v2\/categories?post=667305"},{"taxonomy":"post_tag","embeddable":true,"href":"https:\/\/www.europesays.com\/fr\/wp-json\/wp\/v2\/tags?post=667305"}],"curies":[{"name":"wp","href":"https:\/\/api.w.org\/{rel}","templated":true}]}}