{"id":667309,"date":"2026-01-16T08:45:14","date_gmt":"2026-01-16T08:45:14","guid":{"rendered":"https:\/\/www.europesays.com\/fr\/667309\/"},"modified":"2026-01-16T08:45:14","modified_gmt":"2026-01-16T08:45:14","slug":"guerre-en-ukraine-une-centaine-de-drones-ukrainiens-interceptes-en-russie-deux-blesses-durant-lattaque-pres-de-moscou","status":"publish","type":"post","link":"https:\/\/www.europesays.com\/fr\/667309\/","title":{"rendered":"Guerre en Ukraine : une centaine de drones ukrainiens intercept\u00e9s en Russie, deux bless\u00e9s durant l&rsquo;attaque pr\u00e8s de Moscou"},"content":{"rendered":"<p class=\"ap-StoryElement ap-StoryElement--mb ap-StoryText\">La d\u00e9fense a\u00e9rienne russe a d\u00e9truit 106 drones ukrainiens dans la nuit de jeudi \u00e0 vendredi, selon l&rsquo;agence de presse \u00e9tatique Tass. La majorit\u00e9 d&rsquo;entre eux ont \u00e9t\u00e9 intercept\u00e9s au-dessus de la r\u00e9gion de Belgorod, \u00e0 la fronti\u00e8re avec l&rsquo;Ukraine.<\/p>\n<p class=\"ap-StoryElement ap-StoryElement--mb ap-StoryText\">Deux personnes ont par ailleurs \u00e9t\u00e9 bless\u00e9es \u00e0 la suite de l&rsquo;attaque ukrainienne dans la r\u00e9gion de Riazan, pr\u00e8s de Moscou, a indiqu\u00e9 sur Telegram le gouverneur de l&rsquo;oblast, Pavel Malkov. D&rsquo;apr\u00e8s ce dernier, des d\u00e9bris de drones sont \u00e9galement retomb\u00e9s sur un terrain industriel et les fa\u00e7ades de deux b\u00e2timents ont \u00e9t\u00e9 d\u00e9grad\u00e9es, ajoute l&rsquo;agence de presse russe.<\/p>\n","protected":false},"excerpt":{"rendered":"La d\u00e9fense a\u00e9rienne russe a d\u00e9truit 106 drones ukrainiens dans la nuit de jeudi \u00e0 vendredi, selon l&rsquo;agence&hellip;\n","protected":false},"author":2,"featured_media":667310,"comment_status":"","ping_status":"","sticky":false,"template":"","format":"standard","meta":{"footnotes":""},"categories":[1590],"tags":[11,2120,1777,674,1146,12,132,220],"class_list":{"0":"post-667309","1":"post","2":"type-post","3":"status-publish","4":"format-standard","5":"has-post-thumbnail","7":"category-ukraine","8":"tag-actualites","9":"tag-conflit","10":"tag-eu","11":"tag-europe","12":"tag-guerre","13":"tag-news","14":"tag-russie","15":"tag-ukraine"},"share_on_mastodon":{"url":"https:\/\/pubeurope.com\/@fr\/115903904097350234","error":""},"_links":{"self":[{"href":"https:\/\/www.europesays.com\/fr\/wp-json\/wp\/v2\/posts\/667309","targetHints":{"allow":["GET"]}}],"collection":[{"href":"https:\/\/www.europesays.com\/fr\/wp-json\/wp\/v2\/posts"}],"about":[{"href":"https:\/\/www.europesays.com\/fr\/wp-json\/wp\/v2\/types\/post"}],"author":[{"embeddable":true,"href":"https:\/\/www.europesays.com\/fr\/wp-json\/wp\/v2\/users\/2"}],"replies":[{"embeddable":true,"href":"https:\/\/www.europesays.com\/fr\/wp-json\/wp\/v2\/comments?post=667309"}],"version-history":[{"count":0,"href":"https:\/\/www.europesays.com\/fr\/wp-json\/wp\/v2\/posts\/667309\/revisions"}],"wp:featuredmedia":[{"embeddable":true,"href":"https:\/\/www.europesays.com\/fr\/wp-json\/wp\/v2\/media\/667310"}],"wp:attachment":[{"href":"https:\/\/www.europesays.com\/fr\/wp-json\/wp\/v2\/media?parent=667309"}],"wp:term":[{"taxonomy":"category","embeddable":true,"href":"https:\/\/www.europesays.com\/fr\/wp-json\/wp\/v2\/categories?post=667309"},{"taxonomy":"post_tag","embeddable":true,"href":"https:\/\/www.europesays.com\/fr\/wp-json\/wp\/v2\/tags?post=667309"}],"curies":[{"name":"wp","href":"https:\/\/api.w.org\/{rel}","templated":true}]}}