{"id":66732,"date":"2025-05-01T11:05:08","date_gmt":"2025-05-01T11:05:08","guid":{"rendered":"https:\/\/www.europesays.com\/fr\/66732\/"},"modified":"2025-05-01T11:05:08","modified_gmt":"2025-05-01T11:05:08","slug":"accuse-dimmobilisme-pour-navoir-pris-aucune-sanction-a-luniversite-lyon-2-le-ministre-lance-desormais-un-appel-a-la-retenue","status":"publish","type":"post","link":"https:\/\/www.europesays.com\/fr\/66732\/","title":{"rendered":"accus\u00e9 d&rsquo;immobilisme pour n&rsquo;avoir pris aucune sanction \u00e0 l&rsquo;universit\u00e9 Lyon 2, le ministre lance d\u00e9sormais \u00ab\u00a0un appel \u00e0 la retenue\u00a0\u00bb"},"content":{"rendered":"<p itemprop=\"description\"><strong>Que deviennent les \u00e9tudiants qui ont perturb\u00e9 le cours de Fabrice Balanche le 1er avril dernier et qui occupent avec l&rsquo;aval de la pr\u00e9sidence la salle H103 du campus de Bron ?<\/strong><\/p>\n<p>Malgr\u00e9 l&#8217;emballement m\u00e9diatique nationale de l&rsquo;affaire Lyon 2, le minist\u00e8re de l&rsquo;Enseignement sup\u00e9rieur s&rsquo;est bien gard\u00e9 de prendre la moindre d\u00e9cision.<\/p>\n<p>Ce mercredi, lors de la s\u00e9ance de questions au gouvernement au S\u00e9nat, la s\u00e9natrice LR Agn\u00e8s Evren a interpell\u00e9 le ministre Philippe Baptiste, exigeant des informations sur l&rsquo;avanc\u00e9e d&rsquo;\u00e9ventuelles sanctions \u00e0 l&rsquo;encontre de ce groupuscule d&rsquo;\u00e9tudiants d&rsquo;ultra-gauche.<\/p>\n<p>Face aux parlementaires, le membre du gouvernement a d&rsquo;abord souhait\u00e9 apaiser sa relation avec la pr\u00e9sidente de l&rsquo;universit\u00e9 Lyon <a href=\"https:\/\/www.lyonmag.com\/profil-personnalite-lyonnaise\/749\/isabelle-von-bueltzingsloewen\" target=\"_blank\" rel=\"noopener\">Isabelle von Bueltzingsloewen<\/a> : \u00ab\u00a0La pr\u00e9sidente a pris \u00e0 ce moment-l\u00e0 toutes les d\u00e9cisions qui s&rsquo;imposaient. Elle a eu une expression malheureuse qu&rsquo;elle a publiquement clarifi\u00e9e apr\u00e8s\u00a0\u00bb, en r\u00e9f\u00e9rence \u00e0 son interview dans laquelle <a href=\"https:\/\/www.lyonmag.com\/article\/143357\/ses-propos-causent-enormement-de-tort-a-l-universite-la-presidente-de-lyon-2-enfonce-l-enseignant-fabrice-balanche-dont-le-cours-avait-ete-interrompu\" target=\"_blank\" rel=\"noopener\">elle l\u00e2chait Fabrice Balanche<\/a>, indiquant ne pas avoir \u00e9t\u00e9 \u00ab\u00a0\u00e9tonn\u00e9e\u00a0\u00bb que le ma\u00eetre de conf\u00e9rence ait \u00e9t\u00e9 cibl\u00e9, compte-tenu de ses prises de position.<\/p>\n<p>\u00ab\u00a0Il est intol\u00e9rable que le ma\u00eetre de conf\u00e9rence comme la pr\u00e9sidente d&rsquo;universit\u00e9 aient \u00e9t\u00e9 menac\u00e9s de mort\u00a0\u00bb, poursuivait Philippe Batiste, provoquant la col\u00e8re des s\u00e9nateurs LR qui ne voyaient pas venir l&rsquo;ombre d&rsquo;une r\u00e9ponse \u00e0 leur question.<\/p>\n<p>\u00ab\u00a0Ce n&rsquo;est pas &lsquo;Pas de vagues&rsquo;, c&rsquo;est un appel \u00e0 la retenue\u00a0\u00bb, se d\u00e9fendait encore le ministre de l&rsquo;Enseignement sup\u00e9rieur. Pour lui, \u00ab\u00a0l&rsquo;universit\u00e9 est un lieu de dialogue, de confrontation intellectuelle, de libert\u00e9 acad\u00e9mique encadr\u00e9s par la loi. Nous serons vigilants sur tous les d\u00e9bordements\u00a0\u00bb.<\/p>\n<p>Furieuse de ne pas avoir eu de r\u00e9ponse, Agn\u00e8s Evren reprenait la parole : \u00ab\u00a0Ce n&rsquo;est pas un petit incident provoqu\u00e9 par des petits jeunes exalt\u00e9s. C&rsquo;est une offensive concert\u00e9e d&rsquo;une extr\u00eame-gauche intol\u00e9rante et d&rsquo;un islamisme qui teste tous les jours nos limites. Il faut en finir avec cet \u00e9quilibrisme et r\u00e9agir avec c\u00e9l\u00e9rit\u00e9 et force. Nous n&rsquo;avons que trop comment\u00e9 avec la t\u00eate baiss\u00e9e. \u00c7a suffit\u00a0\u00bb.<\/p>\n","protected":false},"excerpt":{"rendered":"Que deviennent les \u00e9tudiants qui ont perturb\u00e9 le cours de Fabrice Balanche le 1er avril dernier et qui&hellip;\n","protected":false},"author":2,"featured_media":66733,"comment_status":"","ping_status":"","sticky":false,"template":"","format":"standard","meta":{"footnotes":""},"categories":[1889],"tags":[1111,11,2813,2190,2430,1109,251,1112,2811,1777,674,118,1011,27,1922,1110,1114,2428,2810,12,241,316,25,2812,517,800],"class_list":{"0":"post-66732","1":"post","2":"type-post","3":"status-publish","4":"format-standard","5":"has-post-thumbnail","7":"category-lyon","8":"tag-actu","9":"tag-actualites","10":"tag-article","11":"tag-asvel","12":"tag-auvergne-rhone-alpes","13":"tag-breves","14":"tag-culture","15":"tag-depeches","16":"tag-economique","17":"tag-eu","18":"tag-europe","19":"tag-faits-divers","20":"tag-fr","21":"tag-france","22":"tag-info","23":"tag-informations","24":"tag-infos","25":"tag-lyon","26":"tag-lyonmag","27":"tag-news","28":"tag-ol","29":"tag-politique","30":"tag-republique-francaise","31":"tag-sociale","32":"tag-sport","33":"tag-transports"},"share_on_mastodon":{"url":"https:\/\/pubeurope.com\/@fr\/114432253873454280","error":""},"_links":{"self":[{"href":"https:\/\/www.europesays.com\/fr\/wp-json\/wp\/v2\/posts\/66732","targetHints":{"allow":["GET"]}}],"collection":[{"href":"https:\/\/www.europesays.com\/fr\/wp-json\/wp\/v2\/posts"}],"about":[{"href":"https:\/\/www.europesays.com\/fr\/wp-json\/wp\/v2\/types\/post"}],"author":[{"embeddable":true,"href":"https:\/\/www.europesays.com\/fr\/wp-json\/wp\/v2\/users\/2"}],"replies":[{"embeddable":true,"href":"https:\/\/www.europesays.com\/fr\/wp-json\/wp\/v2\/comments?post=66732"}],"version-history":[{"count":0,"href":"https:\/\/www.europesays.com\/fr\/wp-json\/wp\/v2\/posts\/66732\/revisions"}],"wp:featuredmedia":[{"embeddable":true,"href":"https:\/\/www.europesays.com\/fr\/wp-json\/wp\/v2\/media\/66733"}],"wp:attachment":[{"href":"https:\/\/www.europesays.com\/fr\/wp-json\/wp\/v2\/media?parent=66732"}],"wp:term":[{"taxonomy":"category","embeddable":true,"href":"https:\/\/www.europesays.com\/fr\/wp-json\/wp\/v2\/categories?post=66732"},{"taxonomy":"post_tag","embeddable":true,"href":"https:\/\/www.europesays.com\/fr\/wp-json\/wp\/v2\/tags?post=66732"}],"curies":[{"name":"wp","href":"https:\/\/api.w.org\/{rel}","templated":true}]}}