{"id":667332,"date":"2026-01-16T09:01:10","date_gmt":"2026-01-16T09:01:10","guid":{"rendered":"https:\/\/www.europesays.com\/fr\/667332\/"},"modified":"2026-01-16T09:01:10","modified_gmt":"2026-01-16T09:01:10","slug":"mathis-le-berre-courir-de-maniere-offensive-actualite","status":"publish","type":"post","link":"https:\/\/www.europesays.com\/fr\/667332\/","title":{"rendered":"Mathis Le Berre : \u00ab Courir de mani\u00e8re offensive \u00bb &#8211; Actualit\u00e9"},"content":{"rendered":"<p dir=\"ltr\">Mathis Le Berre est d\u00e9j\u00e0 comme un poisson dans l\u2019eau chez TotalEnergies. \u201cJ\u2019ai vite pris mes rep\u00e8res. J\u2019ai \u00e9t\u00e9 bien int\u00e9gr\u00e9, j\u2019ai l\u2019impression d\u2019\u00eatre dans l\u2019\u00e9quipe depuis un an\u201d, appr\u00e9cie-t-il aupr\u00e8s de DirectVelo, \u00e0 l\u2019occasion du stage de son \u00e9quipe \u00e0 Calpe, sur la Costa Blanca, en Espagne.<\/p>\n<p dir=\"ltr\">Apr\u00e8s trois ann\u00e9es chez Ark\u00e9a-B&amp;B H\u00f4tels, le Breton avait une certaine crainte en arrivant dans une nouvelle \u00e9quipe, bien qu\u2019il soit rest\u00e9 dans une structure fran\u00e7aise. \u201cIl y a quand m\u00eame beaucoup de changements. Je suis quelqu\u2019un de tr\u00e8s sensible \u00e0 cela, j\u2019ai ma petite routine. \u00c7a peut vite me perturber mais l\u00e0 ce n\u2019est pas le cas\u201d. <\/p>\n<p><strong>\u00ab TOUT SE FAIT NATURELLEMENT \u00bb<\/strong><\/p>\n<p><strong><a href=\"https:\/\/www.directvelo.com\/coureur\/27102\/mathis-le-berre\" target=\"_blank\" rel=\"noopener\">Mathis Le Berre<\/a><\/strong> se dit surpris de l\u2019ambiance qu\u2019il a trouv\u00e9e dans la structure vend\u00e9enne. \u201cTout se fait naturellement, c\u2019est tr\u00e8s famille. On rigole beaucoup mais quand on travaille, on le fait \u00e0 200 %. L\u2019\u00e9quipe met beaucoup de choses en place pour la performance alors qu\u2019elle n\u2019a pas le plus grand des budgets\u201d.<\/p>\n<p>Le Costarmoricain a longtemps \u00e9t\u00e9 dans l\u2019incertitude quant \u00e0 son avenir. La situation s\u2019est d\u00e9bloqu\u00e9e pour lui dans la seconde partie du mois d\u2019ao\u00fbt. \u201cJe n\u2019en parlais pas forc\u00e9ment mais \u00e7a me travaillait. Je me suis demand\u00e9 si ma carri\u00e8re n\u2019allait pas s\u2019arr\u00eater l\u00e0\u201d. Ce gar\u00e7on fiable dans un collectif a bien eu du mal \u00e0 comprendre. \u201cC\u2019est incroyable d\u2019avoir eu autant de mal \u00e0 trouver une \u00e9quipe. Je ne suis pas un champion mais je suis un \u00e9quipier d\u00e9vou\u00e9 \u00e0 200 %. Je pense que les \u00e9quipes ne s\u2019en rendaient pas compte, sauf TotalEnergies que je remercie. J\u2019ai des valeurs que j\u2019ai toujours respect\u00e9es. Je n\u2019ai pas pens\u00e9 \u00e0 moi chez Ark\u00e9a-B&amp;B H\u00f4tels\u201d.<\/p>\n<p>Mathis Le Berre ne regrette pas son altruisme au sein de l\u2019\u00e9quipe bretonne. \u201cJe me suis cantonn\u00e9 dans un r\u00f4le, donc forc\u00e9ment je n\u2019avais plus ma carte. J\u2019aurais peut-\u00eatre d\u00fb plus penser \u00e0 moi mais ce n\u2019est pas ma mani\u00e8re de voir les choses\u201d. Il s\u2019est fait plaisir \u00e0 aider K\u00e9vin Vauquelin, notamment sur le Tour de Suisse ou le Tour de France. Les deux hommes avaient selon Mathis Le Berre une confiance mutuelle. \u201cVu comment il marchait, je donnais tout pour lui. J\u2019aimais bien \u00e7a\u201d. <\/p>\n<p>Le 5e de la Polynormande aurait en revanche pr\u00e9f\u00e9r\u00e9 participer \u00e0 davantage de manches de la Coupe de France plut\u00f4t que de multiplier les courses en WorldTour. \u201cCe n\u2019est pas tout le temps dr\u00f4le quand tu sais qu\u2019il reste 80 kilom\u00e8tres \u00e0 faire dans le grupetto. Mais je n\u2019ai aucun regret, j\u2019ai v\u00e9cu une belle exp\u00e9rience chez Ark\u00e9a\u201d. <\/p>\n<p><strong>\u00ab JE N\u2019Y PENSE PAS \u00bb<\/strong><\/p>\n<p>Comme il y a un an, il attaque la saison au sein d\u2019une \u00e9quipe sans partenaire majeur pour l\u2019ann\u00e9e suivante. \u201cJe n\u2019y pense pas, promet-il. Je l\u2019ai tellement fait l\u2019an dernier que je ne veux pas le refaire. Bien s\u00fbr, j&rsquo;esp\u00e8re ne pas revivre la m\u00eame situation mais je fais confiance \u00e0 St\u00e9phane Heulot et Jean-Ren\u00e9 Bernaudeau\u201d.<\/p>\n<p>Ces derni\u00e8res semaines, il a travaill\u00e9 diff\u00e9remment pour \u00eatre pr\u00eat d\u00e8s le d\u00e9but de saison. \u201cHabituellement, je mets toujours du temps \u00e0 me mettre en route\u201d. Il encha\u00eenera en d\u00e9but de saison l\u2019AlUla Tour, l\u2019Aveiro Classic, le Tour de la Provence, la Classic Var et les Boucles Dr\u00f4me-Ard\u00e8che. Pour la suite, tout d\u00e9pendra d\u2019une \u00e9ventuelle invitation de RCS sur ses courses. \u201cSi on est pris, je ferai les Strade Bianche, Milan-San Remo et Tirreno-Adriatico\u201d.<\/p>\n<p>Le coureur de 24 ans conna\u00eet ses envies pour la saison \u00e0 venir. \u201cJe veux courir de mani\u00e8re offensive. Si j\u2019ai l\u2019opportunit\u00e9 d\u2019aller dans les \u00e9chapp\u00e9es, je le ferai. Pour l\u2019image de l\u2019\u00e9quipe, c\u2019est important\u201d. Et partir dans de longues fugues est l\u2019une de ses grandes qualit\u00e9s pour se distinguer. \u201cQuand les champions mettent en route, c\u2019est impossible de suivre alors avoir un coup d\u2019avance, c\u2019est le seul moyen d\u2019aller loin dans la course\u201d.<\/p>\n<p>Mathis Le Berre souhaite aussi \u00eatre utile au collectif. \u201cJ\u2019aime prendre l&rsquo;initiative de parler dans l\u2019oreillette. Je suis quelqu\u2019un de tr\u00e8s pos\u00e9. J\u2019aime bien rassurer les gars. Je vais essayer de transmettre aux plus jeunes ce que j\u2019ai appris avec les anciens de chez Ark\u00e9a. C\u2019est important pour moi de les aider et je sais que \u00e7a tournera, ils m\u2019aideront eux aussi. C\u2019est une \u00e9quipe qui a beaucoup de vainqueurs diff\u00e9rents\u201d. Il esp\u00e8re bien en faire partie cette saison.\u00a0<\/p>\n","protected":false},"excerpt":{"rendered":"Mathis Le Berre est d\u00e9j\u00e0 comme un poisson dans l\u2019eau chez TotalEnergies. \u201cJ\u2019ai vite pris mes rep\u00e8res. J\u2019ai&hellip;\n","protected":false},"author":2,"featured_media":667333,"comment_status":"","ping_status":"","sticky":false,"template":"","format":"standard","meta":{"footnotes":""},"categories":[1411],"tags":[834,828,836,829,837,827,83,826,824,823,1154,207,814,817,815,816,822,821,832,211,839,1011,27,820,818,819,835,831,830,833,838,60,212,208,825],"class_list":{"0":"post-667332","1":"post","2":"type-post","3":"status-publish","4":"format-standard","5":"has-post-thumbnail","7":"category-cyclisme","8":"tag-attaque","9":"tag-belgique","10":"tag-braquet","11":"tag-bretagne","12":"tag-chute","13":"tag-competition","14":"tag-coupe-de-france","15":"tag-coureur","16":"tag-course-cyclisme","17":"tag-course-cycliste","18":"tag-cycling","19":"tag-cyclisme","20":"tag-direct","21":"tag-direct-velo","22":"tag-directvelo","23":"tag-directvelo-com","24":"tag-epreuve","25":"tag-epreuve-cycliste","26":"tag-federation-francaise-de-cyclisme","27":"tag-ffc","28":"tag-flandres","29":"tag-fr","30":"tag-france","31":"tag-live","32":"tag-live-course","33":"tag-live-epreuve","34":"tag-peloton","35":"tag-radio-peloton","36":"tag-radio-tour","37":"tag-ravitaillement","38":"tag-relance","39":"tag-sports","40":"tag-uci","41":"tag-velo","42":"tag-velos"},"share_on_mastodon":{"url":"https:\/\/pubeurope.com\/@fr\/115903967081657481","error":""},"_links":{"self":[{"href":"https:\/\/www.europesays.com\/fr\/wp-json\/wp\/v2\/posts\/667332","targetHints":{"allow":["GET"]}}],"collection":[{"href":"https:\/\/www.europesays.com\/fr\/wp-json\/wp\/v2\/posts"}],"about":[{"href":"https:\/\/www.europesays.com\/fr\/wp-json\/wp\/v2\/types\/post"}],"author":[{"embeddable":true,"href":"https:\/\/www.europesays.com\/fr\/wp-json\/wp\/v2\/users\/2"}],"replies":[{"embeddable":true,"href":"https:\/\/www.europesays.com\/fr\/wp-json\/wp\/v2\/comments?post=667332"}],"version-history":[{"count":0,"href":"https:\/\/www.europesays.com\/fr\/wp-json\/wp\/v2\/posts\/667332\/revisions"}],"wp:featuredmedia":[{"embeddable":true,"href":"https:\/\/www.europesays.com\/fr\/wp-json\/wp\/v2\/media\/667333"}],"wp:attachment":[{"href":"https:\/\/www.europesays.com\/fr\/wp-json\/wp\/v2\/media?parent=667332"}],"wp:term":[{"taxonomy":"category","embeddable":true,"href":"https:\/\/www.europesays.com\/fr\/wp-json\/wp\/v2\/categories?post=667332"},{"taxonomy":"post_tag","embeddable":true,"href":"https:\/\/www.europesays.com\/fr\/wp-json\/wp\/v2\/tags?post=667332"}],"curies":[{"name":"wp","href":"https:\/\/api.w.org\/{rel}","templated":true}]}}