{"id":667338,"date":"2026-01-16T09:04:10","date_gmt":"2026-01-16T09:04:10","guid":{"rendered":"https:\/\/www.europesays.com\/fr\/667338\/"},"modified":"2026-01-16T09:04:10","modified_gmt":"2026-01-16T09:04:10","slug":"franck-doucen-metteur-en-boite-dune-bretagne-disparue-expose-a-paris","status":"publish","type":"post","link":"https:\/\/www.europesays.com\/fr\/667338\/","title":{"rendered":"Franck Doucen, metteur en bo\u00eete d\u2019une Bretagne disparue, expose \u00e0 Paris"},"content":{"rendered":"<p>Casquette en laine viss\u00e9e sur le cr\u00e2ne, masque noir prenant tout le visage, \u00e9charpe nou\u00e9e autour du cou : Franck Doucen s\u2019offre peu au regard des autres. Seulement ses yeux, sombres. Une habitude prise depuis le covid. Un peu \u00ab anar \u00bb, comme il se d\u00e9crit, il a jou\u00e9 avec le feu en se promenant, \u00e0 l\u2019\u00e9poque, sans masque. Une p\u00e9riode qui le conduisit dans un service de r\u00e9animation d\u2019un h\u00f4pital parisien et dont il conserve des probl\u00e8mes de sant\u00e9, ce qui le contraint \u00e0 d\u00e9sormais se surprot\u00e9ger. M\u00eame si, quand on tend parfois l\u2019oreille pour capter une voix qui peine \u00e0 traverser le morceau de tissu \u00e9pais pos\u00e9 sur sa bouche, on comprend que le plasticien et po\u00e8te (il est l\u2019auteur de \u00ab Ni papier ni crayon \u00bb, Ex-Maudits, publi\u00e9 en septembre 2024) n\u2019\u00e9tait d\u00e9j\u00e0 pas du genre \u00e0 s\u2019exposer.<\/p>\n<p>Pendant vingt ans, c\u2019est dans le secret de son petit appartement de 18 m2, au 6e \u00e9tage d\u2019un immeuble du XVIIe arrondissement de Paris, qu\u2019il retrouvait le soir venu ses \u00ab installations \u00bb, comme il les appelle, apr\u00e8s une journ\u00e9e pass\u00e9e \u00e0 distribuer le courrier en tant que facteur ou \u00e0 manipuler des objets comme magasinier dans le cin\u00e9ma. Des bo\u00eetes fabriqu\u00e9es \u00e0 partir de rebuts de mat\u00e9riaux et, \u00e0 l\u2019int\u00e9rieur desquelles, il m\u00e9lange objets de poup\u00e9es et textes pour faire revivre une Bretagne disparue.<\/p>\n<blockquote><p>Avec mes grands-parents, j\u2019ai appris le breton. J\u2019ai compris que leur langue n\u2019\u00e9tait pas uniquement un moyen de communication. C\u2019\u00e9tait aussi une vision du monde. Leurs mots avaient des rides. Ils parlaient une langue qui datait du Ve si\u00e8cle. <\/p><\/blockquote>\n<p>\u00ab Une vision du monde \u00bb<\/p>\n<p>Natif de Saint-Brieuc, le quinquag\u00e9naire a grandi face \u00e0 la plage des Rosaires, \u00e0 Pl\u00e9rin (22). Mais il a aussi pass\u00e9 du temps chez ses grands-parents, en particulier au Moustoir (22), pr\u00e8s de Carhaix (29). Une famille qui ne parlait que breton et aupr\u00e8s de laquelle il a pu capter, comme il le raconte, \u00ab les derniers feux d\u2019une civilisation. \u00bb Sa m\u00e8re, Claudette Le Guellec a fond\u00e9, en 1979, l\u2019\u00e9cole Diwan de Saint-Brieuc. Elle est d\u00e9c\u00e9d\u00e9e en 2000. Ils sont d\u00e9sormais tous r\u00e9unis \u00e0 travers ces 48 bo\u00eetes. \u00ab Avec mes grands-parents, j\u2019ai appris le breton. J\u2019ai compris que leur langue n\u2019\u00e9tait pas uniquement un moyen de communication. C\u2019\u00e9tait aussi une vision du monde. Leurs mots avaient des rides. Ils parlaient une langue qui datait du Ve si\u00e8cle \u00bb, explique-t-il, alors que son t\u00e9l\u00e9phone diffuse une vid\u00e9o de la po\u00e9tesse du Tr\u00e9gor, Anjela Duval.<\/p>\n<p>Depuis d\u00e9cembre, ces fragments d\u2019une Bretagne ancestrale ont quitt\u00e9 son petit appartement, pour \u00eatre expos\u00e9s, pour la premi\u00e8re fois, et jusqu\u2019au 24 janvier, dans une galerie de la rue Lepic, \u00e0 Montmartre (*). C\u2019est l\u2019artiste brestois Pierre Malma qui l\u2019a pouss\u00e9 \u00e0 forcer sa nature discr\u00e8te.<\/p>\n<blockquote><p>Comme les marins p\u00eacheurs, c\u2019est une vie par gros temps. J\u2019ai souvent \u00e9t\u00e9 confront\u00e9 \u00e0 \u00e7a. <\/p><\/blockquote>\n<p>Contraint de faire ses cartons<\/p>\n<p>Rien ne pr\u00e9destinait Franck Doucen \u00e0 devenir artiste. Jeune, il aspirait, comme beaucoup de gamins de son \u00e2ge, \u00e0 devenir footballeur. Milieu d\u00e9fensif \u00e0 l\u2019AS Ginglin, de Saint-Brieuc, puis recrut\u00e9 \u00e0 Guingamp (22), l\u2019aventure s\u2019est arr\u00eat\u00e9e assez vite. Il s\u2019est ensuite r\u00e9fugi\u00e9 dans une autre passion, la lecture. \u00ab Mon p\u00e8re, boursier, m\u2019a forc\u00e9 \u00e0 apprendre le dictionnaire et \u00e0 lire tous les \u00e9t\u00e9s \u00bb, raconte-t-il, citant pour auteurs Cesare Pavese, Georges Bataille ou Ren\u00e9 Char.<\/p>\n<p>Toujours pouss\u00e9 par son p\u00e8re, il a suivi des \u00e9tudes de droit, jusqu\u2019au doctorat, \u00e0 Rennes. Mais son truc \u00e0 lui, c\u2019\u00e9tait l\u2019histoire de l\u2019art. En cr\u00e9ant ses bo\u00eetes, \u00e0 partir de 2006, autour de ses \u00ab fant\u00f4mes \u00bb, il s\u2019est finalement autoform\u00e9. \u00ab C\u2019\u00e9tait une forme de douleur. L\u2019absence de la pr\u00e9sence puis la pr\u00e9sence de l\u2019absence. J\u2019ai commenc\u00e9 \u00e0 cr\u00e9er. \u00bb<\/p>\n<p>Mais jusqu\u2019\u00e0 quand ? Car au moment m\u00eame o\u00f9 d\u00e9marrait l\u2019exposition, en d\u00e9cembre, il apprenait qu\u2019il devrait bient\u00f4t &#8211; fin mars &#8211; quitter son appartement d\u2019o\u00f9 tout est parti. La propri\u00e9taire l\u2019a vendu et il doit faire ses cartons. Que deviendra-t-il ? Et ses bo\u00eetes ? \u00ab Je n\u2019en sais rien. Comme les marins p\u00eacheurs, c\u2019est une vie par gros temps. J\u2019ai souvent \u00e9t\u00e9 confront\u00e9 \u00e0 \u00e7a \u00bb, philosophe Franck. Les vents ne sont toutefois pas toujours mauvais. Bient\u00f4t contraintes de quitter leur nid, ses \u0153uvres \u00e0 cheval entre art contemporain et art brut trouveront peut-\u00eatre refuge en Bretagne, terre d\u2019accueil. Pour une nouvelle exposition, au plus pr\u00e8s de leurs racines. L\u2019histoire attend d\u2019\u00eatre \u00e9crite. Avis aux amateurs.<\/p>\n<p class=\"note\">* Exposition \u00ab Plec\u2019h eoc\u2019h ? \u00bb (O\u00f9 \u00eates-vous ?), galerie La Moulinette, jusqu&rsquo;au 24 janvier.<\/p>\n","protected":false},"excerpt":{"rendered":"Casquette en laine viss\u00e9e sur le cr\u00e2ne, masque noir prenant tout le visage, \u00e9charpe nou\u00e9e autour du cou&hellip;\n","protected":false},"author":2,"featured_media":667339,"comment_status":"","ping_status":"","sticky":false,"template":"","format":"standard","meta":{"footnotes":""},"categories":[1358],"tags":[8913,1348,1384,1385,829,2171,251,872,1386,58,59,1011,27,76757,16048,50956,4853,4937],"class_list":{"0":"post-667338","1":"post","2":"type-post","3":"status-publish","4":"format-standard","5":"has-post-thumbnail","7":"category-arts-et-design","8":"tag-art-plastique","9":"tag-arts","10":"tag-arts-and-design","11":"tag-arts-et-design","12":"tag-bretagne","13":"tag-cotes-darmor","14":"tag-culture","15":"tag-culture-et-loisirs","16":"tag-design","17":"tag-divertissement","18":"tag-entertainment","19":"tag-fr","20":"tag-france","21":"tag-le-moustoir","22":"tag-newsletter-aujourdhui-en-bretagne","23":"tag-plerin","24":"tag-portraits","25":"tag-saint-brieuc"},"share_on_mastodon":{"url":"https:\/\/pubeurope.com\/@fr\/115903978690908854","error":""},"_links":{"self":[{"href":"https:\/\/www.europesays.com\/fr\/wp-json\/wp\/v2\/posts\/667338","targetHints":{"allow":["GET"]}}],"collection":[{"href":"https:\/\/www.europesays.com\/fr\/wp-json\/wp\/v2\/posts"}],"about":[{"href":"https:\/\/www.europesays.com\/fr\/wp-json\/wp\/v2\/types\/post"}],"author":[{"embeddable":true,"href":"https:\/\/www.europesays.com\/fr\/wp-json\/wp\/v2\/users\/2"}],"replies":[{"embeddable":true,"href":"https:\/\/www.europesays.com\/fr\/wp-json\/wp\/v2\/comments?post=667338"}],"version-history":[{"count":0,"href":"https:\/\/www.europesays.com\/fr\/wp-json\/wp\/v2\/posts\/667338\/revisions"}],"wp:featuredmedia":[{"embeddable":true,"href":"https:\/\/www.europesays.com\/fr\/wp-json\/wp\/v2\/media\/667339"}],"wp:attachment":[{"href":"https:\/\/www.europesays.com\/fr\/wp-json\/wp\/v2\/media?parent=667338"}],"wp:term":[{"taxonomy":"category","embeddable":true,"href":"https:\/\/www.europesays.com\/fr\/wp-json\/wp\/v2\/categories?post=667338"},{"taxonomy":"post_tag","embeddable":true,"href":"https:\/\/www.europesays.com\/fr\/wp-json\/wp\/v2\/tags?post=667338"}],"curies":[{"name":"wp","href":"https:\/\/api.w.org\/{rel}","templated":true}]}}