{"id":667363,"date":"2026-01-16T09:18:10","date_gmt":"2026-01-16T09:18:10","guid":{"rendered":"https:\/\/www.europesays.com\/fr\/667363\/"},"modified":"2026-01-16T09:18:10","modified_gmt":"2026-01-16T09:18:10","slug":"ligue-2-le-clermont-foot-veut-creer-la-surprise-a-saint-etienne","status":"publish","type":"post","link":"https:\/\/www.europesays.com\/fr\/667363\/","title":{"rendered":"Ligue 2 : le Clermont Foot veut cr\u00e9er la surprise \u00e0 Saint-\u00c9tienne"},"content":{"rendered":"<p class=\"PopSlotParagraph qg-tx2 qg-xtra-lh svelte-1r0pyek\">Le Clermont Foot va se confronter \u00e0\u00a0la <strong>plus grosse affluence de Ligue 2<\/strong> cette saison, avec plus de 30.000 spectateurs en moyenne. Compar\u00e9s aux 5.200 du stade Gabriel-Montpied, ce sera forc\u00e9ment un particulier pour les Clermontois, ce samedi 17 janvier.<\/p>\n<p class=\"PopSlotParagraph qg-tx2 qg-xtra-lh svelte-1r0pyek\">Un contexte qui motive les joueurs, m\u00eame s&rsquo;ils sont <strong>loin d&rsquo;\u00eatre favoris<\/strong> avant cette rencontre. Ils comptent arriver sans complexe et avec ambition. M\u00eame si\u00a0Clermont n&rsquo;a gagn\u00e9 qu&rsquo;une fois dans son histoire \u00e0 Geoffroy-Guichard, c&rsquo;\u00e9tait il y a 15 ans en Coupe de France.<\/p>\n","protected":false},"excerpt":{"rendered":"Le Clermont Foot va se confronter \u00e0\u00a0la plus grosse affluence de Ligue 2 cette saison, avec plus de&hellip;\n","protected":false},"author":2,"featured_media":667364,"comment_status":"","ping_status":"","sticky":false,"template":"","format":"standard","meta":{"footnotes":""},"categories":[9653],"tags":[1111,11,2430,1777,674,1011,27,12,25,4001],"class_list":{"0":"post-667363","1":"post","2":"type-post","3":"status-publish","4":"format-standard","5":"has-post-thumbnail","7":"category-saint-etienne","8":"tag-actu","9":"tag-actualites","10":"tag-auvergne-rhone-alpes","11":"tag-eu","12":"tag-europe","13":"tag-fr","14":"tag-france","15":"tag-news","16":"tag-republique-francaise","17":"tag-saint-etienne"},"share_on_mastodon":{"url":"https:\/\/pubeurope.com\/@fr\/115904033897236752","error":""},"_links":{"self":[{"href":"https:\/\/www.europesays.com\/fr\/wp-json\/wp\/v2\/posts\/667363","targetHints":{"allow":["GET"]}}],"collection":[{"href":"https:\/\/www.europesays.com\/fr\/wp-json\/wp\/v2\/posts"}],"about":[{"href":"https:\/\/www.europesays.com\/fr\/wp-json\/wp\/v2\/types\/post"}],"author":[{"embeddable":true,"href":"https:\/\/www.europesays.com\/fr\/wp-json\/wp\/v2\/users\/2"}],"replies":[{"embeddable":true,"href":"https:\/\/www.europesays.com\/fr\/wp-json\/wp\/v2\/comments?post=667363"}],"version-history":[{"count":0,"href":"https:\/\/www.europesays.com\/fr\/wp-json\/wp\/v2\/posts\/667363\/revisions"}],"wp:featuredmedia":[{"embeddable":true,"href":"https:\/\/www.europesays.com\/fr\/wp-json\/wp\/v2\/media\/667364"}],"wp:attachment":[{"href":"https:\/\/www.europesays.com\/fr\/wp-json\/wp\/v2\/media?parent=667363"}],"wp:term":[{"taxonomy":"category","embeddable":true,"href":"https:\/\/www.europesays.com\/fr\/wp-json\/wp\/v2\/categories?post=667363"},{"taxonomy":"post_tag","embeddable":true,"href":"https:\/\/www.europesays.com\/fr\/wp-json\/wp\/v2\/tags?post=667363"}],"curies":[{"name":"wp","href":"https:\/\/api.w.org\/{rel}","templated":true}]}}