{"id":667365,"date":"2026-01-16T09:19:14","date_gmt":"2026-01-16T09:19:14","guid":{"rendered":"https:\/\/www.europesays.com\/fr\/667365\/"},"modified":"2026-01-16T09:19:14","modified_gmt":"2026-01-16T09:19:14","slug":"portes-ouvertes-a-villers-les-nancy-2","status":"publish","type":"post","link":"https:\/\/www.europesays.com\/fr\/667365\/","title":{"rendered":"Portes ouvertes a Villers les Nancy"},"content":{"rendered":"<p>\t\t\t\t\t\t\t\t\t<a href=\"https:\/\/www.estrepublicain.fr\/pour-sortir\/loisirs\/Rencontre-conference\/Portes-ouvertes\/Lorraine\/Meurthe-et-moselle\/Villers-les-nancy\/2026\/02\/07\/javascript:history.back();\" rel=\"nofollow noopener\" class=\"backToSearch\" target=\"_blank\">Retour \u00e0 la recherche<\/a><\/p>\n<p class=\"media-desc\" itemprop=\"description\">&#13;<br \/>\n\t\t\t\t\tVenez d\u00e9couvrir TELECOM Nancy, grande \u00e9cole d\u2019ing\u00e9nieurs publique de l&rsquo;Universit\u00e9 de Lorraine dans le domaine de l\u2019informatique et des sciences du num\u00e9rique.&#13;<br \/>\n\t\t\t\t\t\t\t\t\t\t\t&#13;<br \/>\n\t\t\t\t\t\t\t\t\t\tCybers\u00e9curit\u00e9, intelligence artificielle, science des donn\u00e9es, syst\u00e8mes embarqu\u00e9s, sciences du logiciel, industrie du futur, management,  sant\u00e9 num\u00e9rique, syst\u00e8mes d\u2019information, r\u00e9seaux, objets connect\u00e9s, cloud computing, imagerie num\u00e9rique, &#8230; ces domaines vous int\u00e9ressent ? Au programme : pr\u00e9sentation des\u00a03 cursus ing\u00e9nieur de TELECOM Nancy, de leurs sp\u00e9cialit\u00e9s et de leurs d\u00e9bouch\u00e9s :\u00a0FISE : cursus sous statut \u00e9tudiant ; FISA : cursus sous statut apprenti : FISEA : cursus sous statut \u00e9tudiant puis apprenti, sp\u00e9cialis\u00e9 en cybers\u00e9curit\u00e9. Visite des locaux. D\u00e9couverte de la\u00a0vie associative\u00a0extrascolaire. D\u00e9monstration de\u00a0projets informatiques. Pr\u00e9sentation des plateformes technologiques et projets phares de l\u2019\u00e9cole, etc.&#13;\n\t\t\t\t  <\/p>\n","protected":false},"excerpt":{"rendered":"Retour \u00e0 la recherche &#13; Venez d\u00e9couvrir TELECOM Nancy, grande \u00e9cole d\u2019ing\u00e9nieurs publique de l&rsquo;Universit\u00e9 de Lorraine dans&hellip;\n","protected":false},"author":2,"featured_media":667366,"comment_status":"","ping_status":"","sticky":false,"template":"","format":"standard","meta":{"footnotes":""},"categories":[9635],"tags":[1111,11,1777,674,1011,27,775,1702,12,25],"class_list":{"0":"post-667365","1":"post","2":"type-post","3":"status-publish","4":"format-standard","5":"has-post-thumbnail","7":"category-nancy","8":"tag-actu","9":"tag-actualites","10":"tag-eu","11":"tag-europe","12":"tag-fr","13":"tag-france","14":"tag-grand-est","15":"tag-nancy","16":"tag-news","17":"tag-republique-francaise"},"share_on_mastodon":{"url":"https:\/\/pubeurope.com\/@fr\/115904037760100877","error":""},"_links":{"self":[{"href":"https:\/\/www.europesays.com\/fr\/wp-json\/wp\/v2\/posts\/667365","targetHints":{"allow":["GET"]}}],"collection":[{"href":"https:\/\/www.europesays.com\/fr\/wp-json\/wp\/v2\/posts"}],"about":[{"href":"https:\/\/www.europesays.com\/fr\/wp-json\/wp\/v2\/types\/post"}],"author":[{"embeddable":true,"href":"https:\/\/www.europesays.com\/fr\/wp-json\/wp\/v2\/users\/2"}],"replies":[{"embeddable":true,"href":"https:\/\/www.europesays.com\/fr\/wp-json\/wp\/v2\/comments?post=667365"}],"version-history":[{"count":0,"href":"https:\/\/www.europesays.com\/fr\/wp-json\/wp\/v2\/posts\/667365\/revisions"}],"wp:featuredmedia":[{"embeddable":true,"href":"https:\/\/www.europesays.com\/fr\/wp-json\/wp\/v2\/media\/667366"}],"wp:attachment":[{"href":"https:\/\/www.europesays.com\/fr\/wp-json\/wp\/v2\/media?parent=667365"}],"wp:term":[{"taxonomy":"category","embeddable":true,"href":"https:\/\/www.europesays.com\/fr\/wp-json\/wp\/v2\/categories?post=667365"},{"taxonomy":"post_tag","embeddable":true,"href":"https:\/\/www.europesays.com\/fr\/wp-json\/wp\/v2\/tags?post=667365"}],"curies":[{"name":"wp","href":"https:\/\/api.w.org\/{rel}","templated":true}]}}