{"id":667369,"date":"2026-01-16T09:21:11","date_gmt":"2026-01-16T09:21:11","guid":{"rendered":"https:\/\/www.europesays.com\/fr\/667369\/"},"modified":"2026-01-16T09:21:11","modified_gmt":"2026-01-16T09:21:11","slug":"lavis-des-candidats-a-la-mairie-de-la-seyne-sur-le-projet-visant-a-remplacer-latelier-mecanique","status":"publish","type":"post","link":"https:\/\/www.europesays.com\/fr\/667369\/","title":{"rendered":"L\u2019avis des candidats \u00e0 la mairie de La Seyne sur le projet visant \u00e0 remplacer l\u2019Atelier m\u00e9canique"},"content":{"rendered":"<p class=\"fs-5 \">Des centaines de commentaires. Le projet pr\u00e9sent\u00e9 a engendr\u00e9 un nombre consid\u00e9rable de r\u00e9actions sur les r\u00e9seaux sociaux. Le moins qu\u2019on puisse dire, c\u2019est qu\u2019elles sont tr\u00e8s contrast\u00e9es. Et pour l\u2019essentiel, plut\u00f4t d\u00e9favorables. L\u2019expression \u00ab Tout \u00e7a pour \u00e7a \u00bb revient r\u00e9guli\u00e8rement, comme pour illustrer la d\u00e9ception de nombre de Seynois qui s\u2019expriment. Beaucoup regrettent en premier lieu l\u2019absence d\u2019un cin\u00e9ma, attendu depuis bien des ann\u00e9es dans la deuxi\u00e8me ville du Var.<\/p>\n<p>        <img src=\"https:\/\/www.europesays.com\/fr\/wp-content\/uploads\/2026\/01\/1768555271_172_f5594c5_upload-1-6nficy0x0rf6-immersion1.jpg\"   loading=\"lazy\" decoding=\"async\" alt=\"Le projet conservera les deux principales nefs du b\u00e2timent. La plus petite, \u00e0 droite sur l\u2019image, sera d\u00e9truite et remplac\u00e9e par une construction ajour\u00e9e.\" class=\"img-fluid position-absolute w-100 object-fit-cover rounded-2\" width=\"600\" height=\"400\"\/><\/p>\n<p class=\"fs-5 \">Un \u00e9quipement jug\u00e9 \u00ab plus urgent \u00bb et \u00ab plus utile \u00bb qu\u2019un mus\u00e9e, un h\u00f4tel, un spa ou un restaurant\u2026 D\u2019autres \u00e9voquent au passage la piscine (ferm\u00e9e depuis novembre 2022), lass\u00e9s d\u2019attendre sa r\u00e9ouverture.<\/p>\n<p class=\"fs-5 \">Nombreux sont d\u2019ailleurs ceux qui pensent que le projet pr\u00e9sent\u00e9 n\u2019est pas \u00ab ancr\u00e9 dans le quotidien des Seynois \u00bb, qu\u2019il ne \u00ab r\u00e9pond pas \u00bb \u00e0 leurs attentes, en particulier les jeunes. Avec cette r\u00e9flexion r\u00e9currente : \u00ab Pourquoi la population n\u2019a-t-elle pas \u00e9t\u00e9 consult\u00e9e ? \u00bb. D\u2019autres pointent aussi les d\u00e9lais puisque la livraison du complexe n\u2019aurait pas lieu (au mieux) avant fin 2030. Du reste, beaucoup s\u2019interrogent sur le \u00ab timing \u00bb, estimant \u00ab \u00e9tonnant \u00bb que ce projet soit pr\u00e9sent\u00e9 \u00e0 quelques semaines des \u00e9lections municipales, avec l\u2019\u00e9ventualit\u00e9 que si la majorit\u00e9 bascule, le projet pourrait \u00eatre en partie\u2026 ou totalement revu.<\/p>\n<p class=\"fs-5 \">Certains candidats aux \u00e9lections municipales y pensent-ils d\u00e9j\u00e0 ? Nous leur avons demand\u00e9 leur avis.<\/p>\n<p>                                                                                Olivier Andrau (PS) : \u00ab Est-ce r\u00e9ellement ce que les habitants demandent aujourd\u2019hui ? \u00bb<\/p>\n<p class=\"fs-5 \">\u00ab Mus\u00e9e, spa, h\u00f4tel : est-ce r\u00e9ellement ce que les habitants demandent aujourd\u2019hui ? Ce projet souffre d\u2019un manque total de concertation pr\u00e9alable. Nous d\u00e9fendons au contraire une d\u00e9marche fond\u00e9e sur la participation des habitants. Nous regrettons notamment l\u2019absence d\u2019espaces au b\u00e9n\u00e9fice direct des Seynois, comme la cr\u00e9ation d\u2019un tiers-lieu ouvert \u00e0 tous. Et nous affirmons notre volont\u00e9 de porter un v\u00e9ritable projet de cin\u00e9ma, au-del\u00e0 du seul p\u00e9rim\u00e8tre de l\u2019atelier m\u00e9canique. \u00bb<\/p>\n<p>                                                                                Jean-Pierre Colin (DVD) : \u00ab Rien n\u2019est bien clair quant au budget de fonctionnement&#8230; \u00bb<\/p>\n<p class=\"fs-5 \">\u00abRien n\u2019est bien clair quant au budget de fonctionnement de ce projet. H\u00f4tel, bureaux, restaurants, parking, mus\u00e9e inclusif rappelant l\u2019histoire du site doivent bien entendu \u00eatre pr\u00e9sents. L\u2019attrait commercial doit \u00eatre compl\u00e9mentaire d\u2019une cath\u00e9drale d\u2019images, style Carri\u00e8re des lumi\u00e8res, telle que je l\u2019avais imagin\u00e9e il y a 6 ans. Je pr\u00e9cise par ailleurs qu\u2019un projet de cin\u00e9ma, pr\u00eat et financ\u00e9 dans mon programme municipal, est pr\u00e9vu \u00e0 c\u00f4t\u00e9 du stade Marquet. \u00bb<\/p>\n<p>                                                                                Fr\u00e9d\u00e9ric Dailleau (SE) : \u00ab Ce projet ne r\u00e9pond pas aux besoins des Seynois \u00bb<\/p>\n<p class=\"fs-5 \">\u00ab Nous sommes face \u00e0 un projet pharaonique, co\u00fbteux, qui, m\u00eame s\u2019il est majoritairement financ\u00e9 par des fonds priv\u00e9s, ne r\u00e9pond pas aux besoins r\u00e9els des Seynois. Si je suis \u00e9lu, nous serons en capacit\u00e9 de stopper ce projet et porterons un projet citoyen avec un mus\u00e9e d\u00e9di\u00e9 \u00e0 la m\u00e9moire des chantiers, des locaux associatifs et l\u2019\u00e9tude d\u2019un partenariat pour un cin\u00e9ma. Il est temps d\u2019en finir avec les projets d\u00e9connect\u00e9s et de revenir aux besoins concrets du terrain. \u00bb<\/p>\n<p>                                                                                Cheikh Mansour (Horizons) : \u00ab Un beau projet mais il faudrait y inclure un cin\u00e9ma \u00bb<\/p>\n<p class=\"fs-5 \">\u00ab C\u2019est un beau projet, ambitieux et attendu. Je regrette toutefois qu\u2019un cin\u00e9ma r\u00e9clam\u00e9 depuis longtemps par de nombreux Seynois n\u2019ait pas \u00e9t\u00e9 int\u00e9gr\u00e9. Si je suis \u00e9lu, je demanderai une modification afin de l\u2019inclure. Ce projet permettra de requalifier l\u2019ensemble du secteur et de cr\u00e9er de nouveaux emplois. \u00c0 ce titre, c\u2019est une avanc\u00e9e majeure dont on ne peut que se r\u00e9jouir \u00e0 condition qu\u2019elle reste \u00e0 l\u2019\u00e9coute des attentes des habitants. \u00bb<\/p>\n<p>                                                                                Dorian Munoz (RN) : \u00ab Nous portons un projet d\u2019envergure internationale \u00bb<\/p>\n<p class=\"fs-5 \">\u00ab C\u2019est une imposture politique. Depuis six ans, un entrepreneur seynois porte seul un projet ambitieux sur ce site des anciens chantiers navals. Aujourd\u2019hui, il a port\u00e9 plainte contre la mairie pour plagiat. De plus, cette man\u0153uvre \u00e9lectorale grossi\u00e8re devra \u00eatre int\u00e9gr\u00e9e aux comptes de campagne du candidat Minnitti. De notre c\u00f4t\u00e9, nous portons un projet d\u2019envergure &#8211; La Cit\u00e9 de la Mer et la Grande galerie Mare Nostrum \u2013 avec cette ambition : cr\u00e9er un \u201cMucem des mers et des oc\u00e9ans\u201d. \u00bb<\/p>\n<p>                                                                                Christophe Peuri\u00e8re (DVD) : \u00ab Seule la future majorit\u00e9 pourra d\u00e9cider de l\u2019avenir du site \u00bb<\/p>\n<p class=\"fs-5 \">\u00ab Le projet qui vient d&rsquo;\u00eatre d\u00e9voil\u00e9 est un \u00e9ni\u00e8me mirage. Depuis plus de 30 ans, de multiples projets infaisables ont fait l&rsquo;objet d&rsquo;intenses communications politiques. Sans lendemain. Par ailleurs, je suis \u00e9lu et j&rsquo;apprends le projet par la presse. Est-ce normal ? Je suis \u00e9lu et je n&rsquo;ai jamais vot\u00e9 le moindre budget sur ce projet. Est-ce normal ? (\u2026) Je refuse de cautionner une proc\u00e9dure qui n&rsquo;a aucun avenir. Seule la future majorit\u00e9 pourra d\u00e9cider de l\u2019avenir de l\u2019Atelier m\u00e9canique. J&rsquo;aurai l&rsquo;occasion de livrer nos id\u00e9es sur ce site au cours de la campagne \u00bb.<\/p>\n<p>                                                                                St\u00e9phane Sacco (DVG) : \u00ab La partie mus\u00e9ologique appara\u00eet s\u00e9rieuse mais&#8230; \u00bb<\/p>\n<p class=\"fs-5 \">\u00ab Rien n\u2019indique qu\u2019il ne s\u2019agit pas d\u2019un \u00e9ni\u00e8me effet d\u2019annonce avant l\u2019\u00e9lection. Si la partie mus\u00e9ographique appara\u00eet s\u00e9rieuse, son projet porteur, lui, n\u2019est pour l\u2019instant qu\u2019\u00e0 l\u2019\u00e9tat gazeux. Pour notre part, nous consid\u00e9rons que le p\u00f4le industriel constitu\u00e9 les deux anciens ateliers de la M\u00e9canique et des Chaudi\u00e8res\/Escalators doit accueillir des activit\u00e9s \u00e9conomiques porteuses d\u2019emplois orient\u00e9es vers les m\u00e9tiers et technologies du cin\u00e9ma et du spectacle vivant. \u00bb<\/p>\n<p>                                                                                Zohra Sidi Dris (LFI) : \u00ab Un projet con\u00e7u sans la moindre concertation \u00bb<\/p>\n<p class=\"fs-5 \">\u00ab Nous d\u00e9plorons l&rsquo;opacit\u00e9 dans laquelle la majorit\u00e9 municipale scelle l&rsquo;avenir de notre ville, sans la moindre concertation. C\u2019est pr\u00e9cis\u00e9ment avec cette gouvernance verticale et herm\u00e9tique que nous entendons marquer une rupture d\u00e9finitive. Concernant l\u2019Atelier m\u00e9canique, notre ambition est de cr\u00e9er une Maison de la culture, un p\u00f4le d&rsquo;excellence avec une offre cin\u00e9matographique d&rsquo;art et d&rsquo;essai (en coop\u00e9ration avec Six N\u2019\u00e9toiles), une sc\u00e8ne th\u00e9\u00e2trale et des infrastructures d\u00e9di\u00e9es au tissu associatif. Notre projet sera soumis \u00e0 une consultation citoyenne \u00bb.<\/p>\n","protected":false},"excerpt":{"rendered":"Des centaines de commentaires. Le projet pr\u00e9sent\u00e9 a engendr\u00e9 un nombre consid\u00e9rable de r\u00e9actions sur les r\u00e9seaux sociaux.&hellip;\n","protected":false},"author":2,"featured_media":667370,"comment_status":"","ping_status":"","sticky":false,"template":"","format":"standard","meta":{"footnotes":""},"categories":[9619],"tags":[1111,11,1777,674,1011,27,3434,12,882,25,2310],"class_list":{"0":"post-667369","1":"post","2":"type-post","3":"status-publish","4":"format-standard","5":"has-post-thumbnail","7":"category-toulon","8":"tag-actu","9":"tag-actualites","10":"tag-eu","11":"tag-europe","12":"tag-fr","13":"tag-france","14":"tag-municipales-2026","15":"tag-news","16":"tag-provence-alpes-cote-dazur","17":"tag-republique-francaise","18":"tag-toulon"},"share_on_mastodon":{"url":"https:\/\/pubeurope.com\/@fr\/115904045751734993","error":""},"_links":{"self":[{"href":"https:\/\/www.europesays.com\/fr\/wp-json\/wp\/v2\/posts\/667369","targetHints":{"allow":["GET"]}}],"collection":[{"href":"https:\/\/www.europesays.com\/fr\/wp-json\/wp\/v2\/posts"}],"about":[{"href":"https:\/\/www.europesays.com\/fr\/wp-json\/wp\/v2\/types\/post"}],"author":[{"embeddable":true,"href":"https:\/\/www.europesays.com\/fr\/wp-json\/wp\/v2\/users\/2"}],"replies":[{"embeddable":true,"href":"https:\/\/www.europesays.com\/fr\/wp-json\/wp\/v2\/comments?post=667369"}],"version-history":[{"count":0,"href":"https:\/\/www.europesays.com\/fr\/wp-json\/wp\/v2\/posts\/667369\/revisions"}],"wp:featuredmedia":[{"embeddable":true,"href":"https:\/\/www.europesays.com\/fr\/wp-json\/wp\/v2\/media\/667370"}],"wp:attachment":[{"href":"https:\/\/www.europesays.com\/fr\/wp-json\/wp\/v2\/media?parent=667369"}],"wp:term":[{"taxonomy":"category","embeddable":true,"href":"https:\/\/www.europesays.com\/fr\/wp-json\/wp\/v2\/categories?post=667369"},{"taxonomy":"post_tag","embeddable":true,"href":"https:\/\/www.europesays.com\/fr\/wp-json\/wp\/v2\/tags?post=667369"}],"curies":[{"name":"wp","href":"https:\/\/api.w.org\/{rel}","templated":true}]}}