{"id":667373,"date":"2026-01-16T09:23:08","date_gmt":"2026-01-16T09:23:08","guid":{"rendered":"https:\/\/www.europesays.com\/fr\/667373\/"},"modified":"2026-01-16T09:23:08","modified_gmt":"2026-01-16T09:23:08","slug":"pourquoi-la-prefete-a-fait-fermer-trois-nouveaux-commerces-a-montpellier-et-a-juvignac","status":"publish","type":"post","link":"https:\/\/www.europesays.com\/fr\/667373\/","title":{"rendered":"Pourquoi la pr\u00e9f\u00e8te a fait fermer trois nouveaux commerces \u00e0 Montpellier et \u00e0 Juvignac\u00a0?"},"content":{"rendered":"<p>                    Par<br \/>\n        <strong><br \/>\n            <a href=\"https:\/\/actu.fr\/auteur\/metropoop\" title=\"Consulter tous les articles de R\u00e9daction M\u00e9tropolitain\" target=\"_blank\" rel=\"noopener\">R\u00e9daction M\u00e9tropolitain<\/a><br \/>\n                    <\/strong><\/p>\n<p>        Publi\u00e9 le<\/p>\n<p>            16 janv. 2026 \u00e0 10h10        <\/p>\n<p>La nouvelle pr\u00e9f\u00e8te de l\u2019H\u00e9rault, <strong>Chantal Mauchet<\/strong> est sur la m\u00eame longueur d\u2019onde que son pr\u00e9d\u00e9cesseur, Fran\u00e7ois-Xavier Lauch parti dans le Pas-de-Calais sur la lutte contre les commerces qui ne respectent pas la loi. Elle aura certainement l\u2019occasion de le confirmer lors de la pr\u00e9sentation de sa feuille de route avec ses priorit\u00e9s pour cette ann\u00e9e. Par ailleurs, le nombre total de commerces ferm\u00e9s en 2025 sera r\u00e9v\u00e9l\u00e9.<\/p>\n<p class=\" wall-content\">Ce jeudi 15 janvier 2026, la pr\u00e9f\u00e8te a annonc\u00e9 la fermeture administrative de trois \u00e9tablissements, deux \u00e0 <strong>Montpellier<\/strong>, l\u2019autre \u00e0 <strong>Juvignac<\/strong>.<\/p>\n<p class=\" wall-content\">L\u2019\u00e9picerie <strong>\u00ab\u00a0Sas El Bahja<\/strong> \u00bb situ\u00e9e sur l\u2019avenue de Palavas \u00e0 Montpellier \u00e9cope de 1 mois de fermeture pour emploi d\u2019un \u00e9tranger non autoris\u00e9 \u00e0 travailler et dissimulation d\u2019emploi salari\u00e9.<\/p>\n<p class=\" wall-content\">Le restaurant <strong>\u00ab\u00a0Li\u2019s Raviolis Chinois \u00bb<\/strong> situ\u00e9 au 23 de la rue de l\u2019Universit\u00e9 \u00e0 Montpellier qui propose des chinois fait maison va devoir fermer son rideau pendant 3 mois\u00a0pour emploi d\u2019\u00e9trangers en situation irr\u00e9guli\u00e8re. Ces deux commer\u00e7ants sont vis\u00e9s par un rapport d\u2019enqu\u00eate des policiers du commissariat central \u00e0 la suite de contr\u00f4les fortuits, o\u00f9 ces infractions ont \u00e9t\u00e9 relev\u00e9es. Des rapports transmis en pr\u00e9fecture.<\/p>\n<p>Vid\u00e9os : en ce moment sur Actu<\/p>\n<p class=\" wall-content\">Enfin, l\u2019exploitant de la boucherie primeurs \u00e0 l\u2019enseigne <strong>\u00ab\u00a0Nacim \u00bb<\/strong>, implant\u00e9e sur la route de Saint-Georges-d\u2019Orques, dans la travers\u00e9e de Juvignac doit fermer 3 mois pour travail dissimul\u00e9 et emploi d\u2019\u00e9trangers non autoris\u00e9s \u00e0 travailler, suite \u00e0 des contr\u00f4les de la police municipale et des gendarmes de la compagnie de Castelnau-le-Lez.<\/p>\n<p class=\" wall-content\">Personnalisez votre actualit\u00e9 en ajoutant vos villes et m\u00e9dias en favori avec <a href=\"https:\/\/moncompte.actu.fr\" title=\"D\u00e9couvez Mon Actu\" rel=\"nofollow noopener\" data-trk=\"{&quot;cta&quot;:{&quot;action&quot;:&quot;https:\\\/\\\/moncompte.actu.fr&quot;,&quot;category&quot;:&quot;mon compte&quot;,&quot;from&quot;:&quot;article footer&quot;,&quot;name&quot;:&quot;Mon actu&quot;,&quot;type&quot;:&quot;cta&quot;}}\" target=\"_blank\">Mon Actu<\/a>.<\/p>\n","protected":false},"excerpt":{"rendered":"Par R\u00e9daction M\u00e9tropolitain Publi\u00e9 le 16 janv. 2026 \u00e0 10h10 La nouvelle pr\u00e9f\u00e8te de l\u2019H\u00e9rault, Chantal Mauchet est&hellip;\n","protected":false},"author":2,"featured_media":667374,"comment_status":"","ping_status":"","sticky":false,"template":"","format":"standard","meta":{"footnotes":""},"categories":[9599],"tags":[1111,11,215,1777,674,118,1011,27,3381,2208,12,2680,1072,25],"class_list":{"0":"post-667373","1":"post","2":"type-post","3":"status-publish","4":"format-standard","5":"has-post-thumbnail","7":"category-montpellier","8":"tag-actu","9":"tag-actualites","10":"tag-commerce","11":"tag-eu","12":"tag-europe","13":"tag-faits-divers","14":"tag-fr","15":"tag-france","16":"tag-gendarmerie","17":"tag-montpellier","18":"tag-news","19":"tag-occitanie","20":"tag-police","21":"tag-republique-francaise"},"share_on_mastodon":{"url":"https:\/\/pubeurope.com\/@fr\/115904053477139828","error":""},"_links":{"self":[{"href":"https:\/\/www.europesays.com\/fr\/wp-json\/wp\/v2\/posts\/667373","targetHints":{"allow":["GET"]}}],"collection":[{"href":"https:\/\/www.europesays.com\/fr\/wp-json\/wp\/v2\/posts"}],"about":[{"href":"https:\/\/www.europesays.com\/fr\/wp-json\/wp\/v2\/types\/post"}],"author":[{"embeddable":true,"href":"https:\/\/www.europesays.com\/fr\/wp-json\/wp\/v2\/users\/2"}],"replies":[{"embeddable":true,"href":"https:\/\/www.europesays.com\/fr\/wp-json\/wp\/v2\/comments?post=667373"}],"version-history":[{"count":0,"href":"https:\/\/www.europesays.com\/fr\/wp-json\/wp\/v2\/posts\/667373\/revisions"}],"wp:featuredmedia":[{"embeddable":true,"href":"https:\/\/www.europesays.com\/fr\/wp-json\/wp\/v2\/media\/667374"}],"wp:attachment":[{"href":"https:\/\/www.europesays.com\/fr\/wp-json\/wp\/v2\/media?parent=667373"}],"wp:term":[{"taxonomy":"category","embeddable":true,"href":"https:\/\/www.europesays.com\/fr\/wp-json\/wp\/v2\/categories?post=667373"},{"taxonomy":"post_tag","embeddable":true,"href":"https:\/\/www.europesays.com\/fr\/wp-json\/wp\/v2\/tags?post=667373"}],"curies":[{"name":"wp","href":"https:\/\/api.w.org\/{rel}","templated":true}]}}