{"id":667375,"date":"2026-01-16T09:24:22","date_gmt":"2026-01-16T09:24:22","guid":{"rendered":"https:\/\/www.europesays.com\/fr\/667375\/"},"modified":"2026-01-16T09:24:22","modified_gmt":"2026-01-16T09:24:22","slug":"lintelligence-artificielle-pourrait-remplacer-nos-metiers-lia-sinvite-au-salon-de-letudiant-de-montpellier","status":"publish","type":"post","link":"https:\/\/www.europesays.com\/fr\/667375\/","title":{"rendered":"\u00ab\u00a0L&rsquo;intelligence artificielle pourrait remplacer nos m\u00e9tiers\u00a0\u00bb : l&rsquo;IA s&rsquo;invite au salon de l&rsquo;\u00e9tudiant de Montpellier"},"content":{"rendered":"<p>Le salon de l&rsquo;\u00e9tudiant de Montpellier a ouvert ses portes jeudi 15 janvier au parc des expos de P\u00e9rols. Parmi les stands, des \u00e9tablissements d&rsquo;enseignement sup\u00e9rieur sont bouscul\u00e9s par un nouvel acteur\u00a0: l&rsquo;intelligence artificielle.<\/p>\n<p>C&rsquo;est un rendez-vous incontournable pour les lyc\u00e9ens et jeunes \u00e9tudiants: le salon de l&rsquo;enseignement sup\u00e9rieur est arriv\u00e9 au parc des expositions de P\u00e9rols, jeudi 15 janvier. 25.000 \u00e9l\u00e8ves, parents et professeurs sont attendus jusqu&rsquo;\u00e0 samedi 17 janvier. Trois cents exposants sont pr\u00e9sents pour r\u00e9pondre \u00e0 leurs questions. <strong>Des questions de plus en plus port\u00e9es sur l&rsquo;intelligence artificielle<\/strong> et le risque qu&rsquo;elle repr\u00e9sente dans les m\u00e9tiers du cin\u00e9ma, de la traduction ou des jeux vid\u00e9o.<\/p>\n<p>Beaucoup d&rsquo;\u00e9tablissements d&rsquo;enseignement sup\u00e9rieur ont <strong>fait le pari d&rsquo;apprendre aux \u00e9l\u00e8ves \u00e0 utiliser l&rsquo;IA<\/strong> pour acc\u00e9der \u00e0 plus de comp\u00e9tences. Et certains \u00e9tudiants sont pr\u00eats \u00e0 franchir ce cap, heureux de pouvoir se passer de certaines t\u00e2ches.<\/p>\n","protected":false},"excerpt":{"rendered":"Le salon de l&rsquo;\u00e9tudiant de Montpellier a ouvert ses portes jeudi 15 janvier au parc des expos de&hellip;\n","protected":false},"author":2,"featured_media":667376,"comment_status":"","ping_status":"","sticky":false,"template":"","format":"standard","meta":{"footnotes":""},"categories":[9599],"tags":[1111,11,1777,674,1011,27,2208,12,2680,25],"class_list":{"0":"post-667375","1":"post","2":"type-post","3":"status-publish","4":"format-standard","5":"has-post-thumbnail","7":"category-montpellier","8":"tag-actu","9":"tag-actualites","10":"tag-eu","11":"tag-europe","12":"tag-fr","13":"tag-france","14":"tag-montpellier","15":"tag-news","16":"tag-occitanie","17":"tag-republique-francaise"},"share_on_mastodon":{"url":"https:\/\/pubeurope.com\/@fr\/115904057558272974","error":""},"_links":{"self":[{"href":"https:\/\/www.europesays.com\/fr\/wp-json\/wp\/v2\/posts\/667375","targetHints":{"allow":["GET"]}}],"collection":[{"href":"https:\/\/www.europesays.com\/fr\/wp-json\/wp\/v2\/posts"}],"about":[{"href":"https:\/\/www.europesays.com\/fr\/wp-json\/wp\/v2\/types\/post"}],"author":[{"embeddable":true,"href":"https:\/\/www.europesays.com\/fr\/wp-json\/wp\/v2\/users\/2"}],"replies":[{"embeddable":true,"href":"https:\/\/www.europesays.com\/fr\/wp-json\/wp\/v2\/comments?post=667375"}],"version-history":[{"count":0,"href":"https:\/\/www.europesays.com\/fr\/wp-json\/wp\/v2\/posts\/667375\/revisions"}],"wp:featuredmedia":[{"embeddable":true,"href":"https:\/\/www.europesays.com\/fr\/wp-json\/wp\/v2\/media\/667376"}],"wp:attachment":[{"href":"https:\/\/www.europesays.com\/fr\/wp-json\/wp\/v2\/media?parent=667375"}],"wp:term":[{"taxonomy":"category","embeddable":true,"href":"https:\/\/www.europesays.com\/fr\/wp-json\/wp\/v2\/categories?post=667375"},{"taxonomy":"post_tag","embeddable":true,"href":"https:\/\/www.europesays.com\/fr\/wp-json\/wp\/v2\/tags?post=667375"}],"curies":[{"name":"wp","href":"https:\/\/api.w.org\/{rel}","templated":true}]}}