{"id":667377,"date":"2026-01-16T09:25:08","date_gmt":"2026-01-16T09:25:08","guid":{"rendered":"https:\/\/www.europesays.com\/fr\/667377\/"},"modified":"2026-01-16T09:25:08","modified_gmt":"2026-01-16T09:25:08","slug":"puces-rouennaises-sauna-urbain-voici-nos-idees-de-sorties-pour-ce-weekend-a-rouen","status":"publish","type":"post","link":"https:\/\/www.europesays.com\/fr\/667377\/","title":{"rendered":"Puces rouennaises, sauna urbain&#8230; Voici nos id\u00e9es de sorties pour ce weekend \u00e0 Rouen"},"content":{"rendered":"<p>                    Par<br \/>\n        <strong><br \/>\n            <a href=\"https:\/\/actu.fr\/auteur\/adrien-filoche\" title=\"Consulter tous les articles de Adrien Filoche\" target=\"_blank\" rel=\"noopener\">Adrien Filoche<\/a><br \/>\n                    <\/strong><\/p>\n<p>        Publi\u00e9 le<\/p>\n<p>            16 janv. 2026 \u00e0 9h08        <\/p>\n<p><strong>Rien de pr\u00e9vu ce weekend\u2009?<\/strong> Pas de panique, la r\u00e9daction de 76actu vous a concoct\u00e9 une petite liste d\u2019activit\u00e9s pour ces samedi\u00a017 et dimanche 18\u00a0janvier 2026. Et m\u00eame si la m\u00e9t\u00e9o ne s\u2019annonce pas radieuse, on devrait malgr\u00e9 tout \u00e9viter la pluie.<\/p>\n<p>Les Puces Rouennaises reviennent<\/p>\n<p class=\" wall-content\">Rendez-vous incontournable des chineurs, les Puces Rouennaises auront lieu du vendredi\u00a016 au dimanche 18\u00a0janvier 2026. Le rendez-vous est donn\u00e9 au Parc des expositions de Rouen entre 10 et 20\u00a0heures. <a href=\"https:\/\/ticketevent.fr\/lpr26\/public-1?mkg=site\" target=\"_blank\" rel=\"noopener\">La billetterie en ligne est ouverte.<\/a><\/p>\n<p>Tarifs\u2009: 6,50\u00a0euros (sur place) \/ 5,50\u00a0euros (en ligne) \/ 4\u00a0euros (dimanche) \/ 2\u00a0euros (jeune de 12 \u00e0 25\u00a0ans) \/ Gratuit pour les moins de 12\u00a0ans.<\/p>\n<p>Le salon des Parentalit\u00e9s<\/p>\n<p class=\" wall-content\">La Halle aux Toiles accueille la 6e \u00e9dition du <a href=\"https:\/\/actu.fr\/normandie\/rouen_76540\/le-sixieme-salon-de-la-parentalite-aura-lieu-les-17-et-18-janvier-a-la-halle-aux-toiles_63690152.html\" target=\"_blank\" rel=\"noopener\">Salon des Parentalit\u00e9s<\/a> les 17 et 18 janvier 2026. Au programme, des conf\u00e9rences, des ateliers et des activit\u00e9s ludiques. Nouveaut\u00e9 pour cette sixi\u00e8me \u00e9dition : le salon abordera \u00e9galement l\u2019adolescence et les enfants \u00e0 besoins sp\u00e9cifiques.<\/p>\n<p>Ouvert le samedi de 9h30 \u00e0 19h et le dimanche de 9h30 \u00e0 18h. Gratuit.\u00a0<\/p>\n<p>Un petit kebab\u2009?<\/p>\n<p class=\" wall-content\">Si vous \u00eates pris d\u2019une petite faim ce weekend et que vous avez envie de d\u00e9vorer un zdou, vous pourrez vous rendre dans l\u2019un des meilleurs kebabs de la Seine-Maritime en regardant le dernier <a href=\"https:\/\/actu.fr\/insolite\/quels-sont-les-meilleurs-kebabs-de-seine-maritime-en-2026-voici-le-nouveau-classement_63690118.html\" target=\"_blank\" rel=\"noopener\">classement publi\u00e9<\/a> par le site kebab-frites.com.<\/p>\n<p>Vid\u00e9os : en ce moment sur Actu<strong>Tester un sauna urbain<\/strong><\/p>\n<p class=\" wall-content\">Pour se d\u00e9tendre (apr\u00e8s un bon kebab par exemple), vous pouvez aller d\u00e9couvrir (ou red\u00e9couvrir) <strong>le sauna urbain du quartier Libre de Rouen<\/strong>. On l\u2019a test\u00e9 en fin d\u2019ann\u00e9e et on vous raconte notre exp\u00e9rience, entre chaud\u2026 et froid dans <a href=\"https:\/\/actu.fr\/normandie\/rouen_76540\/on-a-teste-le-sauna-urbain-du-quartier-libre-de-rouen-et-le-bain-nordique-a-10-degres_63589330.html\" target=\"_blank\" rel=\"noopener\">notre article.<\/a><\/p>\n<p>Suivez l\u2019actualit\u00e9 de Rouen sur <a href=\"https:\/\/www.whatsapp.com\/channel\/0029VaKfnf99hXF2ddApFB1D\" target=\"_blank\" rel=\"noopener\">notre cha\u00eene WhatsApp<\/a> et sur <a href=\"https:\/\/www.tiktok.com\/@76actu.fr?lang=fr\" target=\"_blank\" rel=\"noopener\">notre compte TikTok<\/a><\/p>\n<p class=\" wall-content\">Personnalisez votre actualit\u00e9 en ajoutant vos villes et m\u00e9dias en favori avec <a href=\"https:\/\/moncompte.actu.fr\" title=\"D\u00e9couvez Mon Actu\" rel=\"nofollow noopener\" data-trk=\"{&quot;cta&quot;:{&quot;action&quot;:&quot;https:\\\/\\\/moncompte.actu.fr&quot;,&quot;category&quot;:&quot;mon compte&quot;,&quot;from&quot;:&quot;article footer&quot;,&quot;name&quot;:&quot;Mon actu&quot;,&quot;type&quot;:&quot;cta&quot;}}\" target=\"_blank\">Mon Actu<\/a>.<\/p>\n<p>                    <script async src=\"\/\/www.tiktok.com\/embed.js\"><\/script><\/p>\n","protected":false},"excerpt":{"rendered":"Par Adrien Filoche Publi\u00e9 le 16 janv. 2026 \u00e0 9h08 Rien de pr\u00e9vu ce weekend\u2009? Pas de panique,&hellip;\n","protected":false},"author":2,"featured_media":667378,"comment_status":"","ping_status":"","sticky":false,"template":"","format":"standard","meta":{"footnotes":""},"categories":[9587],"tags":[1111,11,9086,1777,674,1011,27,1652,12,5161,25,9590],"class_list":{"0":"post-667377","1":"post","2":"type-post","3":"status-publish","4":"format-standard","5":"has-post-thumbnail","7":"category-rouen","8":"tag-actu","9":"tag-actualites","10":"tag-bon-plan-a-rouen","11":"tag-eu","12":"tag-europe","13":"tag-fr","14":"tag-france","15":"tag-loisirs-culture","16":"tag-news","17":"tag-normandie","18":"tag-republique-francaise","19":"tag-rouen"},"share_on_mastodon":{"url":"https:\/\/pubeurope.com\/@fr\/115904061419362938","error":""},"_links":{"self":[{"href":"https:\/\/www.europesays.com\/fr\/wp-json\/wp\/v2\/posts\/667377","targetHints":{"allow":["GET"]}}],"collection":[{"href":"https:\/\/www.europesays.com\/fr\/wp-json\/wp\/v2\/posts"}],"about":[{"href":"https:\/\/www.europesays.com\/fr\/wp-json\/wp\/v2\/types\/post"}],"author":[{"embeddable":true,"href":"https:\/\/www.europesays.com\/fr\/wp-json\/wp\/v2\/users\/2"}],"replies":[{"embeddable":true,"href":"https:\/\/www.europesays.com\/fr\/wp-json\/wp\/v2\/comments?post=667377"}],"version-history":[{"count":0,"href":"https:\/\/www.europesays.com\/fr\/wp-json\/wp\/v2\/posts\/667377\/revisions"}],"wp:featuredmedia":[{"embeddable":true,"href":"https:\/\/www.europesays.com\/fr\/wp-json\/wp\/v2\/media\/667378"}],"wp:attachment":[{"href":"https:\/\/www.europesays.com\/fr\/wp-json\/wp\/v2\/media?parent=667377"}],"wp:term":[{"taxonomy":"category","embeddable":true,"href":"https:\/\/www.europesays.com\/fr\/wp-json\/wp\/v2\/categories?post=667377"},{"taxonomy":"post_tag","embeddable":true,"href":"https:\/\/www.europesays.com\/fr\/wp-json\/wp\/v2\/tags?post=667377"}],"curies":[{"name":"wp","href":"https:\/\/api.w.org\/{rel}","templated":true}]}}