{"id":667391,"date":"2026-01-16T09:33:10","date_gmt":"2026-01-16T09:33:10","guid":{"rendered":"https:\/\/www.europesays.com\/fr\/667391\/"},"modified":"2026-01-16T09:33:10","modified_gmt":"2026-01-16T09:33:10","slug":"racing-fc-metz-les-supporters-messins-interdits-de-circuler-dans-le-centre-ville-de-strasbourg","status":"publish","type":"post","link":"https:\/\/www.europesays.com\/fr\/667391\/","title":{"rendered":"Racing &#8211; FC Metz\u00a0: les supporters messins interdits de circuler dans le centre ville de Strasbourg"},"content":{"rendered":"<p>Les supporters messins attendus \u00e0 Strasbourg, ce dimanche, pour le derby entre le Racing et le FC Metz n&rsquo;ont pas le droit de se rendre en centre-ville. D\u00e9cision du pr\u00e9fet du Bas-Rhin qui interdit aussi, par arr\u00eat\u00e9, le transport de p\u00e9tards et fumig\u00e8nes. <\/p>\n<p>Ils sont 616 annonc\u00e9s du voyage \u00e0 Strasbourg (Bas-Rhin). Les supporters du FC Metz qui viennent encourager leur \u00e9quipe, ce dimanche \u00e0 la Meinau, pour le derby face au Racing (18e journ\u00e9e de Ligue 1)\u00a0<strong>n&rsquo;ont pas le droit de \u00ab\u00a0circuler ou de stationner sur la voie publique\u00a0\u00bb<\/strong> dans une grande partie du centre ville de Strasbourg.<\/p>\n<p>Le pr\u00e9fet du Bas-Rhin interdit notamment l&rsquo;acc\u00e8s \u00e0 la Gare centrale de Strasbourg et aux rues adjacentes \u00ab\u00a0\u00e0 toute personne se pr\u00e9valant de la qualit\u00e9 de supporter du Football Club de Metz ou se comportant comme tel\u00a0\u00bb.\u00a0 M\u00eame chose pour l&rsquo;acc\u00e8s \u00e0 la Grande-\u00cele, place du Corbeau, rue des Bouchers ou encore rue d&rsquo;Austerlitz.<\/p>\n<p>Les supporters qui <strong>effectuent le d\u00e9placement en bus organis\u00e9 par le FC Metz et \u00ab\u00a0sous escorte des forces de s\u00e9curit\u00e9 int\u00e9rieure\u00a0\u00bb ne sont pas soumis \u00e0 cette interdiction.<\/strong> \u00ab\u00a0Les d\u00e9placements en v\u00e9hicules individuels sont interdits\u00a0\u00bb, pr\u00e9cise encore le repr\u00e9sentant de l&rsquo;\u00c9tat dans un\u00a0 communiqu\u00e9.<\/p>\n<p><strong>Il est aussi interdit de transporter et d&rsquo;utiliser<\/strong> tout type de \u00ab\u00a0p\u00e9tards, artifices ou fumig\u00e8nes\u00a0\u00bb.<\/p>\n","protected":false},"excerpt":{"rendered":"Les supporters messins attendus \u00e0 Strasbourg, ce dimanche, pour le derby entre le Racing et le FC Metz&hellip;\n","protected":false},"author":2,"featured_media":667392,"comment_status":"","ping_status":"","sticky":false,"template":"","format":"standard","meta":{"footnotes":""},"categories":[2820],"tags":[1111,11,1777,674,1011,27,775,12,25,640],"class_list":{"0":"post-667391","1":"post","2":"type-post","3":"status-publish","4":"format-standard","5":"has-post-thumbnail","7":"category-strasbourg","8":"tag-actu","9":"tag-actualites","10":"tag-eu","11":"tag-europe","12":"tag-fr","13":"tag-france","14":"tag-grand-est","15":"tag-news","16":"tag-republique-francaise","17":"tag-strasbourg"},"share_on_mastodon":{"url":"https:\/\/pubeurope.com\/@fr\/115904092859908955","error":""},"_links":{"self":[{"href":"https:\/\/www.europesays.com\/fr\/wp-json\/wp\/v2\/posts\/667391","targetHints":{"allow":["GET"]}}],"collection":[{"href":"https:\/\/www.europesays.com\/fr\/wp-json\/wp\/v2\/posts"}],"about":[{"href":"https:\/\/www.europesays.com\/fr\/wp-json\/wp\/v2\/types\/post"}],"author":[{"embeddable":true,"href":"https:\/\/www.europesays.com\/fr\/wp-json\/wp\/v2\/users\/2"}],"replies":[{"embeddable":true,"href":"https:\/\/www.europesays.com\/fr\/wp-json\/wp\/v2\/comments?post=667391"}],"version-history":[{"count":0,"href":"https:\/\/www.europesays.com\/fr\/wp-json\/wp\/v2\/posts\/667391\/revisions"}],"wp:featuredmedia":[{"embeddable":true,"href":"https:\/\/www.europesays.com\/fr\/wp-json\/wp\/v2\/media\/667392"}],"wp:attachment":[{"href":"https:\/\/www.europesays.com\/fr\/wp-json\/wp\/v2\/media?parent=667391"}],"wp:term":[{"taxonomy":"category","embeddable":true,"href":"https:\/\/www.europesays.com\/fr\/wp-json\/wp\/v2\/categories?post=667391"},{"taxonomy":"post_tag","embeddable":true,"href":"https:\/\/www.europesays.com\/fr\/wp-json\/wp\/v2\/tags?post=667391"}],"curies":[{"name":"wp","href":"https:\/\/api.w.org\/{rel}","templated":true}]}}