{"id":667393,"date":"2026-01-16T09:34:13","date_gmt":"2026-01-16T09:34:13","guid":{"rendered":"https:\/\/www.europesays.com\/fr\/667393\/"},"modified":"2026-01-16T09:34:13","modified_gmt":"2026-01-16T09:34:13","slug":"candidat-aux-municipales-patrick-villardry-devoile-ses-priorites-pour-saint-laurent-du-var","status":"publish","type":"post","link":"https:\/\/www.europesays.com\/fr\/667393\/","title":{"rendered":"candidat aux municipales, Patrick Villardry d\u00e9voile ses priorit\u00e9s pour Saint-Laurent-du-Var"},"content":{"rendered":"<p class=\"fs-5 \">Il se pr\u00e9sente comme un \u00ab homme libre, totalement libre \u00bb des appareils politiques. <strong>Patrick Villardry<\/strong> (divers droite), qui n\u2019a re\u00e7u l\u2019\u00e9tiquette d\u2019aucun parti, entend \u00ab rompre avec la gestion actuelle \u00bb. Il a pr\u00e9sent\u00e9, jeudi <strong>15\u00a0janvier 2026<\/strong>, une partie de son programme.<\/p>\n<p class=\"fs-5 \">\u00ab Avec 45\u00a0millions d\u2019euros de dette \u00e0 Saint-Laurent-du-Var, je ne pourrai pas faire un catalogue \u00bb, pr\u00e9vient d\u2019embl\u00e9e Patrick Villardry, candidat aux \u00e9lections municipales. La promesse de l\u2019ancien premier adjoint du maire actuel <strong>Joseph Segura<\/strong> \u2013 devenu son farouche opposant \u2013\u00a0: \u00ab En aucun cas, j\u2019augmenterai les imp\u00f4ts. On ne va pas encore taxer les Laurentins. \u00bb<\/p>\n<p>        <img src=\"https:\/\/www.europesays.com\/fr\/wp-content\/uploads\/2026\/01\/4a748d0_upload-from-url-1-au53bpbm3evg-data-art-16861984.jpg\"   loading=\"lazy\" decoding=\"async\" alt=\"Lors d\u2019une manifestation anti-chasseurs, en 1994, \u00e0 Saint-Tropez, Patrick Villardry, proche de BB qui avait peur de la foule. \" class=\"img-fluid position-absolute w-100 object-fit-cover rounded-2\" width=\"600\" height=\"400\"\/><\/p>\n<p>                                                                                10\u00a0policiers municipaux suppl\u00e9mentaires<\/p>\n<p class=\"fs-5 \">Le premier pilier de son programme concerne la \u00ab s\u00e9curit\u00e9 de proximit\u00e9 \u00bb. Il propose de faire passer les effectifs de la police municipale \u00ab de 40\u00a0\u00e0 50\u00a0agents sur la dur\u00e9e du mandat \u00bb. Au-del\u00e0 des chiffres, \u00ab je veux remettre du bleu dans la rue, \u00e0 pied, qui aille cr\u00e9er du lien avec la population \u00bb, explique Patrick Villardry. Il pr\u00e9voit \u00e9galement\u00a0: \u00ab La r\u00e9ouverture du poste de police de la gare de <strong>7h \u00e0 19h<\/strong>. (&#8230;) La cr\u00e9ation d\u2019un nouveau poste de police \u00e0 la <strong>Baronne<\/strong>. (&#8230;) Le d\u00e9ploiement d\u2019un poste mobile dans les collines pour recueillir les plaintes au plus pr\u00e8s des habitants. (&#8230;) L\u2019augmentation de la vid\u00e9osurveillance aux entr\u00e9es et sorties de ville avec des cam\u00e9ras de dernier cri. \u00bb<\/p>\n<p class=\"fs-5 \">Son deuxi\u00e8me axe majeur\u00a0: la \u00ab saturation du trafic \u00bb. Le candidat exige \u00ab la cr\u00e9ation d\u2019un \u00e9changeur complet sur la <strong>6202\u00a0bis<\/strong> au niveau des Iscles pour d\u00e9senclaver la ville \u00bb. Si ce projet n\u2019aboutit pas, il menace \u00ab de bloquer les fonds vers\u00e9s par la Commune \u00e0 la M\u00e9tropole chaque ann\u00e9e. Je les mettrai \u00e0 la caisse des d\u00e9p\u00f4ts et consignations tant qu\u2019on ne me donnera pas mon \u00e9changeur \u00bb, mart\u00e8le Patrick Villardry.<\/p>\n<p>                                                                                \u00ab Pas d\u2019immeuble de plus de deux \u00e9tages \u00bb<\/p>\n<p class=\"fs-5 \">Pour le troisi\u00e8me axe, Patrick Villardry pr\u00f4ne un \u00ab futur \u00e9cologique \u00bb passant par \u00ab une limitation stricte des constructions. Sauf exception, il n\u2019y aura pas d\u2019immeuble de plus de deux \u00e9tages \u00bb, s\u2019engage le candidat aux \u00e9lections municipales. Parmi ses autres projets\u00a0: \u00ab La cr\u00e9ation d\u2019une coul\u00e9e verte en bord de Var avec la plantation d\u2019arbres et l\u2019installation de bancs. Le r\u00e9am\u00e9nagement du site du Vieux-Moulin en parc v\u00e9g\u00e9talis\u00e9 pour les familles. Le d\u00e9sensablement des plages via des barges \u00e0 fond plat pour retrouver la qualit\u00e9 de baignade d\u2019antan. \u00bb<\/p>\n<p class=\"fs-5 \">Pour porter ce projet, Patrick Villardry s\u2019est entour\u00e9 d\u2019une liste qu\u2019il qualifie de \u00ab neuve, compos\u00e9e de citoyens actifs sans pass\u00e9 politique \u00bb. S\u2019il est \u00e9lu, sa premi\u00e8re adjointe sera <strong>Emmanuelle Bazoche<\/strong>, cadre dans l\u2019administration. \u00ab Elle sera en charge du social \u00bb, pr\u00e9cise le candidat.<\/p>\n<p class=\"fs-5 \">Une r\u00e9union de pr\u00e9sentation de l\u2019\u00e9quipe est pr\u00e9vue <strong>fin f\u00e9vrier<\/strong>, avant un rassemblement public le <strong>10\u00a0mars 2026<\/strong>.<\/p>\n","protected":false},"excerpt":{"rendered":"Il se pr\u00e9sente comme un \u00ab homme libre, totalement libre \u00bb des appareils politiques. Patrick Villardry (divers droite),&hellip;\n","protected":false},"author":2,"featured_media":667394,"comment_status":"","ping_status":"","sticky":false,"template":"","format":"standard","meta":{"footnotes":""},"categories":[2819],"tags":[1111,11,1777,674,1011,27,3434,12,2401,882,25],"class_list":{"0":"post-667393","1":"post","2":"type-post","3":"status-publish","4":"format-standard","5":"has-post-thumbnail","7":"category-nice","8":"tag-actu","9":"tag-actualites","10":"tag-eu","11":"tag-europe","12":"tag-fr","13":"tag-france","14":"tag-municipales-2026","15":"tag-news","16":"tag-nice","17":"tag-provence-alpes-cote-dazur","18":"tag-republique-francaise"},"share_on_mastodon":{"url":"https:\/\/pubeurope.com\/@fr\/115904096805561246","error":""},"_links":{"self":[{"href":"https:\/\/www.europesays.com\/fr\/wp-json\/wp\/v2\/posts\/667393","targetHints":{"allow":["GET"]}}],"collection":[{"href":"https:\/\/www.europesays.com\/fr\/wp-json\/wp\/v2\/posts"}],"about":[{"href":"https:\/\/www.europesays.com\/fr\/wp-json\/wp\/v2\/types\/post"}],"author":[{"embeddable":true,"href":"https:\/\/www.europesays.com\/fr\/wp-json\/wp\/v2\/users\/2"}],"replies":[{"embeddable":true,"href":"https:\/\/www.europesays.com\/fr\/wp-json\/wp\/v2\/comments?post=667393"}],"version-history":[{"count":0,"href":"https:\/\/www.europesays.com\/fr\/wp-json\/wp\/v2\/posts\/667393\/revisions"}],"wp:featuredmedia":[{"embeddable":true,"href":"https:\/\/www.europesays.com\/fr\/wp-json\/wp\/v2\/media\/667394"}],"wp:attachment":[{"href":"https:\/\/www.europesays.com\/fr\/wp-json\/wp\/v2\/media?parent=667393"}],"wp:term":[{"taxonomy":"category","embeddable":true,"href":"https:\/\/www.europesays.com\/fr\/wp-json\/wp\/v2\/categories?post=667393"},{"taxonomy":"post_tag","embeddable":true,"href":"https:\/\/www.europesays.com\/fr\/wp-json\/wp\/v2\/tags?post=667393"}],"curies":[{"name":"wp","href":"https:\/\/api.w.org\/{rel}","templated":true}]}}