{"id":667425,"date":"2026-01-16T10:01:12","date_gmt":"2026-01-16T10:01:12","guid":{"rendered":"https:\/\/www.europesays.com\/fr\/667425\/"},"modified":"2026-01-16T10:01:12","modified_gmt":"2026-01-16T10:01:12","slug":"en-direct-guerre-en-ukraine-kiev-va-devoir-augmenter-ses-importations-denergie-face-aux-frappes-russes-ciblees","status":"publish","type":"post","link":"https:\/\/www.europesays.com\/fr\/667425\/","title":{"rendered":"EN DIRECT &#8211; Guerre en Ukraine : Kiev va devoir augmenter ses importations d&rsquo;\u00e9nergie face aux frappes russes cibl\u00e9es"},"content":{"rendered":"<ul class=\"jsx-862013697 ArticleChapo__List\">\n<li class=\"jsx-862013697 ArticleChapo__List_Item flex\">Le ministre ukrainien de l&rsquo;\u00c9nergie a ordonn\u00e9 vendredi aux entreprises publiques d&rsquo;augmenter leurs importations d&rsquo;\u00e9lectricit\u00e9.<\/li>\n<li class=\"jsx-862013697 ArticleChapo__List_Item flex\">Une d\u00e9cision prise pour faire face aux difficult\u00e9s du r\u00e9seau \u00e9nerg\u00e9tique, mis \u00e0 mal ces derniers mois par des bombardements russes massifs.<\/li>\n<li class=\"jsx-862013697 ArticleChapo__List_Item flex\">Suivez les derni\u00e8res informations.<\/li>\n<\/ul>\n<p><a href=\"https:\/\/www.tf1info.fr\/actualite\/guerre-ukraine-russie-une-rencontre-donald-trump-vladimir-poutine-historique-le-vendredi-15-aout-2025-en-alaska-sans-volodymyr-zelensky-14326\/\" rel=\"noopener\" class=\"jsx-484472199 Link jsx-1428418400 jsx-554215408\" target=\"_blank\"><\/p>\n<p style=\"font-weight:400\" class=\"jsx-1837267516\">Suivez la couverture compl\u00e8te<\/p>\n<p style=\"font-weight:800\" class=\"jsx-1837267516\">Ukraine-Russie : en marge des n\u00e9gociations, les attaques russes continuent<\/p>\n<p><\/a>Minute par minuteKIEV VA DEVOIR AUGMENTER SES IMPORTATIONS D&rsquo;\u00c9NERGIE10:41<\/p>\n<p>Le ministre ukrainien de l&rsquo;\u00c9nergie a ordonn\u00e9 vendredi aux entreprises publiques d&rsquo;augmenter leurs importations d&rsquo;\u00e9lectricit\u00e9 pour faire face aux difficult\u00e9s du r\u00e9seau \u00e9nerg\u00e9tique, mis \u00e0 mal ces derniers mois par des bombardements russes massifs et un hiver difficile.<\/p>\n<p>La fragilit\u00e9 du secteur suscite d\u00e9j\u00e0 r\u00e9guli\u00e8rement des coupures de courant et de chauffage d&rsquo;ampleur, y compris dans la capitale Kiev, alors que des temp\u00e9ratures glaciales se sont install\u00e9es dans le pays.<\/p>\n<p>ROYAUME-UNI09:54<\/p>\n<p>Alors que la France et l&rsquo;Italie se sont r\u00e9cemment dit pr\u00eats \u00e0 r\u00e9installer un d\u00e9but de dialogue avec la Russie pour tenter de trouver une fin de crise \u00e0 la guerre en Ukraine, le Royaume-Uni n&rsquo;affiche pas exactement la m\u00eame position. \u00ab\u00a0Je pense que ce dont nous avons besoin, c&rsquo;est de preuves que Poutine veut r\u00e9ellement la paix et pour le moment, je ne le vois toujours pas\u00a0\u00bb, a r\u00e9agi jeudi la ministre britannique des Affaires \u00e9trang\u00e8res, Yvette Cooper, dans un entretien \u00e0 <a href=\"https:\/\/www.politico.eu\/article\/uk-france-italy-vladimir-putin-talks-politics-diplomacy\/\" target=\"_blank\" rel=\"noopener\">Politico (nouvelle fen\u00eatre)<\/a>.\u00a0<\/p>\n<p>KHARKIV07:15<\/p>\n<p>Une importante infrastructure \u00e9nerg\u00e9tique a \u00e9t\u00e9 d\u00e9truite par la Russie \u00e0 Kharkiv, au nord-est de l&rsquo;Ukraine, ont rapport\u00e9 jeudi soir le maire de la ville, Ihor Terekhov, et le journal britannique The Independent. Selon la pr\u00e9sidence ukrainienne, des frappes russes ont aussi touch\u00e9 Kiev dans la journ\u00e9e d&rsquo;hier.<\/p>\n<p>RENCONTRE ZELENSKY\/ZALOUJNY07:12<\/p>\n<p>Le pr\u00e9sident ukrainien Volodymyr Zelensky a rencontr\u00e9 jeudi \u00e0 Kiev l&rsquo;ex-commandant en chef ukrainien Valeri Zaloujny, devenu ambassadeur ukrainien \u00e0 Londres, au Royaume-Uni. \u00ab\u00a0Nous avons discut\u00e9 des t\u00e2ches diplomatiques qui sont pertinentes actuellement et qui pourraient nous renforcer tous \u2014 l\u2019Ukraine, notre r\u00e9silience\u00a0\u00bb, a r\u00e9agi sur X le pr\u00e9sident ukrainien apr\u00e8s ce t\u00eate-\u00e0-t\u00eate.<\/p>\n<p>Le rendez-vous n&rsquo;est pas anodin : l&rsquo;ex-haut grad\u00e9 s&rsquo;\u00e9tait fait remarquer dans les deux premi\u00e8res ann\u00e9es de la guerre en Ukraine pour ses propos remettant en cause la strat\u00e9gie militaire ukrainienne. Il avait notamment point\u00e9 l&rsquo;\u00e9chec de la contre-offensive du pays face \u00e0 la Russie, en 2023. <a href=\"https:\/\/www.tf1info.fr\/international\/guerre-ukraine-russie-zelensky-zaloujny-boudanov-qui-pourrait-etre-candidat-en-cas-d-election-presidentielle-2412180.html\" target=\"_blank\" rel=\"noopener\">Rest\u00e9 tr\u00e8s populaire en Ukraine<\/a>, il est souvent pr\u00e9sent\u00e9 comme <a href=\"https:\/\/www.tf1info.fr\/international\/portrait-valeri-zaloujny-le-commandant-en-chef-de-l-armee-ukrainienne-devenu-rival-de-president-volodymyr-zelensky-2280809.html\" target=\"_blank\" rel=\"noopener\">un rival politique de Volodymyr Zelensky<\/a>.<\/p>\n<blockquote data-testid=\"EmbedTwitter\" id=\"tweet-2011840301514526922-:R1pk9lkmcmj9v79m:\" class=\"jsx-aeff1a1c40f54d7a twitter-tweet flex justify-center items-center\"><p>I met with Valerii Zaluzhnyi. I thanked him for his work as part of Ukraine\u2019s team, and it is important that all of us together are defending Ukraine\u2019s independence, our national interests, and our people. We discussed diplomatic tasks that are relevant now and can strengthen all\u2026  pic.twitter.com\/t6n303dgRf \u2014 Volodymyr Zelenskyy \/ \u0412\u043e\u043b\u043e\u0434\u0438\u043c\u0438\u0440 \u0417\u0435\u043b\u0435\u043d\u0441\u044c\u043a\u0438\u0439 (@ZelenskyyUa)  January 15, 2026<\/p><\/blockquote>\n<p>BIENVENUE06:57<\/p>\n<p>Bonjour \u00e0 toutes et \u00e0 tous et bienvenue sur ce live consacr\u00e9 \u00e0 l&rsquo;actualit\u00e9 de la guerre en Ukraine.<\/p>\n<p data-module=\"article-paragraph\" class=\"jsx-157965717 Paragraph Paragraph__End\">Le Kremlin a estim\u00e9 jeudi que les opportunit\u00e9s se r\u00e9duisent pour l&rsquo;Ukraine si elle veut trouver une issue n\u00e9goci\u00e9e \u00e0 la guerre contre la Russie, apr\u00e8s plusieurs semaines de pourparlers infructueux initi\u00e9s par Washington fin 2025. \u00ab\u00a0La situation se d\u00e9grade jour apr\u00e8s jour pour le r\u00e9gime de Kiev et sa fen\u00eatre pour prendre des d\u00e9cisions se r\u00e9duit (&#8230;) Il est temps que Zelensky prenne ses responsabilit\u00e9s et une d\u00e9cision appropri\u00e9e\u00a0\u00bb, a d\u00e9clar\u00e9 le porte-parole de la pr\u00e9sidence russe, Dmitri Peskov, lors de son briefing \u00e0 la presse.<\/p>\n<p data-module=\"article-paragraph\" class=\"jsx-157965717 Paragraph\">Cet automne, les \u00c9tats-Unis ont initi\u00e9 une reprise de pourparlers indirects entre <a href=\"https:\/\/www.tf1info.fr\/international\/en-direct-ukraine-russie-moscou-poursuit-les-bombardements-massifs-en-plein-hiver-zelensky-poutine-trump-les-dernieres-informations-de-ce-mercredi-14-janvier-2026-2418511.html\" target=\"_blank\" rel=\"noopener\">Kiev et Moscou<\/a> en tentant de faire accepter par les deux camps un plan pour mettre fin au conflit. Pendant plusieurs semaines, des responsables am\u00e9ricains ont rencontr\u00e9 des repr\u00e9sentants russes, ukrainiens et europ\u00e9ens, sans parvenir \u00e0 un accord.\u00a0<\/p>\n<p data-module=\"article-paragraph\" class=\"jsx-157965717 Paragraph Paragraph__End\">Moscou exige notamment que Kiev lui c\u00e8de enti\u00e8rement la r\u00e9gion ukrainienne de Donetsk, en Ukraine, qui reste l&rsquo;\u00e9picentre des combats. Le pr\u00e9sident <a href=\"https:\/\/www.tf1info.fr\/international\/verif-ce-medicament-sur-le-bureau-de-president-ukrainien-volodymyr-zelensky-prouve-t-il-qu-il-est-cocainomane-addict-2417513.html\" target=\"_blank\" rel=\"noopener\">Volodymyr Zelensky (nouvelle fen\u00eatre)<\/a> a lui affirm\u00e9 en d\u00e9cembre que tout compromis entre l&rsquo;Ukraine et la Russie sur le contr\u00f4le des r\u00e9gions orientales devra \u00eatre \u00ab\u00a0juste\u00a0\u00bb et valid\u00e9 soit par une \u00ab\u00a0\u00e9lection\u00a0\u00bb, soit par un \u00ab\u00a0r\u00e9f\u00e9rendum\u00a0\u00bb en Ukraine. Mais l&rsquo;organisation d&rsquo;un scrutin pr\u00e9sente d&rsquo;immenses d\u00e9fis s\u00e9curitaires et organisationnels. Le pays est toujours ravag\u00e9 par les combats, des millions d&rsquo;Ukrainiens y ont \u00e9t\u00e9 d\u00e9plac\u00e9s et des centaines de milliers d&rsquo;autres sont au front.<\/p>\n<p data-module=\"article-paragraph\" class=\"jsx-157965717 Paragraph Paragraph__End\">Le pr\u00e9sident russe Vladimir Poutine a pour sa part r\u00e9p\u00e9t\u00e9 fin 2025 que la Russie atteindra ses objectifs en Ukraine \u00ab\u00a0par la voie militaire\u00a0\u00bb, si les n\u00e9gociations \u00e9chouaient. Sur le front, son arm\u00e9e, plus nombreuse, continue de progresser lentement dans certains secteurs, en d\u00e9pit de lourdes pertes.<\/p>\n<p>La r\u00e9daction de TF1info<\/p>\n<p><script async src=\"https:\/\/platform.twitter.com\/widgets.js\" charset=\"utf-8\"><\/script><\/p>\n","protected":false},"excerpt":{"rendered":"Le ministre ukrainien de l&rsquo;\u00c9nergie a ordonn\u00e9 vendredi aux entreprises publiques d&rsquo;augmenter leurs importations d&rsquo;\u00e9lectricit\u00e9. Une d\u00e9cision prise&hellip;\n","protected":false},"author":2,"featured_media":667426,"comment_status":"","ping_status":"","sticky":false,"template":"","format":"standard","meta":{"footnotes":""},"categories":[1591],"tags":[1111,11,1921,73,1887,1922,74270,1916,12,136,1885,1886,132,220,1917,73921,364,133,1920,135,134],"class_list":{"0":"post-667425","1":"post","2":"type-post","3":"status-publish","4":"format-standard","5":"has-post-thumbnail","7":"category-russie","8":"tag-actu","9":"tag-actualites","10":"tag-article-video","11":"tag-etats-unis","12":"tag-federation-de-russie","13":"tag-info","14":"tag-les-attaques-russes-continuent","15":"tag-moscou","16":"tag-news","17":"tag-otan","18":"tag-russia","19":"tag-russian-federation","20":"tag-russie","21":"tag-ukraine","22":"tag-ukraine-4-annee-de-guerre","23":"tag-ukraine-russie-en-marge-des-negociations","24":"tag-union-europeenne","25":"tag-video","26":"tag-video-international","27":"tag-vladimir-poutine","28":"tag-volodymyr-zelensky"},"share_on_mastodon":{"url":"https:\/\/pubeurope.com\/@fr\/115904202965011639","error":""},"_links":{"self":[{"href":"https:\/\/www.europesays.com\/fr\/wp-json\/wp\/v2\/posts\/667425","targetHints":{"allow":["GET"]}}],"collection":[{"href":"https:\/\/www.europesays.com\/fr\/wp-json\/wp\/v2\/posts"}],"about":[{"href":"https:\/\/www.europesays.com\/fr\/wp-json\/wp\/v2\/types\/post"}],"author":[{"embeddable":true,"href":"https:\/\/www.europesays.com\/fr\/wp-json\/wp\/v2\/users\/2"}],"replies":[{"embeddable":true,"href":"https:\/\/www.europesays.com\/fr\/wp-json\/wp\/v2\/comments?post=667425"}],"version-history":[{"count":0,"href":"https:\/\/www.europesays.com\/fr\/wp-json\/wp\/v2\/posts\/667425\/revisions"}],"wp:featuredmedia":[{"embeddable":true,"href":"https:\/\/www.europesays.com\/fr\/wp-json\/wp\/v2\/media\/667426"}],"wp:attachment":[{"href":"https:\/\/www.europesays.com\/fr\/wp-json\/wp\/v2\/media?parent=667425"}],"wp:term":[{"taxonomy":"category","embeddable":true,"href":"https:\/\/www.europesays.com\/fr\/wp-json\/wp\/v2\/categories?post=667425"},{"taxonomy":"post_tag","embeddable":true,"href":"https:\/\/www.europesays.com\/fr\/wp-json\/wp\/v2\/tags?post=667425"}],"curies":[{"name":"wp","href":"https:\/\/api.w.org\/{rel}","templated":true}]}}