{"id":667431,"date":"2026-01-16T10:04:11","date_gmt":"2026-01-16T10:04:11","guid":{"rendered":"https:\/\/www.europesays.com\/fr\/667431\/"},"modified":"2026-01-16T10:04:11","modified_gmt":"2026-01-16T10:04:11","slug":"des-perspectives-retrouvees-avec-le-retour-du-royaume-uni-dans-le-programme-erasmus","status":"publish","type":"post","link":"https:\/\/www.europesays.com\/fr\/667431\/","title":{"rendered":"des perspectives retrouv\u00e9es avec le retour du Royaume-Uni dans le programme Erasmus"},"content":{"rendered":"<p>Il y a cinq ans, \u00e0 l&rsquo;heure du Brexit, les acteurs du programme d&rsquo;\u00e9changes n&rsquo;en revenaient pas de devoir se passer du Royaume-Uni, pilier majeur confort\u00e9, entre autres, par la dimension internationale de sa langue dont la ma\u00eetrise est plus que jamais indispensable. L&rsquo;ann\u00e9e prochaine, cette absence ne sera plus qu&rsquo;un mauvais souvenir. Le programme Erasmus va reprendre l&rsquo;accent britannique.<\/p>\n<p>Le mois de d\u00e9cembre\u00a02025 aura \u00e9t\u00e9 celui d&rsquo;un accord conclu entre le gouvernement de Keir Starmer et les autorit\u00e9s de Bruxelles.\u00a0\u00ab\u00a0L&rsquo;adh\u00e9sion \u00e0 <a href=\"https:\/\/agence.erasmusplus.fr\/?at_medium=sea_google&amp;at_campaign=%7Bcampaign%7D&amp;at_campaign_group=%7Badgroup%7D&amp;at_creation=700126500672&amp;at_network=g&amp;at_term=erasmus&amp;gad_source=1&amp;gad_campaignid=21312874747&amp;gbraid=0AAAAA9vmlh6yrbMpfxz61oQ3KZioFTvuh&amp;gclid=CjwKCAiAvaLLBhBFEiwAYCNTf02OBOtdEbqzKr0lZA7t6w9FXHOSoIyHcTuJ38EU39EB0PsFpngVSRoCCkEQAvD_BwE\" target=\"_blank\" rel=\"noopener\">Erasmus +<\/a>\u00a0est une victoire majeure pour nos jeunes, a d\u00e9clar\u00e9 \u00e0 l&rsquo;AFP, le 17\u00a0d\u00e9cembre dernier, Nick Thomas-Symonds, ministre britannique des relations avec l&rsquo;Union europ\u00e9enne.\u00a0Elle l\u00e8ve les obstacles et \u00e9largit les horizons afin que chacun, quelles que soient ses origines, ait la possibilit\u00e9 d&rsquo;\u00e9tudier et de se former \u00e0 l&rsquo;\u00e9tranger\u00a0\u00bb.<\/p>\n<p>\u00ab\u00a0Nous ne pensions pas que les n\u00e9gociations allaient aboutir aussi vite\u00a0\u00bb<\/p>\n<p>La nouvelle a \u00e9galement \u00e9t\u00e9 accueillie avec enthousiasme dans tous les pays et sur tous les campus universitaires qui tissent par-del\u00e0 les fronti\u00e8res la toile Erasmus.\u00a0\u00ab\u00a0Nous savions que les n\u00e9gociations avan\u00e7aient favorablement, mais nous ne pensions pas qu&rsquo;elles &#8230;<\/p>\n","protected":false},"excerpt":{"rendered":"Il y a cinq ans, \u00e0 l&rsquo;heure du Brexit, les acteurs du programme d&rsquo;\u00e9changes n&rsquo;en revenaient pas de&hellip;\n","protected":false},"author":2,"featured_media":667432,"comment_status":"","ping_status":"","sticky":false,"template":"","format":"standard","meta":{"footnotes":""},"categories":[1588],"tags":[5734,11,3396,154,1777,674,12,48106,8133,61177,473,1853,1851,1850,1852,5768],"class_list":{"0":"post-667431","1":"post","2":"type-post","3":"status-publish","4":"format-standard","5":"has-post-thumbnail","7":"category-royaume-uni","8":"tag-5734","9":"tag-actualites","10":"tag-avec","11":"tag-des","12":"tag-eu","13":"tag-europe","14":"tag-news","15":"tag-perspectives","16":"tag-retour","17":"tag-retrouvees","18":"tag-royaume-uni","19":"tag-royaume-uni-de-grande-bretagne-et-dirlande-du-nord","20":"tag-uk","21":"tag-united-kingdom","22":"tag-united-kingdom-of-great-britain-and-northern-ireland","23":"tag-universite"},"share_on_mastodon":{"url":"https:\/\/pubeurope.com\/@fr\/115904214760496219","error":""},"_links":{"self":[{"href":"https:\/\/www.europesays.com\/fr\/wp-json\/wp\/v2\/posts\/667431","targetHints":{"allow":["GET"]}}],"collection":[{"href":"https:\/\/www.europesays.com\/fr\/wp-json\/wp\/v2\/posts"}],"about":[{"href":"https:\/\/www.europesays.com\/fr\/wp-json\/wp\/v2\/types\/post"}],"author":[{"embeddable":true,"href":"https:\/\/www.europesays.com\/fr\/wp-json\/wp\/v2\/users\/2"}],"replies":[{"embeddable":true,"href":"https:\/\/www.europesays.com\/fr\/wp-json\/wp\/v2\/comments?post=667431"}],"version-history":[{"count":0,"href":"https:\/\/www.europesays.com\/fr\/wp-json\/wp\/v2\/posts\/667431\/revisions"}],"wp:featuredmedia":[{"embeddable":true,"href":"https:\/\/www.europesays.com\/fr\/wp-json\/wp\/v2\/media\/667432"}],"wp:attachment":[{"href":"https:\/\/www.europesays.com\/fr\/wp-json\/wp\/v2\/media?parent=667431"}],"wp:term":[{"taxonomy":"category","embeddable":true,"href":"https:\/\/www.europesays.com\/fr\/wp-json\/wp\/v2\/categories?post=667431"},{"taxonomy":"post_tag","embeddable":true,"href":"https:\/\/www.europesays.com\/fr\/wp-json\/wp\/v2\/tags?post=667431"}],"curies":[{"name":"wp","href":"https:\/\/api.w.org\/{rel}","templated":true}]}}