{"id":667450,"date":"2026-01-16T10:18:12","date_gmt":"2026-01-16T10:18:12","guid":{"rendered":"https:\/\/www.europesays.com\/fr\/667450\/"},"modified":"2026-01-16T10:18:12","modified_gmt":"2026-01-16T10:18:12","slug":"les-equipes-pros-de-developpement-pourront-y-participer","status":"publish","type":"post","link":"https:\/\/www.europesays.com\/fr\/667450\/","title":{"rendered":"les \u00e9quipes pros de d\u00e9veloppement pourront y participer"},"content":{"rendered":"<p>Du changement sur le Tour de l&rsquo;Avenir. Alors qu&rsquo;elle \u00e9tait disput\u00e9e exclusivement par les \u00e9quipes nationales depuis 2007, l&rsquo;\u00e9preuve phare\u00a0de la cat\u00e9gorie espoirs, <a href=\"https:\/\/www.ledauphine.com\/sport\/2025\/08\/29\/auteur-d-un-contre-la-montre-exceptionnel-paul-seixas-renverse-le-tour-de-l-avenir-et-s-impose\" target=\"_blank\" rel=\"noopener\">qui avait sacr\u00e9 Paul Seixas en 2025,<\/a> va accueillir les \u00e9quipes professionnnelles de d\u00e9veloppement du 19 au 27 ao\u00fbt prochain. \u00ab\u00a0Cette \u00e9volution des r\u00e8gles de participation au Tour de l\u2019Avenir s\u2019inscrit pleinement dans la r\u00e9alit\u00e9 du cyclisme actuel de haut-niveau qui a vu, cons\u00e9quemment \u00e0 la r\u00e9forme du cyclisme professionnel initi\u00e9e par l\u2019UCI, les \u00e9quipes professionnelles investir progressivement dans l\u2019accueil et la formation des tr\u00e8s jeunes coureurs en cr\u00e9ant des \u00e9quipes de d\u00e9veloppement, v\u00e9ritables p\u00e9pini\u00e8res de l\u2019\u00e9cosyst\u00e8me UCI WorldTour.\u00a0Il\u00a0confirme ainsi sa vocation de r\u00e9v\u00e9lateur de talents, d\u2019o\u00f9 qu\u2019ils viennent \u00bb, ont \u00e9crit les organisateurs <a href=\"https:\/\/tourdelavenir.com\/le-tour-de-lavenir-change-de-format\/\" target=\"_blank\" rel=\"noopener\">dans un communiqu\u00e9 ce jeudi.<\/a><\/p>\n<p>  La parcours d\u00e9voil\u00e9 dans quelques mois\u00a0<\/p>\n<p>Ainsi, dix formations ont d&rsquo;ores et d\u00e9j\u00e0 annonc\u00e9 leur participation\u00a0:\u00a0Bahrain Victorious Development Team, Development Team Picnic PostNL, EF Education Aevolo, Ineos Grenadiers Racing Academy, Lidl-Trek Future Racing, Red Bull-Bora-Hansgrohe Rookies, Soudal Quick-Step Devo Team, Tudor Pro Cycling Team U23, Visma Lease a Bike Development Team et UAE Team Emirates Gen-Z.<\/p>\n<p>Pour le moment, il n&rsquo;y a pas d&rsquo;\u00e9quipes fran\u00e7aises engag\u00e9es et aucune \u00e9quipe nationale n&rsquo;a act\u00e9 son engagement. Quant au parcours, celui-ci sera d\u00e9voil\u00e9 dans quelques mois.\u00a0<\/p>\n","protected":false},"excerpt":{"rendered":"Du changement sur le Tour de l&rsquo;Avenir. Alors qu&rsquo;elle \u00e9tait disput\u00e9e exclusivement par les \u00e9quipes nationales depuis 2007,&hellip;\n","protected":false},"author":2,"featured_media":667451,"comment_status":"","ping_status":"","sticky":false,"template":"","format":"standard","meta":{"footnotes":""},"categories":[1411],"tags":[1154,207,1701,1011,27,4638,5508,517,1947,60],"class_list":{"0":"post-667450","1":"post","2":"type-post","3":"status-publish","4":"format-standard","5":"has-post-thumbnail","7":"category-cyclisme","8":"tag-cycling","9":"tag-cyclisme","10":"tag-fil-info-sport","11":"tag-fr","12":"tag-france","13":"tag-haute-savoie","14":"tag-savoie","15":"tag-sport","16":"tag-sport-national","17":"tag-sports"},"share_on_mastodon":{"url":"https:\/\/pubeurope.com\/@fr\/115904269802313940","error":""},"_links":{"self":[{"href":"https:\/\/www.europesays.com\/fr\/wp-json\/wp\/v2\/posts\/667450","targetHints":{"allow":["GET"]}}],"collection":[{"href":"https:\/\/www.europesays.com\/fr\/wp-json\/wp\/v2\/posts"}],"about":[{"href":"https:\/\/www.europesays.com\/fr\/wp-json\/wp\/v2\/types\/post"}],"author":[{"embeddable":true,"href":"https:\/\/www.europesays.com\/fr\/wp-json\/wp\/v2\/users\/2"}],"replies":[{"embeddable":true,"href":"https:\/\/www.europesays.com\/fr\/wp-json\/wp\/v2\/comments?post=667450"}],"version-history":[{"count":0,"href":"https:\/\/www.europesays.com\/fr\/wp-json\/wp\/v2\/posts\/667450\/revisions"}],"wp:featuredmedia":[{"embeddable":true,"href":"https:\/\/www.europesays.com\/fr\/wp-json\/wp\/v2\/media\/667451"}],"wp:attachment":[{"href":"https:\/\/www.europesays.com\/fr\/wp-json\/wp\/v2\/media?parent=667450"}],"wp:term":[{"taxonomy":"category","embeddable":true,"href":"https:\/\/www.europesays.com\/fr\/wp-json\/wp\/v2\/categories?post=667450"},{"taxonomy":"post_tag","embeddable":true,"href":"https:\/\/www.europesays.com\/fr\/wp-json\/wp\/v2\/tags?post=667450"}],"curies":[{"name":"wp","href":"https:\/\/api.w.org\/{rel}","templated":true}]}}