{"id":667452,"date":"2026-01-16T10:19:11","date_gmt":"2026-01-16T10:19:11","guid":{"rendered":"https:\/\/www.europesays.com\/fr\/667452\/"},"modified":"2026-01-16T10:19:11","modified_gmt":"2026-01-16T10:19:11","slug":"rc-lens-mercato-un-gardien-estampille-ol-va-debarquer-larrivee-dun-top-buteur-de-ligue-1-dans-les-tuyaux","status":"publish","type":"post","link":"https:\/\/www.europesays.com\/fr\/667452\/","title":{"rendered":"RC Lens Mercato\u00a0: un gardien estampill\u00e9 OL va d\u00e9barquer, l&rsquo;arriv\u00e9e d&rsquo;un top buteur de Ligue 1 dans les tuyaux\u00a0!"},"content":{"rendered":"<p><strong>Jean-Louis Leca a fait de grandes r\u00e9v\u00e9lations sur le Mercato du RC Lens jeudi soir\u2026<\/strong><\/p>\n<p><a href=\"https:\/\/www.butfootballclub.fr\/1641306-rc-lens-pierre-sage-annonce-plusieurs-coups-durs-avant-auxerre\/\" target=\"_blank\" rel=\"noreferrer noopener\">L\u2019absence de R\u00e9gis Gurtner<\/a>, bless\u00e9 gravement et probablement indisponible jusqu\u2019\u00e0 la fin de la saison, vient fragiliser l\u2019\u00e9quilibre du vestiaire art\u00e9sien. \u00c0 39 ans, le doyen n\u2019\u00e9tait pas seulement le rempla\u00e7ant d\u00e9sign\u00e9 mais il incarnait aussi un pilier pour encadrer la jeunesse et \u00e9pauler Robin Risser. En conf\u00e9rence de presse, Pierre Sage a confi\u00e9 que le club allait \u00ab\u00a0se pencher s\u00e9rieusement sur le sujet\u00a0\u00bb d\u2019un recrutement \u00e0 ce poste de gardien num\u00e9ro 2.<\/p>\n<p><strong>Gorgelin arrive \u00e0 Lens<\/strong><\/p>\n<p><a href=\"https:\/\/www.butfootballclub.fr\/1638392-rc-lens-mercato-un-dossier-delicat-de-lhiver-vient-detre-tranche\/\" target=\"_blank\" rel=\"noreferrer noopener\"><strong>Mattia Fortin<\/strong>, achet\u00e9 l\u2019\u00e9t\u00e9 dernier du RC Lens puis pr\u00eat\u00e9 cette saison \u00e0 Padoue<\/a>, semblait s\u2019imposer comme une option. Rapatrier le portier \u00e9tait susceptible de r\u00e9pondre \u00e0 l\u2019urgence tout en pr\u00e9parant l\u2019avenir. De plus, selon le m\u00e9dia italien Triveneto Goal, il serait envisageable d\u2019anticiper son retour \u00e0 Lens de six mois : une strat\u00e9gie pour l\u2019acclimater au vestiaire lensois, lui faire d\u00e9couvrir la Ligue 1 et progresser dans l\u2019apprentissage de la langue. Reste \u00e0 n\u00e9gocier avec Padoue, o\u00f9 Fortin est cens\u00e9 rester jusqu\u2019en juin. Utilis\u00e9 \u00e0 12 reprises en Serie B cette saison, Fortin a ensuite \u00e9t\u00e9 rel\u00e9gu\u00e9 sur le banc. Mais selon Jean-Louis Leca, le RCL ne s\u2019oriente pas vers cette option. L\u2019ancien bastiais a r\u00e9v\u00e9l\u00e9 hier soir sur Canal+ qu\u2019un gardien d\u2019exp\u00e9rience allait d\u00e9barquer \u00e0 Lens. Et selon Fabrizio Romano, c\u2019est Mathieu Gorgelin, l\u2019ancien portier de l\u2019OL et du Havre, libre, qui va signer au RCL.<\/p>\n<p>L\u2019arriv\u00e9e de Sinayoko serait d\u00e9j\u00e0 programm\u00e9e<\/p>\n<p>Leca a gliss\u00e9 une autre info Mercato\u00a0: il a d\u00e9menti l\u2019int\u00e9r\u00eat du RC Lens pour Ignace Van Der Brempt, d\u00e9fenseur du club italien de C\u00f4me. Et surtout, Leca a \u00e9voqu\u00e9 le cas Lassine Sinayoko. Et gliss\u00e9 un indice sur l\u2019avenir de l\u2019attaquant de l\u2019AJ Auxerre, en fin de contrat et proche de rejoindre Lens l\u2019\u00e9t\u00e9 dernier. Le deal avait capot\u00e9 mais Leca a dit qu\u2019il n\u2019aurait aucun souci \u00e0 partir en vacances avec Sinayoko. Et il a m\u00eame ajout\u00e9 que les vacances \u00e9taient programm\u00e9es pour juin\u00a0!<\/p>\n<p>Apr\u00e8s plusieurs semaines de rumeurs et de d\u00e9bats autour de son transfert avort\u00e9 au RC Lens, Lassine Sinayoko avait pris la parole sur le plateau de Ligue 1+. \u00ab\u00a0Des regrets par rapport \u00e0 Lens ? C\u2019est comme \u00e7a, c\u2019est le football. Peut-\u00eatre que \u00e7a se serait mal pass\u00e9 l\u00e0-bas. En tout cas, je leur souhaite tout le bien et j\u2019esp\u00e8re qu\u2019ils finiront le plus haut possible\u00bb, avait-il gliss\u00e9. Mais avec la sortie m\u00e9diatique de Leca, on peut penser que l\u2019arriv\u00e9e de Sinayoko n\u2019aura \u00e9t\u00e9 que retard\u00e9e d\u2019un an\u2026<\/p>\n<blockquote class=\"twitter-tweet\">\n<p lang=\"en\" dir=\"ltr\">\ud83d\udea8\ud83d\udd34\ud83d\udfe1 Excl: RC Lens are closing in on deal to sign Mathieu Gorgelin on six month contract. <a href=\"https:\/\/t.co\/HOKIwVh124\">pic.twitter.com\/HOKIwVh124<\/a><\/p>\n<p>\u2014 Fabrizio Romano (@FabrizioRomano) <a href=\"https:\/\/twitter.com\/FabrizioRomano\/status\/2012005250513956869?ref_src=twsrc%5Etfw\" target=\"_blank\" rel=\"noopener\">January 16, 2026<\/a><\/p><\/blockquote>\n<p><script async src=\"https:\/\/platform.twitter.com\/widgets.js\" charset=\"utf-8\"><\/script><\/p>\n","protected":false},"excerpt":{"rendered":"Jean-Louis Leca a fait de grandes r\u00e9v\u00e9lations sur le Mercato du RC Lens jeudi soir\u2026 L\u2019absence de R\u00e9gis&hellip;\n","protected":false},"author":2,"featured_media":667453,"comment_status":"","ping_status":"","sticky":false,"template":"","format":"standard","meta":{"footnotes":""},"categories":[1410],"tags":[63,1011,27,60],"class_list":{"0":"post-667452","1":"post","2":"type-post","3":"status-publish","4":"format-standard","5":"has-post-thumbnail","7":"category-football","8":"tag-football","9":"tag-fr","10":"tag-france","11":"tag-sports"},"share_on_mastodon":{"url":"https:\/\/pubeurope.com\/@fr\/115904273760701365","error":""},"_links":{"self":[{"href":"https:\/\/www.europesays.com\/fr\/wp-json\/wp\/v2\/posts\/667452","targetHints":{"allow":["GET"]}}],"collection":[{"href":"https:\/\/www.europesays.com\/fr\/wp-json\/wp\/v2\/posts"}],"about":[{"href":"https:\/\/www.europesays.com\/fr\/wp-json\/wp\/v2\/types\/post"}],"author":[{"embeddable":true,"href":"https:\/\/www.europesays.com\/fr\/wp-json\/wp\/v2\/users\/2"}],"replies":[{"embeddable":true,"href":"https:\/\/www.europesays.com\/fr\/wp-json\/wp\/v2\/comments?post=667452"}],"version-history":[{"count":0,"href":"https:\/\/www.europesays.com\/fr\/wp-json\/wp\/v2\/posts\/667452\/revisions"}],"wp:featuredmedia":[{"embeddable":true,"href":"https:\/\/www.europesays.com\/fr\/wp-json\/wp\/v2\/media\/667453"}],"wp:attachment":[{"href":"https:\/\/www.europesays.com\/fr\/wp-json\/wp\/v2\/media?parent=667452"}],"wp:term":[{"taxonomy":"category","embeddable":true,"href":"https:\/\/www.europesays.com\/fr\/wp-json\/wp\/v2\/categories?post=667452"},{"taxonomy":"post_tag","embeddable":true,"href":"https:\/\/www.europesays.com\/fr\/wp-json\/wp\/v2\/tags?post=667452"}],"curies":[{"name":"wp","href":"https:\/\/api.w.org\/{rel}","templated":true}]}}