{"id":667466,"date":"2026-01-16T10:27:12","date_gmt":"2026-01-16T10:27:12","guid":{"rendered":"https:\/\/www.europesays.com\/fr\/667466\/"},"modified":"2026-01-16T10:27:12","modified_gmt":"2026-01-16T10:27:12","slug":"marion-rousse-coup-de-tonnerre-annonce","status":"publish","type":"post","link":"https:\/\/www.europesays.com\/fr\/667466\/","title":{"rendered":"Marion Rousse, coup de tonnerre annonc\u00e9"},"content":{"rendered":"<p><strong>Pr\u00e9sente en Angleterre pour<br \/>\nd\u00e9voiler les premi\u00e8res \u00e9tapes du Tour de France Femmes 2027, Marion<br \/>\nRousse est revenue sur le sacre de Pauline Ferrand-Pr\u00e9vot, l\u2019\u00e9t\u00e9<br \/>\ndernier.<\/strong><\/p>\n<p>Le Tour de France Femmes n\u2019en finit plus de s\u2019exporter. Apr\u00e8s<br \/>\nRotterdam en 2024 et Lausanne l\u2019\u00e9t\u00e9 prochain, Leed accueillera en<br \/>\neffet le d\u00e9part du Tour 2027. Un grand d\u00e9part 2027 qui s\u2019inspirera<br \/>\nde celui du Tour masculin en 2014.<\/p>\n<p>\u00ab\u00a0C\u2019est super de se dire que les femmes vont pouvoir<br \/>\nb\u00e9n\u00e9ficier de ce qui avait \u00e9t\u00e9 formidable en 2014\u00a0\u00bb, a<br \/>\nsoulign\u00e9 Marion Rousse apr\u00e8s avoir \u00e9t\u00e9 d\u00e9voil\u00e9 les trois premi\u00e8res<br \/>\n\u00e9tapes de cette Grande Boucle 2027.<\/p>\n<p>\u00ab\u00a0Leeds, c\u2019\u00e9tait le grand d\u00e9part du Tour hommes en<br \/>\n2014. J\u2019\u00e9tais devant ma t\u00e9l\u00e9, c\u2019\u00e9tait extraordinaire, a<br \/>\ninsist\u00e9 la directrice du Tour de France femmes. On a l\u2019habitude<br \/>\nde voir du monde sur les routes du Tour, mais l\u00e0, c\u2019\u00e9tait encore un<br \/>\nniveau au-dessus. C\u2019\u00e9tait la folie. Il y avait une atmosph\u00e8re tr\u00e8s<br \/>\nparticuli\u00e8re, la beaut\u00e9 des paysages et les parcours. On a, d\u2019ores<br \/>\net d\u00e9j\u00e0, tous les ingr\u00e9dients pour que ce soit un grand d\u00e9part<br \/>\nr\u00e9ussi. \u00bb<\/p>\n<blockquote class=\"twitter-tweet\"><p><a class=\"twitter-link\" rel=\"noindex, nofollow noopener\" href=\"https:\/\/twitter.com\/sports_fr\/status\/2012022878942777662?s=20\" target=\"_blank\"><\/p><\/blockquote>\n<p>Si la premi\u00e8re \u00e9tape entre Leeds et Manchester semble promise \u00e0<br \/>\nune sprinteuse, la deuxi\u00e8me entre Manchester et Sheffield,<br \/>\n\u00ab\u00a0un remake de ce qu\u2019on a connu lors du Tour 2014 avec<br \/>\nVincenzo Nibali\u00a0\u00bb, devrait sourire \u00e0 une puncheuse, voire<br \/>\nune grimpeuse. Pauline Ferrand-Pr\u00e9vot, irr\u00e9sistible l\u2019\u00e9t\u00e9 dernier,<br \/>\nsera d\u00e9j\u00e0 attendue.<\/p>\n<p>\u00ab\u00a0Je ne vois plus de diff\u00e9rences entre les hommes et les<br \/>\nfemmes\u00a0\u00bb<\/p>\n<p>A en croire Marion Rousse, le sacre de la Tricolore a d\u2019ailleurs<br \/>\nfait entrer le Tour Femmes dans une autre dimension.<br \/>\n\u00ab\u00a0M\u00eame Christian (Prudhomme), qui \u00e9tait souvent avec moi,<br \/>\nm\u2019a dit\u00a0: \u2018\u2019Je ne vois plus de diff\u00e9rences entre les hommes et<br \/>\nles femmes. C\u2019est le Tour de France.\u2019\u2019 Nous sommes entr\u00e9s dans une<br \/>\nsph\u00e8re totalement diff\u00e9rente\u00a0\u00bb, a confi\u00e9 l\u2019ancienne<br \/>\nchampionne de France.<\/p>\n<p>\u00ab\u00a0Le succ\u00e8s de Pauline nous a aid\u00e9s. Nous, Fran\u00e7ais, on<br \/>\nattendait tellement un successeur et un nouveau porteur de maillot<br \/>\njaune fran\u00e7ais qu\u2019elle a concr\u00e9tis\u00e9 nos attentes. Cet hiver,<br \/>\nbeaucoup de m\u00e9dias ont repass\u00e9 des images de la saison sportive et<br \/>\nil y avait toujours le Tour de France femmes, a-t-elle<br \/>\npoursuivi. Cela montre vraiment que \u00e7a a \u00e9t\u00e9 un \u00e9v\u00e9nement<br \/>\nmarquant dans l\u2019histoire du sport. Pas uniquement dans le sport<br \/>\nf\u00e9minin mais dans le sport en r\u00e8gle g\u00e9n\u00e9rale. Et on le voit aussi<br \/>\navec le nombre de candidatures qui affluent qu\u2019on a pris notre<br \/>\nplace. Pourtant, ce n\u2019\u00e9tait que la quatri\u00e8me \u00e9dition et on partait<br \/>\npratiquement de z\u00e9ro. Et voil\u00e0, la jeune g\u00e9n\u00e9ration qui va<br \/>\ncommencer le v\u00e9lo n\u2019aura pas \u00e0 passer par les difficult\u00e9s que<br \/>\nmoi-m\u00eame, j\u2019ai pu conna\u00eetre.\u00a0\u00bb<\/p>\n<p><script async src=\"https:\/\/platform.twitter.com\/widgets.js\" charset=\"utf-8\"><\/script><\/p>\n","protected":false},"excerpt":{"rendered":"Pr\u00e9sente en Angleterre pour d\u00e9voiler les premi\u00e8res \u00e9tapes du Tour de France Femmes 2027, Marion Rousse est revenue&hellip;\n","protected":false},"author":2,"featured_media":667467,"comment_status":"","ping_status":"","sticky":false,"template":"","format":"standard","meta":{"footnotes":""},"categories":[9],"tags":[1011,27,60],"class_list":{"0":"post-667466","1":"post","2":"type-post","3":"status-publish","4":"format-standard","5":"has-post-thumbnail","7":"category-sports","8":"tag-fr","9":"tag-france","10":"tag-sports"},"share_on_mastodon":{"url":"https:\/\/pubeurope.com\/@fr\/115904305258329096","error":""},"_links":{"self":[{"href":"https:\/\/www.europesays.com\/fr\/wp-json\/wp\/v2\/posts\/667466","targetHints":{"allow":["GET"]}}],"collection":[{"href":"https:\/\/www.europesays.com\/fr\/wp-json\/wp\/v2\/posts"}],"about":[{"href":"https:\/\/www.europesays.com\/fr\/wp-json\/wp\/v2\/types\/post"}],"author":[{"embeddable":true,"href":"https:\/\/www.europesays.com\/fr\/wp-json\/wp\/v2\/users\/2"}],"replies":[{"embeddable":true,"href":"https:\/\/www.europesays.com\/fr\/wp-json\/wp\/v2\/comments?post=667466"}],"version-history":[{"count":0,"href":"https:\/\/www.europesays.com\/fr\/wp-json\/wp\/v2\/posts\/667466\/revisions"}],"wp:featuredmedia":[{"embeddable":true,"href":"https:\/\/www.europesays.com\/fr\/wp-json\/wp\/v2\/media\/667467"}],"wp:attachment":[{"href":"https:\/\/www.europesays.com\/fr\/wp-json\/wp\/v2\/media?parent=667466"}],"wp:term":[{"taxonomy":"category","embeddable":true,"href":"https:\/\/www.europesays.com\/fr\/wp-json\/wp\/v2\/categories?post=667466"},{"taxonomy":"post_tag","embeddable":true,"href":"https:\/\/www.europesays.com\/fr\/wp-json\/wp\/v2\/tags?post=667466"}],"curies":[{"name":"wp","href":"https:\/\/api.w.org\/{rel}","templated":true}]}}