{"id":667472,"date":"2026-01-16T10:30:11","date_gmt":"2026-01-16T10:30:11","guid":{"rendered":"https:\/\/www.europesays.com\/fr\/667472\/"},"modified":"2026-01-16T10:30:11","modified_gmt":"2026-01-16T10:30:11","slug":"pekin-est-tres-remontee-contre-washington-qui-a-signe-un-accord-commercial-avec-taipei-violant-le-principe-dune-seule-chine","status":"publish","type":"post","link":"https:\/\/www.europesays.com\/fr\/667472\/","title":{"rendered":"P\u00e9kin est tr\u00e8s remont\u00e9e contre Washington qui a sign\u00e9 un accord commercial avec Taipei, \u00ab\u00a0violant le principe d&rsquo;une seule Chine\u00a0\u00bb"},"content":{"rendered":"<p>La Chine a d\u00e9nonc\u00e9 avec fermet\u00e9 l\u2019accord commercial conclu entre les \u00c9tats-Unis et Ta\u00efwan, qui pr\u00e9voit d\u2019importants investissements ta\u00efwanais dans la production de semi-conducteurs sur le sol am\u00e9ricain en \u00e9change d\u2019une baisse des droits de douane, y voyant une violation du principe d\u2019\u00a0\u00bbune seule Chine\u00a0\u00bb et une atteinte \u00e0 sa souverainet\u00e9.<\/p>\n<p>La Chine a dit vendredi s&rsquo;opposer \u00ab\u00a0r\u00e9solument\u00a0\u00bb \u00e0 l&rsquo;accord commercial conclu par les Etats-Unis avec Ta\u00efwan pr\u00e9voyant le d\u00e9veloppement de la production de semi-conducteurs sur le sol am\u00e9ricain, en contrepartie des droits de douane abaiss\u00e9s sur les produits ta\u00efwanais.<\/p>\n<blockquote class=\"embed embed_quote\"><p>\u00ab\u00a0La Chine s&rsquo;oppose syst\u00e9matiquement et r\u00e9solument \u00e0 tout accord ayant des implications en mati\u00e8re de souverainet\u00e9 ou un caract\u00e8re officiel, sign\u00e9 entre des pays avec lesquels elle a des relations diplomatiques et la r\u00e9gion chinoise de Ta\u00efwan\u00a0\u00bb, a dit lors d&rsquo;un point presse un porte-parole du minist\u00e8re des Affaires \u00e9trang\u00e8res, Guo Jiakun.<\/p><\/blockquote>\n<p>Il a press\u00e9 les Etats-Unis de \u00ab\u00a0respecter scrupuleusement le principe d&rsquo;une seule Chine\u00a0\u00bb. La Chine revendique Ta\u00efwan comme partie int\u00e9grante de son territoire.<\/p>\n<p>P\u00e9kin s&rsquo;est d\u00e9j\u00e0 oppos\u00e9 aux accords bilat\u00e9raux conclus entre Washington et Taipei. En 2023, un premier accord avait \u00e9t\u00e9 sign\u00e9 entre les Etats-Unis de Biden et Ta\u00efwan.<\/p>\n<p>\u00ab\u00a0La d\u00e9cision am\u00e9ricaine viole le principe d&rsquo;une seule Chine et les trois communiqu\u00e9s conjoints sino-am\u00e9ricains, et contrevient \u00e0 l&rsquo;engagement des \u00c9tats-Unis de n&rsquo;entretenir que des relations non officielles avec Ta\u00efwan\u00a0\u00bb, avait d\u00e9clar\u00e9 le minist\u00e8re chinois des Affaires \u00e9trang\u00e8res \u00e0 l&rsquo;\u00e9poque.<\/p>\n<p>La Chine consid\u00e8re Ta\u00efwan comme sa \u00ab\u00a0province s\u00e9cessionniste\u00a0\u00bb, tandis que Taipei revendique son ind\u00e9pendance.<\/p>\n<p>250 milliards d&rsquo;investissements<\/p>\n<p>Pour rappel, le d\u00e9partement am\u00e9ricain du Commerce a annonc\u00e9 jeudi la signature d&rsquo;un accord commercial avec le gouvernement ta\u00efwanais, qui <strong><a href=\"https:\/\/www.bfmtv.com\/economie\/international\/malgre-les-droits-de-douane-americains-taiwan-a-exporte-35-de-produits-en-plus-en-2025-grace-a-ses-puces-d-ia_AD-202601090510.html\" title=\"Malgr\u00e9 les droits de douane am\u00e9ricains, Taiwan a export\u00e9 35% de produits en plus en 2025 gr\u00e2ce \u00e0 ses puces d&#039;IA\" class=\"internal_link\" target=\"_blank\" rel=\"noopener\">abaisserait les droits de douane impos\u00e9s par Donald Trump<\/a><\/strong> de 20% \u00e0 15%, comme pour les produits japonais ou europ\u00e9ens.<\/p>\n<p>Cet accord pr\u00e9voit en contrepartie des investissements \u00ab\u00a0d&rsquo;au moins 250 milliards de dollars\u00a0\u00bb aux \u00c9tats-Unis par les entreprises ta\u00efwanaises de semi-conducteurs, pour y d\u00e9velopper la production, et 250 milliards de dollars suppl\u00e9mentaires pour \u00ab\u00a0renforcer l&rsquo;\u00e9cosyst\u00e8me et la cha\u00eene d&rsquo;approvisionnement en semi-conducteurs aux Etats-Unis\u00a0\u00bb, a indiqu\u00e9 le d\u00e9partement du Commerce dans un communiqu\u00e9.<\/p>\n<blockquote class=\"embed embed_quote\"><p>\u00ab\u00a0Nous avons besoin de ces semi-conducteurs pour notre s\u00e9curit\u00e9 nationale, qu&rsquo;ils soient fabriqu\u00e9s aux Etats-Unis\u00a0\u00bb, a d\u00e9clar\u00e9 jeudi le ministre am\u00e9ricain au Commerce, Howard Lutnick, \u00e0 la cha\u00eene CNBC, apr\u00e8s des mois de n\u00e9gociations.<\/p><\/blockquote>\n<p>\u00ab\u00a0Nous ne pouvons pas nous appuyer sur un pays situ\u00e9 \u00e0 pr\u00e8s de 15.000 km pour nous livrer ces produits qui sont essentiels \u00e0 notre s\u00e9curit\u00e9 nationale\u00a0\u00bb, a-t-il ajout\u00e9, souhaitant voir son pays \u00ab\u00a0autosuffisant\u00a0\u00bb en la mati\u00e8re.<\/p>\n<p>\u00ab\u00a0Bouclier de silicium\u00a0\u00bb<\/p>\n<p>Selon le communiqu\u00e9, le gouvernement de Taipei doit pour sa part soutenir les investissements am\u00e9ricains dans l&rsquo;industrie ta\u00efwanaise des semi-conducteurs, l&rsquo;intelligence artificielle (IA) ou encore les technologies de d\u00e9fense.<\/p>\n<p>L&rsquo;\u00eele fabrique plus de la moiti\u00e9 des puces au niveau mondial, et presque la totalit\u00e9 des plus avanc\u00e9es, utilis\u00e9es aussi bien dans les smartphones que les centres de donn\u00e9es n\u00e9cessaires \u00e0 l&rsquo;IA.<\/p>\n<p>Cette domination est consid\u00e9r\u00e9e comme un \u00ab\u00a0bouclier de silicium\u00a0\u00bb pour la s\u00e9curit\u00e9 de l&rsquo;\u00eele, qui la prot\u00e9gerait d&rsquo;un blocus ou d&rsquo;une invasion par la Chine communiste &#8211; qui consid\u00e8re l&rsquo;\u00eele comme une partie de son territoire &#8211; et inciterait les Etats-Unis \u00e0 la d\u00e9fendre.<\/p>\n<p>\u00ab\u00a0D&rsquo;apr\u00e8s les pr\u00e9visions actuelles, Ta\u00efwan restera le premier producteur mondial de semi-conducteurs pour l&rsquo;IA, non seulement pour les entreprises ta\u00efwanaises, mais aussi \u00e0 l&rsquo;\u00e9chelle mondiale\u00a0\u00bb, a affirm\u00e9 vendredi le ministre ta\u00efwanais des Affaires \u00e9conomiques Kung Ming-hsin.<\/p>\n","protected":false},"excerpt":{"rendered":"La Chine a d\u00e9nonc\u00e9 avec fermet\u00e9 l\u2019accord commercial conclu entre les \u00c9tats-Unis et Ta\u00efwan, qui pr\u00e9voit d\u2019importants investissements&hellip;\n","protected":false},"author":2,"featured_media":667473,"comment_status":"","ping_status":"","sticky":false,"template":"","format":"standard","meta":{"footnotes":""},"categories":[6],"tags":[35,33,34,1011,27],"class_list":{"0":"post-667472","1":"post","2":"type-post","3":"status-publish","4":"format-standard","5":"has-post-thumbnail","7":"category-economie","8":"tag-business","9":"tag-economie","10":"tag-economy","11":"tag-fr","12":"tag-france"},"share_on_mastodon":{"url":"https:\/\/pubeurope.com\/@fr\/115904317004215777","error":""},"_links":{"self":[{"href":"https:\/\/www.europesays.com\/fr\/wp-json\/wp\/v2\/posts\/667472","targetHints":{"allow":["GET"]}}],"collection":[{"href":"https:\/\/www.europesays.com\/fr\/wp-json\/wp\/v2\/posts"}],"about":[{"href":"https:\/\/www.europesays.com\/fr\/wp-json\/wp\/v2\/types\/post"}],"author":[{"embeddable":true,"href":"https:\/\/www.europesays.com\/fr\/wp-json\/wp\/v2\/users\/2"}],"replies":[{"embeddable":true,"href":"https:\/\/www.europesays.com\/fr\/wp-json\/wp\/v2\/comments?post=667472"}],"version-history":[{"count":0,"href":"https:\/\/www.europesays.com\/fr\/wp-json\/wp\/v2\/posts\/667472\/revisions"}],"wp:featuredmedia":[{"embeddable":true,"href":"https:\/\/www.europesays.com\/fr\/wp-json\/wp\/v2\/media\/667473"}],"wp:attachment":[{"href":"https:\/\/www.europesays.com\/fr\/wp-json\/wp\/v2\/media?parent=667472"}],"wp:term":[{"taxonomy":"category","embeddable":true,"href":"https:\/\/www.europesays.com\/fr\/wp-json\/wp\/v2\/categories?post=667472"},{"taxonomy":"post_tag","embeddable":true,"href":"https:\/\/www.europesays.com\/fr\/wp-json\/wp\/v2\/tags?post=667472"}],"curies":[{"name":"wp","href":"https:\/\/api.w.org\/{rel}","templated":true}]}}