{"id":667478,"date":"2026-01-16T10:34:11","date_gmt":"2026-01-16T10:34:11","guid":{"rendered":"https:\/\/www.europesays.com\/fr\/667478\/"},"modified":"2026-01-16T10:34:11","modified_gmt":"2026-01-16T10:34:11","slug":"nos-idees-sorties-du-week-end-des-23-24-et-25-janvier-2026-dans-la-loire","status":"publish","type":"post","link":"https:\/\/www.europesays.com\/fr\/667478\/","title":{"rendered":"Nos id\u00e9es sorties du week-end des 23, 24 et 25 janvier 2026 dans la Loire"},"content":{"rendered":"<p class=\"is-style-chapo\">Voici la s\u00e9lection de la r\u00e9daction de\u00a0If Saint-Etienne\u00a0pour se\u00a0<a href=\"https:\/\/www.if-saint-etienne.fr\/culture-loisirs\" target=\"_blank\" rel=\"noreferrer noopener\">divertir<\/a>\u00a0et s\u2019amuser dans la Loire le week-end prochain, soit les 23, 24 et 25 janvier. Une liste d\u2019\u00e9v\u00e9nements, s\u00e9lectionn\u00e9s de mani\u00e8re ind\u00e9pendante et, bien entendu, non exhaustive.<\/p>\n<p>1 \u2013 Des halles en mode inaugurale<\/p>\n<p>Les Halles Mazerat \u00e0 Saint-Etienne ont rouvert avec le <a href=\"https:\/\/www.if-saint-etienne.fr\/economie\/commerces-services\/a-saint-etienne-les-halles-mazerat-sauce-commune-sont-dans-le-bain\" target=\"_blank\" rel=\"noreferrer noopener\">concept<\/a> de la Commune le 13 janvier. Plus de commerces mais une \u00ab\u00a0p\u00e9pini\u00e8re\u00a0\u00bb \u00e0 chefs. Mais ce n\u2019est pas qu\u2019un lieu de restauration, c\u2019est aussi un lieu festif, promettant des animations vari\u00e9es (musicales, ateliers, jeux, matchs de l\u2019ASSE). Les vendredi 23, samedi 24 et dimanche 25 janvier 2026, il c\u00e9l\u00e8bre ainsi cette r\u00e9surrection avec un grand week-end inaugural : DJ Set avec Bryce Wax &amp; Jam Session Rock vendredi soir, jusqu\u2019\u00e0 1 h. Samedi, de 12 h \u00e0 1 h : fanfare avec le Velcrobrassband ; Quiz Drag avec Judas Morningstar ; concert live Th\u00e9o Bonneville by PHNMN ; DJ Set avec Les Couloirs \u00e9lectroniques ; DJ Set avec Poto Feu ; karaok\u00e9 live Cherry Chap ; jam session ; expo. Dimanche, de 12 \u00e0 17 h, DJ Set avec les Couloirs \u00e9lectroniques, ateliers enfant.<\/p>\n<p>2 \u2013 Ludo Polar, escape game \u00e0 Saint-Just Saint-Rambert<\/p>\n<p>\u00ab\u00a0Evy, votre ami journaliste investigatrice vous invite pour un caf\u00e9 \u2026 Mais tout ne se passe pas comme pr\u00e9vu, \u00eates-vous pr\u00eats \u00e0 lui venir en aide et poster son dossier d\u2019enqu\u00eate avant l\u2019arriv\u00e9e des malfrats ?\u00a0\u00bb<\/p>\n<p>Vendredi 23 janvier de 19 h \u00e0 23 h et samedi 24 janvier de 10 h \u00e0 12 h 30 \u00e0 la <a href=\"https:\/\/www.loireforez.fr\/point-d-interet\/ludotheque-st-just-st-rambert\/\" target=\"_blank\" rel=\"noreferrer noopener\">ludoth\u00e8que<\/a> du r\u00e9seau Copernic\u00a03, rue du Pl\u00e2tre\u00a0\u00e0 Saint-Just Saint-Rambert. Rens. et r\u00e9serv. :\u00a004 27 77 82 11.<\/p>\n<p><img loading=\"lazy\" decoding=\"async\" width=\"1024\" height=\"576\" src=\"https:\/\/www.europesays.com\/fr\/wp-content\/uploads\/2026\/01\/heart-3819685_1280-1-1024x576.jpg\" alt=\"\" class=\"wp-image-81601\"  \/>Image par Antonios Ntoumas de Pixabay<\/p>\n<p>3 \u2013 Lectures nocturnes et transversalit\u00e9<\/p>\n<p>Plus de 120 rendez-vous du nord au sud de la Loire selon le <a href=\"https:\/\/www.nuitsdelalecture.fr\/programme\" target=\"_blank\" rel=\"noreferrer noopener\">site<\/a> de la 10e \u00e9dition des Nuits de la lecture, \u00e9v\u00e9nement national port\u00e9 par le Centre national du livre, autour du th\u00e8me \u00ab Villes et campagnes \u00bb. Mini-conf\u00e9rences, animations th\u00e9\u00e2trales, ateliers cr\u00e9atifs, musicales, expositions,\u00a0quiz, bal folklorique, danses et escape game c\u00e9l\u00e8brent de mani\u00e8re transversale la lecture du mercredi 21 au samedi 24 janvier, avec une intensification le week-end. En grande partie \u00e0 Saint-Etienne (49 \u00e9v\u00e9nements) mais pas que donc, l\u2019universit\u00e9 ou les m\u00e9diath\u00e8ques de la Ville \u2013 ainsi que son Mus\u00e9e de la Mine \u2013 participant. \u00a0<\/p>\n<p>4 \u2013<strong> <\/strong>Ch\u00e8re Magdalena : Riorges au XVIIIe comme dans un r\u00eave<\/p>\n<p>Spectacle de th\u00e9\u00e2tre musical, \u00ab\u00a0con\u00e7u comme une r\u00eaverie cette cr\u00e9ation \u00e9voque le c\u00e9l\u00e8bre Petit Livre d\u2019Anna Magdalena Bach qui f\u00eate ses 300 ans, que tout musicien a feuillet\u00e9, et nous questionne sur la contemporan\u00e9it\u00e9 d\u2019une \u0153uvre \u00e0 jamais \u00e9ternelle\u00a0\u00bb. Par le collectif d\u2019artistes <a href=\"https:\/\/www.les-saoneurs.com\/\" target=\"_blank\" rel=\"noreferrer noopener\">Les Sa\u00f4neurs<\/a>. <\/p>\n<p>Dimanche 25 janvier, de 16 h \u00e0 17 h 15 Maison de quartier du Pontet, place Serge Giry \u00e0 Riorges. T\u00e9l. 07 68 19 39 85. Courriel : <a href=\"https:\/\/www.if-saint-etienne.fr\/cdn-cgi\/l\/email-protection\" class=\"__cf_email__\" data-cfemail=\"721e17015c01131d1c1707000132151f131b1e5c111d1f\" target=\"_blank\" rel=\"noopener\">[email\u00a0protected]<\/a><\/p>\n<p>5 \u2013 Toto ST pour faire vibrer chez les Couramiauds<\/p>\n<p>La saison culturelle de Saint-Chamond annonce le prodige angolais Toto ST pour faire \u00ab\u00a0vibrer la salle Aristide Briand au rythme de son Afro-jazz\u00a0\u00bb. \u00ab\u00a0Cet auteur-compositeur et multi-instrumentiste est pass\u00e9 ma\u00eetre dans l\u2019art de la fusion. M\u00ealant avec brio l\u2019Afro-jazz, la funk, la soul et le Kilapanga (rythme traditionnel d\u2019Angola)\u00a0\u00bb<\/p>\n<p>Vendredi 23 janvier \u00e0 20 h. R\u00e9servations aupr\u00e8s du Service Culture au 04 77 31 04 41 et sur <a href=\"https:\/\/saint-chamond.fr\/culture\/\" target=\"_blank\" rel=\"noreferrer noopener\">saint-chamond.fr<\/a> .<\/p>\n<p>6 \u2013 La for\u00eat primaire pour dessein<\/p>\n<p>Les illustratrices Brouillamini et SeL, membre du r\u00e9seau <a href=\"https:\/\/www.facebook.com\/p\/Les-M%C3%A9cr%C3%A9encres-100090731441266\/\" target=\"_blank\" rel=\"noreferrer noopener\">M\u00e9cr\u00e9encres<\/a> exposent jusqu\u2019au 15 mars \u00e0 la\u00a0Maison de la Nature, 11, rue Ren\u00e9 Cassin \u00e0 Saint-Etienne. 62 \u0153uvres originales, dessins r\u00e9alis\u00e9s lors du \u00ab\u00a0challenge de l\u2019Inktober\u00a0\u00bb en octobre dernier. L\u2019id\u00e9e \u00e9tait de r\u00e9aliser dessin \u00e0 l\u2019encre pendant 31 jours en soutien \u00e0 l\u2019Association <a href=\"https:\/\/www.foretprimaire-francishalle.org\/\" target=\"_blank\" rel=\"noreferrer noopener\">Francis Hall\u00e9<\/a> pour la for\u00eat primaire.\u00a0\u00bb\u00a05 % des ventes revers\u00e9s \u00e0 l\u2019association.\u00a0Ouverture du lundi au vendredi, de 9 h \u00e0 17 h.<\/p>\n","protected":false},"excerpt":{"rendered":"Voici la s\u00e9lection de la r\u00e9daction de\u00a0If Saint-Etienne\u00a0pour se\u00a0divertir\u00a0et s\u2019amuser dans la Loire le week-end prochain, soit les&hellip;\n","protected":false},"author":2,"featured_media":667479,"comment_status":"","ping_status":"","sticky":false,"template":"","format":"standard","meta":{"footnotes":""},"categories":[9653],"tags":[1111,11,2430,1697,1777,674,3293,14012,1011,27,34689,14429,1393,12,21919,25,4001,1347],"class_list":{"0":"post-667478","1":"post","2":"type-post","3":"status-publish","4":"format-standard","5":"has-post-thumbnail","7":"category-saint-etienne","8":"tag-actu","9":"tag-actualites","10":"tag-auvergne-rhone-alpes","11":"tag-concert","12":"tag-eu","13":"tag-europe","14":"tag-exposition","15":"tag-festif","16":"tag-fr","17":"tag-france","18":"tag-idee-sortie-saint-etienne","19":"tag-idees-sorties-loire","20":"tag-loisirs","21":"tag-news","22":"tag-ou-sortir","23":"tag-republique-francaise","24":"tag-saint-etienne","25":"tag-theatre"},"share_on_mastodon":{"url":"https:\/\/pubeurope.com\/@fr\/115904333259201871","error":""},"_links":{"self":[{"href":"https:\/\/www.europesays.com\/fr\/wp-json\/wp\/v2\/posts\/667478","targetHints":{"allow":["GET"]}}],"collection":[{"href":"https:\/\/www.europesays.com\/fr\/wp-json\/wp\/v2\/posts"}],"about":[{"href":"https:\/\/www.europesays.com\/fr\/wp-json\/wp\/v2\/types\/post"}],"author":[{"embeddable":true,"href":"https:\/\/www.europesays.com\/fr\/wp-json\/wp\/v2\/users\/2"}],"replies":[{"embeddable":true,"href":"https:\/\/www.europesays.com\/fr\/wp-json\/wp\/v2\/comments?post=667478"}],"version-history":[{"count":0,"href":"https:\/\/www.europesays.com\/fr\/wp-json\/wp\/v2\/posts\/667478\/revisions"}],"wp:featuredmedia":[{"embeddable":true,"href":"https:\/\/www.europesays.com\/fr\/wp-json\/wp\/v2\/media\/667479"}],"wp:attachment":[{"href":"https:\/\/www.europesays.com\/fr\/wp-json\/wp\/v2\/media?parent=667478"}],"wp:term":[{"taxonomy":"category","embeddable":true,"href":"https:\/\/www.europesays.com\/fr\/wp-json\/wp\/v2\/categories?post=667478"},{"taxonomy":"post_tag","embeddable":true,"href":"https:\/\/www.europesays.com\/fr\/wp-json\/wp\/v2\/tags?post=667478"}],"curies":[{"name":"wp","href":"https:\/\/api.w.org\/{rel}","templated":true}]}}