{"id":667490,"date":"2026-01-16T10:40:12","date_gmt":"2026-01-16T10:40:12","guid":{"rendered":"https:\/\/www.europesays.com\/fr\/667490\/"},"modified":"2026-01-16T10:40:12","modified_gmt":"2026-01-16T10:40:12","slug":"le-cine-club-projette-anatomie-dune-chute","status":"publish","type":"post","link":"https:\/\/www.europesays.com\/fr\/667490\/","title":{"rendered":"Le cin\u00e9-club projette \u00ab\u00a0Anatomie d\u2019une chute\u00a0\u00bb"},"content":{"rendered":"<p>Vendredi 23 janvier \u00e0 19 h, en \u00e9cho \u00e0 la repr\u00e9sentation de Trahisons, programm\u00e9e lundi 26 janvier \u00e0 20 h 30 au th\u00e9\u00e2tre Jacques-C\u0153ur, l\u2019\u00e9quipe du th\u00e9\u00e2tre propose une s\u00e9ance cin\u00e9-club autour du film Anatomie d\u2019une chute. R\u00e9alis\u00e9 par Justine Triet, ce long m\u00e9trage, Palme d\u2019or au Festival de Cannes 2023, a \u00e9t\u00e9 largement r\u00e9compens\u00e9, avec pas moins de 29 prix \u00e0 son actif.<\/p>\n<p>\u00c0 la crois\u00e9e de plusieurs genres (policier, drame, film judiciaire et thriller), Anatomie d\u2019une chute met en sc\u00e8ne Swann Arlaud dans le r\u00f4le de l\u2019avocat charg\u00e9 de la d\u00e9fense d\u2019une \u00e9crivaine accus\u00e9e du meurtre de son mari. L\u2019acteur sera \u00e9galement pr\u00e9sent sur sc\u00e8ne quelques jours plus tard, lundi 26 janvier, dans la pi\u00e8ce Trahisons d\u2019Harold Pinter. Il y incarne cette fois l\u2019amant, aux c\u00f4t\u00e9s de Marie Kauffmann et Marc Arnaud, dans une mise en sc\u00e8ne sign\u00e9e Tatiana Vialle.<\/p>\n<p>D\u2019une dur\u00e9e de 2 h 31, la projection est propos\u00e9e en entr\u00e9e libre, sur r\u00e9servation via le site <a href=\"http:\/\/ville-lattes.fr\" target=\"_blank\" rel=\"nofollow noopener\">ville-lattes.fr<\/a>. Th\u00e9\u00e2tre Jacques-C\u0153ur, 1050 avenue L\u00e9onard-de-Vinci, Port Ariane. Renseignements : 04 99 52 95 00.<\/p>\n","protected":false},"excerpt":{"rendered":"Vendredi 23 janvier \u00e0 19 h, en \u00e9cho \u00e0 la repr\u00e9sentation de Trahisons, programm\u00e9e lundi 26 janvier \u00e0&hellip;\n","protected":false},"author":2,"featured_media":667491,"comment_status":"","ping_status":"","sticky":false,"template":"","format":"standard","meta":{"footnotes":""},"categories":[9599],"tags":[1111,11,7196,872,1777,674,1011,27,7089,66497,2208,12,2680,25],"class_list":{"0":"post-667490","1":"post","2":"type-post","3":"status-publish","4":"format-standard","5":"has-post-thumbnail","7":"category-montpellier","8":"tag-actu","9":"tag-actualites","10":"tag-cinu00e9ma","11":"tag-culture-et-loisirs","12":"tag-eu","13":"tag-europe","14":"tag-fr","15":"tag-france","16":"tag-herault","17":"tag-lattes","18":"tag-montpellier","19":"tag-news","20":"tag-occitanie","21":"tag-republique-francaise"},"share_on_mastodon":{"url":"https:\/\/pubeurope.com\/@fr\/115904356417585394","error":""},"_links":{"self":[{"href":"https:\/\/www.europesays.com\/fr\/wp-json\/wp\/v2\/posts\/667490","targetHints":{"allow":["GET"]}}],"collection":[{"href":"https:\/\/www.europesays.com\/fr\/wp-json\/wp\/v2\/posts"}],"about":[{"href":"https:\/\/www.europesays.com\/fr\/wp-json\/wp\/v2\/types\/post"}],"author":[{"embeddable":true,"href":"https:\/\/www.europesays.com\/fr\/wp-json\/wp\/v2\/users\/2"}],"replies":[{"embeddable":true,"href":"https:\/\/www.europesays.com\/fr\/wp-json\/wp\/v2\/comments?post=667490"}],"version-history":[{"count":0,"href":"https:\/\/www.europesays.com\/fr\/wp-json\/wp\/v2\/posts\/667490\/revisions"}],"wp:featuredmedia":[{"embeddable":true,"href":"https:\/\/www.europesays.com\/fr\/wp-json\/wp\/v2\/media\/667491"}],"wp:attachment":[{"href":"https:\/\/www.europesays.com\/fr\/wp-json\/wp\/v2\/media?parent=667490"}],"wp:term":[{"taxonomy":"category","embeddable":true,"href":"https:\/\/www.europesays.com\/fr\/wp-json\/wp\/v2\/categories?post=667490"},{"taxonomy":"post_tag","embeddable":true,"href":"https:\/\/www.europesays.com\/fr\/wp-json\/wp\/v2\/tags?post=667490"}],"curies":[{"name":"wp","href":"https:\/\/api.w.org\/{rel}","templated":true}]}}