{"id":667492,"date":"2026-01-16T10:41:12","date_gmt":"2026-01-16T10:41:12","guid":{"rendered":"https:\/\/www.europesays.com\/fr\/667492\/"},"modified":"2026-01-16T10:41:12","modified_gmt":"2026-01-16T10:41:12","slug":"quand-lart-urbain-dine-avec-les-etoiles","status":"publish","type":"post","link":"https:\/\/www.europesays.com\/fr\/667492\/","title":{"rendered":"quand l\u2019art urbain d\u00eene avec les \u00e9toiles"},"content":{"rendered":"<p>                    Par<br \/>\n        <strong><br \/>\n            <a href=\"https:\/\/actu.fr\/auteur\/metropoop\" title=\"Consulter tous les articles de R\u00e9daction M\u00e9tropolitain\" target=\"_blank\" rel=\"noopener\">R\u00e9daction M\u00e9tropolitain<\/a><br \/>\n                    <\/strong><\/p>\n<p>        Publi\u00e9 le<\/p>\n<p>            16 janv. 2026 \u00e0 11h33<br \/>\n        ; mis \u00e0 jour le 16 janv. 2026 \u00e0 11h34    <\/p>\n<p>Le<strong> vendredi 6 f\u00e9vrier<\/strong> prochain, d\u00e8s 18h30, l\u2019<strong>Op\u00e9ra Com\u00e9die<\/strong> rev\u00eatira son \u00e9crin d\u2019exception pour la quatri\u00e8me \u00e9dition du <strong>d\u00eener de gala de l\u2019Op\u00e9ra Orchestre national Montpellier Occitanie<\/strong>. Devenu un rendez-vous incontournable du calendrier culturel montpelli\u00e9rain, cet \u00e9v\u00e9nement voit ses b\u00e9n\u00e9fices enti\u00e8rement consacr\u00e9s aux projets d\u2019accessibilit\u00e9 et d\u2019\u00e9ducation artistique port\u00e9s par l\u2019institution.<\/p>\n<p class=\" wall-content\">Ouvert \u00e0 tous sur inscription, le gala r\u00e9unira grands noms de la gastronomie, interludes musicaux et une vente aux ench\u00e8res d\u00e9di\u00e9e \u00e0 l\u2019art urbain. Une occasion unique de vivre une rencontre o\u00f9 artistes du go\u00fbt, de l\u2019ou\u00efe et de la vue s\u2019unissent pour cr\u00e9er une soir\u00e9e d\u2019exception dans un lieu qui l\u2019est tout autant.<\/p>\n<p>Quand art urbain et gastronomie se rencontrent<\/p>\n<p class=\" wall-content\">Pour cette <strong>quatri\u00e8me \u00e9dition<\/strong>, l\u2019Op\u00e9ra Orchestre s\u2019associe pour la premi\u00e8re fois au<strong> Mus\u00e9e Parcelle473<\/strong> pour organiser sa vente aux ench\u00e8res. Pour l\u2019occasion,<strong> Laurent Rigail<\/strong>, pr\u00e9sident fondateur du mus\u00e9e, a s\u00e9lectionn\u00e9 l\u2019ensemble des \u0153uvres mises en vente. On y retrouvera des pi\u00e8ces d\u2019artistes majeurs de l\u2019art urbain, tels que l\u2019Am\u00e9ricain <strong>JonOne<\/strong>, l\u2019embl\u00e9matique <strong>M. Chat<\/strong>, <strong>Invader<\/strong> \u2014 dont les \u0153uvres ponctuent les rues de Montpellier \u2014, <strong>JR<\/strong> ou encore <strong>Richard Orlinski<\/strong>.<\/p>\n<blockquote class=\"ac-article-quote wall-content\">\n<p>\u00ab\u00a0Participer \u00e0 cette vente aux ench\u00e8res caritative, c&rsquo;est \u00e0 la fois acqu\u00e9rir une \u0153uvre embl\u00e9matique et soutenir concr\u00e8tement deux lieux culturels engag\u00e9s au c\u0153ur de la vie montpelli\u00e9raine\u00a0\u00bb<\/p>\n<p>    <strong>Laurent Rigail<\/strong><br \/>\n        Pr\u00e9sident fondateur du Mus\u00e9e Parcelle473    <\/p><\/blockquote>\n<p class=\" wall-content\">La vente aux ench\u00e8res sera anim\u00e9e sur place par <strong>Jean-Christophe Giuseppi<\/strong>, commissaire-priseur de l\u2019<strong>H\u00f4tel des Ventes de Montpellier<\/strong>. Pour ceux qui ne pourront pas assister \u00e0 l\u2019\u00e9v\u00e9nement, il sera possible de participer \u00e0 distance via le site <strong><a href=\"https:\/\/www.interencheres.com\/art-decoration\/gala-de-lopera-orchestre-national-de-montpellier-vente-caritative-671345\" target=\"_blank\" rel=\"noopener\">Interencheres<\/a><\/strong>. Et si la curiosit\u00e9 vous gagne, vous pouvez d\u2019ores et d\u00e9j\u00e0 d\u00e9couvrir l\u2019ensemble des \u0153uvres en ligne, ou les admirer lors d\u2019une exposition gratuite, du 14 janvier au 5 f\u00e9vrier 2026 (mardi \u00e0 vendredi, de 14h \u00e0 18h), dans les nouveaux locaux de l\u2019H\u00f4tel des ventes, au <strong>6 rue du Palais des Guilhem<\/strong>.<\/p>\n<p>Vid\u00e9os : en ce moment sur Actu<\/p>\n<p class=\" wall-content\">C\u00f4t\u00e9 gastronomie, les chefs \u00e9toil\u00e9s <strong>Jacques et Laurent Pourcel<\/strong> signent un menu aux mille et une saveurs :<\/p>\n<p>Votre r\u00e9gion, votre actu !<\/p>\n<p>Recevez chaque jour les infos qui comptent pour vous.<\/p>\n<p>\t<a href=\"https:\/\/actu.fr\/newsletter\" class=\"ac-btn ac-btn--corner ac-btn--medium ac-btn--blue800\" target=\"_blank\" rel=\"noopener\">S&rsquo;incrire<\/a><\/p>\n<ul class=\" wall-content\">\n<li>Cocktail de crabe et sa gel\u00e9e en duo de saumon gravlax cr\u00e8me l\u00e9g\u00e8re au caviar, l\u00e9gumes croquants.<\/li>\n<li>Filet de loup cuit longuement au four, raviole de calamars aux petits l\u00e9gumes de saison, fine pur\u00e9e de fenouil, jus de bisque comme une vigneronne.<\/li>\n<li>Barre moelleuse aux deux chocolats, confit de citron en gel\u00e9e et son coulis, cr\u00e8me glac\u00e9e au lait de brebis.\u00a0<\/li>\n<\/ul>\n<p>    <a href=\"https:\/\/www.google.com\/maps\/embed?pb=!1m18!1m12!1m3!1d4904.882853252313!2d3.8714527775194707!3d43.61142687110426!2m3!1f0!2f0!3f0!3m2!1i1024!2i768!4f13.1!3m3!1m2!1s0x12b6af0796ebb363%3A0x3255b8e949fd98b0!2s6%20Rue%20du%20Palais%20des%20Guilhem%2C%2034000%20Montpellier!5e1!3m2!1sfr!2sfr!4v1768413273978!5m2!1sfr!2sfr\" title=\"Ouvrie le lien\" target=\"_blank\" rel=\"noopener\">Cliquez ici pour visualiser le contenu<\/a><\/p>\n<p>Entre saveurs, symphonies et surprises<\/p>\n<p class=\" wall-content\">Qui dit Op\u00e9ra de Montpellier dit musique. Pour ce nouveau gala, ce sont les solistes de l\u2019Op\u00e9ra national de Montpellier qui enchanteront les convives avec des interludes musicaux tout au long de la soir\u00e9e.<\/p>\n<p class=\" wall-content\">Et si la curiosit\u00e9 frappe \u00e0 votre porte, de nombreuses enveloppes surprises seront mises en vente (25 \u20ac) pendant l\u2019\u00e9v\u00e9nement. Elles offriront la chance de remporter des cadeaux et exp\u00e9riences uniques : un coaching voyage pour partir une semaine en Gr\u00e8ce, des tirages photographiques de l\u2019artiste Olivier Martel, ou encore des objets de la marque de luxe S.T. Dupont. L\u2019Op\u00e9ra Orchestre proposera \u00e9galement des exp\u00e9riences privil\u00e9gi\u00e9es, offrant un acc\u00e8s in\u00e9dit \u00e0 ses spectacles et \u00e0 leurs coulisses.<\/p>\n<p><strong>&gt; <\/strong>R\u00e9servation individuelle 250\u20ac TTC ou table de 10 couverts 2500\u20ac. Billetterie <a href=\"https:\/\/www.opera-orchestre-montpellier.fr\/evenements\/diner-de-gala-2026\/\" target=\"_blank\" rel=\"noopener\">en ligne<\/a> ou par t\u00e9l\u00e9phone au 04 67 60 19 99.<\/p>\n<p class=\" wall-content\">Personnalisez votre actualit\u00e9 en ajoutant vos villes et m\u00e9dias en favori avec <a href=\"https:\/\/moncompte.actu.fr\" title=\"D\u00e9couvez Mon Actu\" rel=\"nofollow noopener\" data-trk=\"{&quot;cta&quot;:{&quot;action&quot;:&quot;https:\\\/\\\/moncompte.actu.fr&quot;,&quot;category&quot;:&quot;mon compte&quot;,&quot;from&quot;:&quot;article footer&quot;,&quot;name&quot;:&quot;Mon actu&quot;,&quot;type&quot;:&quot;cta&quot;}}\" target=\"_blank\">Mon Actu<\/a>.<\/p>\n","protected":false},"excerpt":{"rendered":"Par R\u00e9daction M\u00e9tropolitain Publi\u00e9 le 16 janv. 2026 \u00e0 11h33 ; mis \u00e0 jour le 16 janv. 2026&hellip;\n","protected":false},"author":2,"featured_media":667493,"comment_status":"","ping_status":"","sticky":false,"template":"","format":"standard","meta":{"footnotes":""},"categories":[9599],"tags":[1111,11,902,1777,674,1011,27,1661,1652,2208,12,2680,25],"class_list":{"0":"post-667492","1":"post","2":"type-post","3":"status-publish","4":"format-standard","5":"has-post-thumbnail","7":"category-montpellier","8":"tag-actu","9":"tag-actualites","10":"tag-cuisine","11":"tag-eu","12":"tag-europe","13":"tag-fr","14":"tag-france","15":"tag-gastronomie","16":"tag-loisirs-culture","17":"tag-montpellier","18":"tag-news","19":"tag-occitanie","20":"tag-republique-francaise"},"share_on_mastodon":{"url":"https:\/\/pubeurope.com\/@fr\/115904360340984192","error":""},"_links":{"self":[{"href":"https:\/\/www.europesays.com\/fr\/wp-json\/wp\/v2\/posts\/667492","targetHints":{"allow":["GET"]}}],"collection":[{"href":"https:\/\/www.europesays.com\/fr\/wp-json\/wp\/v2\/posts"}],"about":[{"href":"https:\/\/www.europesays.com\/fr\/wp-json\/wp\/v2\/types\/post"}],"author":[{"embeddable":true,"href":"https:\/\/www.europesays.com\/fr\/wp-json\/wp\/v2\/users\/2"}],"replies":[{"embeddable":true,"href":"https:\/\/www.europesays.com\/fr\/wp-json\/wp\/v2\/comments?post=667492"}],"version-history":[{"count":0,"href":"https:\/\/www.europesays.com\/fr\/wp-json\/wp\/v2\/posts\/667492\/revisions"}],"wp:featuredmedia":[{"embeddable":true,"href":"https:\/\/www.europesays.com\/fr\/wp-json\/wp\/v2\/media\/667493"}],"wp:attachment":[{"href":"https:\/\/www.europesays.com\/fr\/wp-json\/wp\/v2\/media?parent=667492"}],"wp:term":[{"taxonomy":"category","embeddable":true,"href":"https:\/\/www.europesays.com\/fr\/wp-json\/wp\/v2\/categories?post=667492"},{"taxonomy":"post_tag","embeddable":true,"href":"https:\/\/www.europesays.com\/fr\/wp-json\/wp\/v2\/tags?post=667492"}],"curies":[{"name":"wp","href":"https:\/\/api.w.org\/{rel}","templated":true}]}}