{"id":667494,"date":"2026-01-16T10:42:11","date_gmt":"2026-01-16T10:42:11","guid":{"rendered":"https:\/\/www.europesays.com\/fr\/667494\/"},"modified":"2026-01-16T10:42:11","modified_gmt":"2026-01-16T10:42:11","slug":"que-sest-il-passe-ce-vendredi-pres-de-la-prefecture-a-rouen","status":"publish","type":"post","link":"https:\/\/www.europesays.com\/fr\/667494\/","title":{"rendered":"que s&rsquo;est-il pass\u00e9 ce vendredi pr\u00e8s de la pr\u00e9fecture \u00e0 Rouen\u00a0?"},"content":{"rendered":"<p>                    Par<br \/>\n        <strong><br \/>\n            <a href=\"https:\/\/actu.fr\/auteur\/eaube\" title=\"Consulter tous les articles de Elo\u00efse Aub\u00e9\" target=\"_blank\" rel=\"noopener\">Elo\u00efse Aub\u00e9<\/a><br \/>\n                    <\/strong><\/p>\n<p>        Publi\u00e9 le<\/p>\n<p>            16 janv. 2026 \u00e0 10h26        <\/p>\n<p>Ce vendredi 16 janvier 2026, <strong>les pompiers ont sorti la grande \u00e9chelle rue de Lecat<\/strong> dans le quartier de la pr\u00e9fecture \u00e0 <a href=\"https:\/\/actu.fr\/normandie\/rouen_76540\" target=\"_blank\" rel=\"noopener\">Rouen<\/a> (Seine-Maritime).<\/p>\n<p class=\" wall-content\">Sur place, notre journaliste constate qu\u2019<strong>un \u00ab\u2009bout de la corniche\u2009\u00bb du deuxi\u00e8me \u00e9tage de l\u2019immeuble est tomb\u00e9<\/strong>, sans faire de bless\u00e9s. Les pompiers ont \u00e9t\u00e9 pr\u00e9venus peu avant 9 heures.<\/p>\n<p>    <img   decoding=\"async\" loading=\"lazy\" src=\"https:\/\/www.europesays.com\/fr\/wp-content\/uploads\/2026\/01\/pxl-20260116-085210660mp-1-960x640.jpg\" alt=\"Deux bouts de la corniche au deuxi\u00e8me \u00e9tage sont tomb\u00e9s.\" width=\"960\" height=\"640\"\/><br \/>\n    Deux bouts de la corniche au deuxi\u00e8me \u00e9tage sont tomb\u00e9s. (\u00a9MC\/76actu)L\u2019intervention toujours en cours<\/p>\n<p class=\" wall-content\">Un p\u00e9rim\u00e8tre de s\u00e9curit\u00e9 a \u00e9t\u00e9 \u00e9tabli et <strong>les pompiers sont toujours sur place<\/strong> pour v\u00e9rifier que d\u2019autres fragilit\u00e9s n\u2019existent pas dans le b\u00e2timent touch\u00e9. Aux alentours de 10 heures, les \u00e9quipes \u00e9taient \u00e0 l\u2019int\u00e9rieur de l\u2019immeuble, au deuxi\u00e8me \u00e9tage notamment.\u00a0<\/p>\n<p>    <img   decoding=\"async\" loading=\"lazy\" src=\"https:\/\/www.europesays.com\/fr\/wp-content\/uploads\/2026\/01\/pxl-20260116-085251359-1-960x640.jpg\" alt=\"La corniche est tomb\u00e9e sur le trottoir sans toucher personne.\" width=\"960\" height=\"640\"\/><br \/>\n    La corniche est tomb\u00e9e sur le trottoir sans faire de bless\u00e9s. (\u00a9MC\/76actu)<\/p>\n<p class=\" wall-content\">Plus d\u2019informations \u00e0 venir.<\/p>\n<p>Vid\u00e9os : en ce moment sur Actu<\/p>\n<p class=\" wall-content\"><strong>Avec Mathieu CHARRE<\/strong><\/p>\n<p>Suivez l\u2019actualit\u00e9 de Rouen sur notre <a href=\"https:\/\/www.whatsapp.com\/channel\/0029VaKfnf99hXF2ddApFB1D\" target=\"_blank\" rel=\"noopener\">cha\u00eene WhatsAp<\/a>p et sur notre <a href=\"https:\/\/www.tiktok.com\/@76actu.fr?lang=fr\" target=\"_blank\" rel=\"noopener\">compte TikTok<\/a><\/p>\n<p class=\" wall-content\">Personnalisez votre actualit\u00e9 en ajoutant vos villes et m\u00e9dias en favori avec <a href=\"https:\/\/moncompte.actu.fr\" title=\"D\u00e9couvez Mon Actu\" rel=\"nofollow noopener\" data-trk=\"{&quot;cta&quot;:{&quot;action&quot;:&quot;https:\\\/\\\/moncompte.actu.fr&quot;,&quot;category&quot;:&quot;mon compte&quot;,&quot;from&quot;:&quot;article footer&quot;,&quot;name&quot;:&quot;Mon actu&quot;,&quot;type&quot;:&quot;cta&quot;}}\" target=\"_blank\">Mon Actu<\/a>.<\/p>\n<p>                    <script async src=\"\/\/www.tiktok.com\/embed.js\"><\/script><\/p>\n","protected":false},"excerpt":{"rendered":"Par Elo\u00efse Aub\u00e9 Publi\u00e9 le 16 janv. 2026 \u00e0 10h26 Ce vendredi 16 janvier 2026, les pompiers ont&hellip;\n","protected":false},"author":2,"featured_media":667495,"comment_status":"","ping_status":"","sticky":false,"template":"","format":"standard","meta":{"footnotes":""},"categories":[9587],"tags":[1111,11,1777,674,118,1011,27,12,5161,1311,25,9590],"class_list":{"0":"post-667494","1":"post","2":"type-post","3":"status-publish","4":"format-standard","5":"has-post-thumbnail","7":"category-rouen","8":"tag-actu","9":"tag-actualites","10":"tag-eu","11":"tag-europe","12":"tag-faits-divers","13":"tag-fr","14":"tag-france","15":"tag-news","16":"tag-normandie","17":"tag-pompiers","18":"tag-republique-francaise","19":"tag-rouen"},"share_on_mastodon":{"url":"https:\/\/pubeurope.com\/@fr\/115904364248086752","error":""},"_links":{"self":[{"href":"https:\/\/www.europesays.com\/fr\/wp-json\/wp\/v2\/posts\/667494","targetHints":{"allow":["GET"]}}],"collection":[{"href":"https:\/\/www.europesays.com\/fr\/wp-json\/wp\/v2\/posts"}],"about":[{"href":"https:\/\/www.europesays.com\/fr\/wp-json\/wp\/v2\/types\/post"}],"author":[{"embeddable":true,"href":"https:\/\/www.europesays.com\/fr\/wp-json\/wp\/v2\/users\/2"}],"replies":[{"embeddable":true,"href":"https:\/\/www.europesays.com\/fr\/wp-json\/wp\/v2\/comments?post=667494"}],"version-history":[{"count":0,"href":"https:\/\/www.europesays.com\/fr\/wp-json\/wp\/v2\/posts\/667494\/revisions"}],"wp:featuredmedia":[{"embeddable":true,"href":"https:\/\/www.europesays.com\/fr\/wp-json\/wp\/v2\/media\/667495"}],"wp:attachment":[{"href":"https:\/\/www.europesays.com\/fr\/wp-json\/wp\/v2\/media?parent=667494"}],"wp:term":[{"taxonomy":"category","embeddable":true,"href":"https:\/\/www.europesays.com\/fr\/wp-json\/wp\/v2\/categories?post=667494"},{"taxonomy":"post_tag","embeddable":true,"href":"https:\/\/www.europesays.com\/fr\/wp-json\/wp\/v2\/tags?post=667494"}],"curies":[{"name":"wp","href":"https:\/\/api.w.org\/{rel}","templated":true}]}}