{"id":667496,"date":"2026-01-16T10:43:17","date_gmt":"2026-01-16T10:43:17","guid":{"rendered":"https:\/\/www.europesays.com\/fr\/667496\/"},"modified":"2026-01-16T10:43:17","modified_gmt":"2026-01-16T10:43:17","slug":"nationale-reportage-sans-match-depuis-un-mois-rouen-sera-dans-le-rythme-face-a-marcq-en-baroeul","status":"publish","type":"post","link":"https:\/\/www.europesays.com\/fr\/667496\/","title":{"rendered":"Nationale. Reportage \u2013 Sans match depuis un mois, Rouen sera dans le rythme face \u00e0 Marcq-en-Baroeul"},"content":{"rendered":"<p>\n                Apr\u00e8s une pause de 17 jours \u00e0 No\u00ebl, puis un report de son match de rentr\u00e9e face \u00e0 Bourg-en-Bresse, \u00e0 cause de la neige et la temp\u00eate, Rouen rechausse enfin les crampons pour aller \u00e0 l\u2019OMR.\n            <\/p>\n<p>Le RNR a v\u00e9cu une rentr\u00e9e mouvement\u00e9e. Reprise de l\u2019entra\u00eenement comme pr\u00e9vu, les 2 et 3\u00a0janvier, puis chutes de neige sur deux jours avec 15\u00a0cm sur les terrains, match remis et retour sur la pelouse le lundi 12\u00a0janvier enfin.<\/p>\n<p>Pour autant, le staff (notamment M\u00e9lanie Etchart, la team manageuse qui a pass\u00e9 beaucoup d\u2019appels) a \u00e9t\u00e9 inventif pour trouver des solutions sur l\u2019agglom\u00e9ration, afin de pouvoir reprendre convenablement, et trouver du rythme. \u00ab\u00a0On a fait beaucoup de s\u00e9ances en salle de musculation, puis en gymnase pour les mises en place, et m\u00eame en dojo, \u00e9quip\u00e9 de matelas au sol pour pouvoir travailler les collisions sans se blesser. Apr\u00e8s on a tous \u00e9t\u00e9 s\u00e9rieux, on a respect\u00e9 nos programmes de travail pendant la tr\u00eave, donc on sera op\u00e9rationnel contre l\u2019OMR\u00a0\u00bb, confie Florent Campeggia, le demi de m\u00eal\u00e9e rouennais.<\/p>\n<p>C\u2019est plus le respect des automatismes qui risque de pouvoir p\u00eacher, le physique \u00e7a s\u2019entretient, le travail sur le terrain, les skills, on a forcement besoin d\u2019\u00eatre en groupe pour les huiler. \u00ab\u00a0Il va falloir garder nos acquis de d\u00e9cembre, la d\u00e9fense qui nous a permis de rendre une prestation correcte sur trois matches \u00e0 l\u2019ext\u00e9rieur cons\u00e9cutifs (un bonus d\u00e9fensif \u00e0 Chamb\u00e9ry et deux victoires \u00e0 Tarbes et Suresnes, N.D.L.R.) et continuer \u00e0 corriger notre indiscipline qui nous fait encore mal\u00a0\u00bb, conclut le neuf rouennais.<\/p>\n<p>Car c\u2019est un quatri\u00e8me d\u00e9placement d\u2019affil\u00e9e auquel Rouen va se frotter, pas le plus simple \u00e0 L\u2019OMR qui vient d\u2019aller chercher un point \u00e0 Chamb\u00e9ry.\u00a0\u00ab\u00a0On ne s\u2019attend pas \u00e0 ce qu\u2019ils soient fatigu\u00e9s, nous on sera frais par contre, donc \u00e7a peut faire un beau match. On ne se cachera pas derri\u00e8re le fait de ne pas avoir jou\u00e9 depuis un mois. On ne joue que demain donc on aura cinq jours de pr\u00e9paration cette semaine, on a travaill\u00e9 dur pour reprendre, on est impatients, une bonne s\u00e9rie est en cours, il faut la continuer\u00a0\u00bb, affirme Willy N\u2019Diaye, le troisi\u00e8me ligne normand.<\/p>\n<p>Alexis Decaux part \u00e0 l\u2019OMR<\/p>\n<p>Fait rare et \u00e9tonnant, Rouen a vu partir un de ses piliers, Alexis Decaux en direction de son adversaire du week-end. Tr\u00e8s utilis\u00e9 l\u2019an pass\u00e9, il \u00e9tait un peu sorti des radars cette saison, g\u00ean\u00e9 par des blessures et l\u2019\u00e9closion de jeunes au poste<\/p>\n<p>\u00ab\u00a0C\u2019est un super mec qui n\u2019a jamais pos\u00e9 de probl\u00e8mes dans le groupe, il a eu cette opportunit\u00e9, on n\u2019avait aucune raison de le retenir. Il pourra jouer contre nous d\u00e9s demain, si le staff de Marcq l\u2019aligne, aucun souci avec \u00e7a. De notre c\u00f4t\u00e9, on a des jeunes qui poussent et Nicolas Lemaire qui ne jouera plus que pilier gauche (il \u00e9tait inscrit aux deux c\u00f4t\u00e9s, N.D.L.R.) pour pallier au poste\u00a0\u00bb, affirme Karlen Asieshvili, l\u2019entra\u00eeneur des avants.<\/p>\n<p>Rouen avec son match en retard a clairement les cartes en mains. En cas de r\u00e9sultat positif dans le Nord, il restera du chemin pour le top 6, mais les Normands seront revenus dans la roue des plays offs, qui restent un objectif pour le club.<\/p>\n<p>\u00ab\u00a0On l\u2019a dit plusieurs fois, on avance pas \u00e0 pas, mais nous sommes plus sereins. J\u2019ai eu un entra\u00eeneur c\u00e9l\u00e8bre qui nous disait, il ne faut pas regarder le match dans trois semaines, c\u2019est le meilleur moyen de ne pas voir le pi\u00e8ge du match du week end. Il s\u2019appelle Guy Nov\u00e9s, et sa carri\u00e8re parle pour lui. On aura \u00e0 c\u0153ur de continuer \u00e0 appliquer cet adage\u00a0\u00bb, confie, prudent, Yannick Nyanga, l\u2019un des managers de Rouen. Rouen a donc l\u2019intention de continuer sa reconqu\u00eate, en d\u00e9marrant, certes avec retard, cette ann\u00e9e 2026. L\u2019OMR est l\u2019adversaire id\u00e9al pour se jauger, une \u00e9quipe rude et pas facile \u00e0 man\u0153uvrer surtout chez elle. Il ne faudra pas se baser sur la large victoire rouennaise \u00e0 l\u2019aller, c\u2019\u00e9tait un autre temps, c\u2019\u00e9tait une autre histoire.<\/p>\n","protected":false},"excerpt":{"rendered":"Apr\u00e8s une pause de 17 jours \u00e0 No\u00ebl, puis un report de son match de rentr\u00e9e face \u00e0&hellip;\n","protected":false},"author":2,"featured_media":667497,"comment_status":"","ping_status":"","sticky":false,"template":"","format":"standard","meta":{"footnotes":""},"categories":[9587],"tags":[1111,11,1777,674,1011,27,4361,12,5161,25,9590,68796],"class_list":{"0":"post-667496","1":"post","2":"type-post","3":"status-publish","4":"format-standard","5":"has-post-thumbnail","7":"category-rouen","8":"tag-actu","9":"tag-actualites","10":"tag-eu","11":"tag-europe","12":"tag-fr","13":"tag-france","14":"tag-nationale","15":"tag-news","16":"tag-normandie","17":"tag-republique-francaise","18":"tag-rouen","19":"tag-rugby-u00e0-xv"},"share_on_mastodon":{"url":"https:\/\/pubeurope.com\/@fr\/115904368162250831","error":""},"_links":{"self":[{"href":"https:\/\/www.europesays.com\/fr\/wp-json\/wp\/v2\/posts\/667496","targetHints":{"allow":["GET"]}}],"collection":[{"href":"https:\/\/www.europesays.com\/fr\/wp-json\/wp\/v2\/posts"}],"about":[{"href":"https:\/\/www.europesays.com\/fr\/wp-json\/wp\/v2\/types\/post"}],"author":[{"embeddable":true,"href":"https:\/\/www.europesays.com\/fr\/wp-json\/wp\/v2\/users\/2"}],"replies":[{"embeddable":true,"href":"https:\/\/www.europesays.com\/fr\/wp-json\/wp\/v2\/comments?post=667496"}],"version-history":[{"count":0,"href":"https:\/\/www.europesays.com\/fr\/wp-json\/wp\/v2\/posts\/667496\/revisions"}],"wp:featuredmedia":[{"embeddable":true,"href":"https:\/\/www.europesays.com\/fr\/wp-json\/wp\/v2\/media\/667497"}],"wp:attachment":[{"href":"https:\/\/www.europesays.com\/fr\/wp-json\/wp\/v2\/media?parent=667496"}],"wp:term":[{"taxonomy":"category","embeddable":true,"href":"https:\/\/www.europesays.com\/fr\/wp-json\/wp\/v2\/categories?post=667496"},{"taxonomy":"post_tag","embeddable":true,"href":"https:\/\/www.europesays.com\/fr\/wp-json\/wp\/v2\/tags?post=667496"}],"curies":[{"name":"wp","href":"https:\/\/api.w.org\/{rel}","templated":true}]}}