{"id":667504,"date":"2026-01-16T10:47:14","date_gmt":"2026-01-16T10:47:14","guid":{"rendered":"https:\/\/www.europesays.com\/fr\/667504\/"},"modified":"2026-01-16T10:47:14","modified_gmt":"2026-01-16T10:47:14","slug":"palais-du-commerce-a-rennes-chronique-dune-ambition-qui-se-retracte-jusqua-latterrissage-hotelier","status":"publish","type":"post","link":"https:\/\/www.europesays.com\/fr\/667504\/","title":{"rendered":"Palais du Commerce \u00e0 Rennes, chronique d\u2019une ambition qui se r\u00e9tracte jusqu\u2019\u00e0 l\u2019atterrissage h\u00f4telier"},"content":{"rendered":"<p>            <a href=\"https:\/\/unidivers.fr\/wp-content\/uploads\/2026\/01\/rennes-palais-commerce-2026.jpeg\" data-caption=\"\" target=\"_blank\" rel=\"noopener\"><img decoding=\"async\" fetchpriority=\"high\" width=\"696\" height=\"390\" class=\"entry-thumb td-modal-image\" src=\"https:\/\/www.europesays.com\/fr\/wp-content\/uploads\/2026\/01\/rennes-palais-commerce-2026-696x390.jpeg\"   alt=\"rennes palais commerce\" title=\"rennes palais commerce-2026\"\/><\/a><\/p>\n<p>De la \u201crenaissance\u201d grandiose au sc\u00e9nario le plus robuste, c\u2019est pour fini un op\u00e9rateur local qui reprendrait la main sur le Palais du Commerce de Rennes place de la R\u00e9publique.<\/p>\n<p>Le Palais du Commerce, place de la R\u00e9publique, n\u2019est pas seulement un beau morceau de pierre. C\u2019est une promesse de ville. Un b\u00e2timent-aimant pos\u00e9 sur l\u2019un des carrefours les plus sensibles de Rennes. Et donc un symbole parfait pour raconter une \u00e9poque, celle o\u00f9 l\u2019on annonce tr\u00e8s haut, o\u00f9 l\u2019on maquette tr\u00e8s grand, puis o\u00f9 l\u2019on finit par revenir \u00e0 ce qui tient vraiment quand le r\u00e9el s\u2019invite au plan patrimonial, financier, politique, logistique.<\/p>\n<p>Depuis 2018, l\u2019histoire de sa reconversion ressemble \u00e0 une longue contraction. Au d\u00e9part, un r\u00e9cit XXL, des signatures internationales, des \u201clocomotives\u201d, des mots qui brillent. Six ans plus tard : une issue beaucoup plus resserr\u00e9e, presque classique, autour d\u2019un h\u00f4tel port\u00e9 par un groupe rennais d\u00e9j\u00e0 install\u00e9. On peut y voir une baisse d\u2019ambition. On peut aussi y lire une forme de d\u00e9cantation. A la fin, le projet plausible n\u2019est pas celui qui promet tout, mais celui qui sait exploiter et financer.<\/p>\n<p>Acte I (2018-2019) : le temps des superlatifs<\/p>\n<p>En f\u00e9vrier 2018, Poste Immo (propri\u00e9taire) et la Ville lancent un appel \u00e0 projets. Le verdict tombe d\u00e9but f\u00e9vrier 2019, le groupement Frey, associ\u00e9 \u00e0 MVRDV et Bernard Desmoulin, est retenu pour un projet baptis\u00e9 \u201cRenaissance\u201d. L\u2019affichage est puissant qui consiste \u00e0 \u201couvrir\u201d le Palais sur la ville, mettre en r\u00e9seau les espaces publics, redonner du souffle au centre et b\u00e2tir une nouvelle polarit\u00e9 au c\u0153ur du c\u0153ur.<\/p>\n<p>Dans la version 2019, le programme ressemble \u00e0 une liste de symboles : enseignes \u201clocomotives\u201d annonc\u00e9es (D\u00e9cathlon, Lego Store), h\u00f4tellerie (Aloft by Marriott), et m\u00eame l\u2019arriv\u00e9e de Thierry Marx pour un centre de formation et un restaurant. Le tout pour un chantier estim\u00e9 \u00e0 80 millions d\u2019euros, \u00e9tal\u00e9 sur plusieurs ann\u00e9es. C\u2019est la phase o\u00f9 l\u2019on vend un futur comme on vend une m\u00e9tropole par intensit\u00e9, par empilement, par effet de vitrine.<\/p>\n<p>Dans le m\u00eame moment, un autre projet finaliste (celui de la Compagnie de Phalsbourg, non retenu) fait parler de lui en jouant une carte culturelle spectaculaire jusqu\u2019\u00e0 \u00e9voquer une antenne du Palais de Tokyo ! M\u00eame retoqu\u00e9e, l\u2019id\u00e9e dit l\u2019atmosph\u00e8re, on ne cherche pas seulement une reconversion, on cherche un r\u00e9cit, un signe, un \u201cRennes peut le faire\u201d.<\/p>\n<p>Acte II (2020-2021) : la ville r\u00e9elle r\u00e9siste, la copie se \u201cconsensualise\u201d<\/p>\n<p>Un tel dossier, \u00e0 cet endroit, ne peut pas \u00eatre un simple chantier. C\u2019est un test de compatibilit\u00e9 entre le d\u00e9sir de transformation et la g\u00e9om\u00e9trie de la ville. Hyper-centre, flux, patrimoine, acceptabilit\u00e9, contraintes techniques, cohabitation avec les usages existants. Tr\u00e8s vite, la partie la plus expos\u00e9e devient la plus fragile, l\u2019extension contemporaine pr\u00e9vue c\u00f4t\u00e9 est.<\/p>\n<p>En 2021, le mot qui compte n\u2019est plus \u201crenaissance\u201d, mais \u201cconsensus\u201d. Le projet est revu et l\u2019extension c\u00f4t\u00e9 Est est abandonn\u00e9e. Ce n\u2019est pas un d\u00e9tail, mais la premi\u00e8re amputation visible. \u00c0 partir de l\u00e0, le dossier cesse d\u2019\u00eatre un geste, et devient un compromis. On ne gagne plus par addition, on avance par soustraction.<\/p>\n<p>Acte III (2022-2024) : le temps long, l\u2019impatience, puis le flou<\/p>\n<p>Ensuite, comme souvent, la grande histoire se dissout dans le calendrier. L\u2019horizon annonc\u00e9 glisse. Les dates se d\u00e9robent. La transformation devient un feuilleton, puis un point fixe, puis un motif d\u2019interpellation politique : comment un projet pr\u00e9sent\u00e9 comme \u201cstructurant\u201d peut-il rester immobile si longtemps au centre de la ville ?<\/p>\n<p>Au plan \u00e9ditorial, c\u2019est le moment o\u00f9 l\u2019ambition cesse d\u2019\u00eatre une promesse et devient un soup\u00e7on. La Ville a beaucoup annonc\u00e9, mais qu\u2019est-ce qui tient encore ? Le Palais du Commerce finit par incarner un paradoxe rennais tr\u00e8s contemporain : une capacit\u00e9 \u00e0 concevoir grand mais une difficult\u00e9 \u00e0 atterrir vite quand le projet touche au patrimoine, aux flux, au commerce, et donc \u00e0 tout ce qui rend la moindre d\u00e9cision inflammable.<\/p>\n<p>Acte IV (2025) : le basculement discret, de \u201cprojet urbain\u201d \u00e0 \u201creprise\u201d<\/p>\n<p>Le 30 juin 2025, un changement de nature est formul\u00e9 publiquement au conseil municipal. Le dossier entrerait dans une \u201cnouvelle phase\u201d d\u00e9pendant d\u00e9sormais d\u2019une proposition d\u2019achat adress\u00e9e \u00e0 Poste Immo par un \u201cexploitant devenu investisseur\u201d. La Ville dit accompagner le porteur au plan technique avec l\u2019objectif d\u2019un permis de construire d\u2019ici fin 2025.<\/p>\n<p>On sort alors du th\u00e9\u00e2tre des grands programmes. On entre dans la m\u00e9canique de l\u2019atterrissage. Un acteur qui exploite, investit, et promet moins, beaucoup moins mais du solide. C\u2019est aussi un aveu, la reconversion \u201cglobale\u201d, telle qu\u2019elle \u00e9tait vendue en 2019, n\u2019a pas trouv\u00e9 sa trajectoire. Le projet qui reste n\u2019est plus celui qui additionne des symboles, mais celui qui tient \u00e9conomiquement et administrativement.<\/p>\n<p>Acte V (janvier 2026) : l\u2019issue h\u00f4teli\u00e8re locale ou la fin de l\u2019illusion XXL<\/p>\n<p>Un groupe h\u00f4telier et immobilier rennais, d\u00e9j\u00e0 tr\u00e8s implant\u00e9, serait \u201cen passe\u201d de reprendre le Palais du Commerce, jusque-l\u00e0 propri\u00e9t\u00e9 de La Poste. Il s\u2019agirait du groupe Vicartem, acteur discret mais central du paysage h\u00f4telier rennais. Tant que l\u2019annonce officielle (Poste Immo, acqu\u00e9reur) et le permis ne sont pas publics, la prudence reste de mise. Mais la direction du dossier, elle, est claire, on s\u2019oriente vers un h\u00f4tel + annexes commerciales conduit par un op\u00e9rateur local.<\/p>\n<p>Et voil\u00e0 le grand \u00e9cart. D\u2019une consultation o\u00f9 l\u2019on a pu \u00e9voquer une antenne du Palais de Tokyo et aligner des \u201clocomotives\u201d commerciales comme autant de preuves de modernit\u00e9, on aboutit \u00e0 une solution plus resserr\u00e9e, plus r\u00e9aliste, plus \u201cm\u00e9tier\u201d. L\u2019ambition, ici, ne s\u2019est pas effondr\u00e9e d\u2019un coup, elle s\u2019est r\u00e9tract\u00e9e par touches successives. D\u2019abord on retire l\u2019extension. Ensuite on perd le tempo. Puis on change de logique. Enfin, on finit par confier le tout \u00e0 celui qui sait faire tourner un h\u00f4tel.<\/p>\n<p>L ville des maquettes contre la ville des contraintes<\/p>\n<p>Ce dossier raconte, au fond, une bataille entre deux Ren(n)es. La premi\u00e8re est celle des maquettes avec l\u2019urbanisme comme r\u00e9cit, la transformation comme vitrine, le commerce et la culture comme signaux de puissance. La seconde est celle des contraintes avec les patrimoine, flux, acceptabilit\u00e9, conjoncture, montage financier, et cette v\u00e9rit\u00e9 simple \u2014 au plan \u00e9conomique \u2014 qu\u2019un b\u00e2timent n\u2019est pas \u201cr\u00e9habilit\u00e9\u201d par un communiqu\u00e9, mais par un porteur qui assume le risque.<\/p>\n<p>On peut aussi dire que l\u2019ambition n\u2019a pas disparu, elle s\u2019est d\u00e9plac\u00e9e. Elle n\u2019est plus dans l\u2019id\u00e9e d\u2019un \u201cphare\u201d qui ferait basculer le secteur R\u00e9publique dans une nouvelle \u00e8re. Elle est dans la capacit\u00e9 \u00e0 produire enfin quelque chose de faisable, de finan\u00e7able, d\u2019instruisible, d\u2019exploitable. Mais il faut accepter ce que cela implique, le Palais du Commerce, au lieu de devenir un objet hybride et spectaculaire pourrait redevenir d\u2019abord ce que les centres-villes savent encore produire quand ils cherchent la stabilit\u00e9 : de l\u2019h\u00f4tellerie, de la restauration et un rez-de-chauss\u00e9e qui plus ou moins vivant, plus ou moins uniforme, plus ou moins ressemblant \u00e0 tant d\u2019autres grandes villes.<\/p>\n<p>Si cette reprise h\u00f4teli\u00e8re se confirme, la question d\u00e9cisive ne sera pas seulement \u201cquel h\u00f4tel ?\u201d, mais \u201cquel Palais pour la ville ?\u201d. Un h\u00f4tel peut dynamiser un secteur, mais tout se jouera dans la porosit\u00e9, l\u2019animation, l\u2019usage public des circulations, la qualit\u00e9 des acc\u00e8s, et la mani\u00e8re dont le projet traitera la place de la R\u00e9publique non comme un d\u00e9cor, mais comme un espace v\u00e9cu. Le Palais du Commerce n\u2019a pas besoin d\u2019un slogan de plus. Il a besoin d\u2019une porte qui s\u2019ouvre et d\u2019un rez-de-chauss\u00e9e qui respire. Qui respire d\u2019une fa\u00e7on large et originale. Retenons notre souffle\u2026<\/p>\n","protected":false},"excerpt":{"rendered":"De la \u201crenaissance\u201d grandiose au sc\u00e9nario le plus robuste, c\u2019est pour fini un op\u00e9rateur local qui reprendrait la&hellip;\n","protected":false},"author":2,"featured_media":667505,"comment_status":"","ping_status":"","sticky":false,"template":"","format":"standard","meta":{"footnotes":""},"categories":[2821],"tags":[1111,11,829,1777,674,1011,27,12,584,25],"class_list":{"0":"post-667504","1":"post","2":"type-post","3":"status-publish","4":"format-standard","5":"has-post-thumbnail","7":"category-rennes","8":"tag-actu","9":"tag-actualites","10":"tag-bretagne","11":"tag-eu","12":"tag-europe","13":"tag-fr","14":"tag-france","15":"tag-news","16":"tag-rennes","17":"tag-republique-francaise"},"share_on_mastodon":{"url":"https:\/\/pubeurope.com\/@fr\/115904383929955845","error":""},"_links":{"self":[{"href":"https:\/\/www.europesays.com\/fr\/wp-json\/wp\/v2\/posts\/667504","targetHints":{"allow":["GET"]}}],"collection":[{"href":"https:\/\/www.europesays.com\/fr\/wp-json\/wp\/v2\/posts"}],"about":[{"href":"https:\/\/www.europesays.com\/fr\/wp-json\/wp\/v2\/types\/post"}],"author":[{"embeddable":true,"href":"https:\/\/www.europesays.com\/fr\/wp-json\/wp\/v2\/users\/2"}],"replies":[{"embeddable":true,"href":"https:\/\/www.europesays.com\/fr\/wp-json\/wp\/v2\/comments?post=667504"}],"version-history":[{"count":0,"href":"https:\/\/www.europesays.com\/fr\/wp-json\/wp\/v2\/posts\/667504\/revisions"}],"wp:featuredmedia":[{"embeddable":true,"href":"https:\/\/www.europesays.com\/fr\/wp-json\/wp\/v2\/media\/667505"}],"wp:attachment":[{"href":"https:\/\/www.europesays.com\/fr\/wp-json\/wp\/v2\/media?parent=667504"}],"wp:term":[{"taxonomy":"category","embeddable":true,"href":"https:\/\/www.europesays.com\/fr\/wp-json\/wp\/v2\/categories?post=667504"},{"taxonomy":"post_tag","embeddable":true,"href":"https:\/\/www.europesays.com\/fr\/wp-json\/wp\/v2\/tags?post=667504"}],"curies":[{"name":"wp","href":"https:\/\/api.w.org\/{rel}","templated":true}]}}