{"id":667508,"date":"2026-01-16T10:49:13","date_gmt":"2026-01-16T10:49:13","guid":{"rendered":"https:\/\/www.europesays.com\/fr\/667508\/"},"modified":"2026-01-16T10:49:13","modified_gmt":"2026-01-16T10:49:13","slug":"strasbourg-le-theorbe-un-instrument-tombe-dans-loubli-a-decouvrir-et-ecouter-ce-samedi-a-saint-pierre-le-vieux","status":"publish","type":"post","link":"https:\/\/www.europesays.com\/fr\/667508\/","title":{"rendered":"Strasbourg. Le th\u00e9orbe, un instrument tomb\u00e9 dans l\u2019oubli \u00e0 d\u00e9couvrir et \u00e9couter ce samedi \u00e0 Saint-Pierre-le-Vieux"},"content":{"rendered":"<p>Le th\u00e9orbe est un instrument de la famille des luths. Connaissant son essor au XVIIe \u00a0si\u00e8cle, notamment \u00e0 la cour de Louis XIV, il tombe soudainement dans l\u2019oubli. Son parcours reste \u00e9nigmatique, car on trouve autant de mod\u00e8les que de th\u00e9orbistes de l\u2019\u00e9poque. Ce myst\u00e8re a encourag\u00e9 les musiciens \u00e0 entreprendre sa red\u00e9couverte au cours du XXe \u00a0si\u00e8cle. Ainsi, ils ont r\u00e9v\u00e9l\u00e9 une histoire oubli\u00e9e qui, peu \u00e0 peu, reprend vie.<\/p>\n<p>Sebasti\u00e1n Carrasco Mendoza est un musicien originaire du Chili. Ses int\u00e9r\u00eats musicaux l\u2019ont amen\u00e9 \u00e0 explorer diff\u00e9rents styles. Musique ancienne, tango, musique classique et contemporaine et bien \u00e9videmment musique latino-am\u00e9ricaine l\u2019ont nourri comme artiste. <\/p>\n<p>Depuis 2022, il travaille avec des compositeurs pour contribuer au d\u00e9veloppement du nouveau r\u00e9pertoire pour les luths sous diff\u00e9rents angles. L\u2019instrument choisi pour d\u00e9marrer cette recherche est le th\u00e9orbe, le plus \u00e9nigmatique de sa famille.<\/p>\n<p>Entre ombre et clart\u00e9, le th\u00e9orbe murmure les souvenirs de Robert de Vis\u00e9e, Castaldi et Kapsberger, avant de s\u2019aventurer vers des paysages in\u00e9dits \u00e0 travers des explorations sonores contemporaines. Ce dialogue entre pass\u00e9 et devenir sera \u00e9tabli avec une guitare \u00e9lectrique et un archiluth. La tradition se transforme, les harmonies s\u2019ouvrent, et l\u2019instrument retrouve une voix d\u2019aujourd\u2019hui.<\/p>\n<p class=\"note\">R\u00e9cital ce samedi 17\u00a0janvier \u00e0 partir de 19\u00a0h\u00a030 en l\u2019\u00e9glise Saint-Pierre-le-Vieux, 6, place Saint-Pierre-le-Vieux \u00e0 Strasbourg. Tarif unique de 5\u00a0\u20ac, gratuit pour les moins de 16 ans.<\/p>\n","protected":false},"excerpt":{"rendered":"Le th\u00e9orbe est un instrument de la famille des luths. Connaissant son essor au XVIIe \u00a0si\u00e8cle, notamment \u00e0&hellip;\n","protected":false},"author":2,"featured_media":667509,"comment_status":"","ping_status":"","sticky":false,"template":"","format":"standard","meta":{"footnotes":""},"categories":[2820],"tags":[1111,11,1687,2880,1777,674,107,1011,27,775,873,12,25,640,2879],"class_list":{"0":"post-667508","1":"post","2":"type-post","3":"status-publish","4":"format-standard","5":"has-post-thumbnail","7":"category-strasbourg","8":"tag-actu","9":"tag-actualites","10":"tag-culture-loisirs","11":"tag-edition-strasbourg","12":"tag-eu","13":"tag-europe","14":"tag-fil-info","15":"tag-fr","16":"tag-france","17":"tag-grand-est","18":"tag-musique","19":"tag-news","20":"tag-republique-francaise","21":"tag-strasbourg","22":"tag-strasbourg-ville"},"share_on_mastodon":{"url":"https:\/\/pubeurope.com\/@fr\/115904391697154740","error":""},"_links":{"self":[{"href":"https:\/\/www.europesays.com\/fr\/wp-json\/wp\/v2\/posts\/667508","targetHints":{"allow":["GET"]}}],"collection":[{"href":"https:\/\/www.europesays.com\/fr\/wp-json\/wp\/v2\/posts"}],"about":[{"href":"https:\/\/www.europesays.com\/fr\/wp-json\/wp\/v2\/types\/post"}],"author":[{"embeddable":true,"href":"https:\/\/www.europesays.com\/fr\/wp-json\/wp\/v2\/users\/2"}],"replies":[{"embeddable":true,"href":"https:\/\/www.europesays.com\/fr\/wp-json\/wp\/v2\/comments?post=667508"}],"version-history":[{"count":0,"href":"https:\/\/www.europesays.com\/fr\/wp-json\/wp\/v2\/posts\/667508\/revisions"}],"wp:featuredmedia":[{"embeddable":true,"href":"https:\/\/www.europesays.com\/fr\/wp-json\/wp\/v2\/media\/667509"}],"wp:attachment":[{"href":"https:\/\/www.europesays.com\/fr\/wp-json\/wp\/v2\/media?parent=667508"}],"wp:term":[{"taxonomy":"category","embeddable":true,"href":"https:\/\/www.europesays.com\/fr\/wp-json\/wp\/v2\/categories?post=667508"},{"taxonomy":"post_tag","embeddable":true,"href":"https:\/\/www.europesays.com\/fr\/wp-json\/wp\/v2\/tags?post=667508"}],"curies":[{"name":"wp","href":"https:\/\/api.w.org\/{rel}","templated":true}]}}