{"id":667510,"date":"2026-01-16T10:50:12","date_gmt":"2026-01-16T10:50:12","guid":{"rendered":"https:\/\/www.europesays.com\/fr\/667510\/"},"modified":"2026-01-16T10:50:12","modified_gmt":"2026-01-16T10:50:12","slug":"seb-delanney-de-la-turbie-aux-sommets-du-car-spotting-mondial","status":"publish","type":"post","link":"https:\/\/www.europesays.com\/fr\/667510\/","title":{"rendered":"Seb Delanney : De La Turbie aux sommets du Car Spotting mondial"},"content":{"rendered":"<p>AD<\/p>\n<p><img fetchpriority=\"high\" decoding=\"async\" class=\" wp-image-33745\" src=\"https:\/\/www.europesays.com\/fr\/wp-content\/uploads\/2026\/01\/IMG_9315-616x770.jpg\" alt=\"\" width=\"446\" height=\"558\"  \/><\/p>\n<p>\u00a0<\/p>\n<p><b>Il a grandi \u00e0 La Turbie, berc\u00e9 par le rugissement des moteurs. Tr\u00e8s t\u00f4t, il traversait Monaco pour admirer les plus belles m\u00e9caniques du monde avant de commencer \u00e0 les filmer, presque par hasard, pour partager sa passion avec son grand-p\u00e8re. Aujourd\u2019hui, Seb Delanney est devenu l\u2019un des visages incontournables de l\u2019automobile sur YouTube. Ce matin, il \u00e9tait l\u2019invit\u00e9 exceptionnel de Radio Monaco pour une immersion totale dans son univers.<\/b><\/p>\n<p>Un Hobby devenu un Business mondial<\/p>\n<p>Revenu sur ses terres, Seb Delanney s\u2019est confi\u00e9 au micro de L\u00e9o et Djou sur l\u2019incroyable \u00e9volution de sa carri\u00e8re. Comment un simple lien YouTube est-il devenu un business florissant ? L\u2019influenceur a lev\u00e9 le voile sur les coulisses de ses contenus, sa gestion multiplateforme et son lien privil\u00e9gi\u00e9 avec les plus grandes marques de supercars. Interrog\u00e9 sur ses inspirations, il a \u00e9voqu\u00e9 ses collaborations de r\u00eave et sa relation avec une autre figure embl\u00e9matique du milieu,\u00a0<b>GMK<\/b>.<\/p>\n<p>Monaco : Le temple du Car Spotting<\/p>\n<p>Le terme n\u2019existait m\u00eame pas quand il a commenc\u00e9, pourtant Monaco est aujourd\u2019hui \u00ab\u00a0The Place to Be\u00a0\u00bb pour les passionn\u00e9s. Seb nous a expliqu\u00e9 pourquoi la Principaut\u00e9 reste le terrain de jeu num\u00e9ro 1 pour observer des mod\u00e8les uniques au monde sans d\u00e9ranger, tout en partageant ses meilleurs \u00ab\u00a0spots\u00a0\u00bb pour les d\u00e9butants. Plus qu\u2019une simple observation, il d\u00e9crit le car spotting comme un langage universel qui unit les g\u00e9n\u00e9rations.<\/p>\n<p>Entre Passion, Formule 1 et Entrepreneuriat<\/p>\n<p>Le tour d\u2019horizon ne s\u2019est pas arr\u00eat\u00e9 aux vid\u00e9os. Seb a retrac\u00e9 le \u00ab\u00a0film de sa vie automobile\u00a0\u00bb, listant les mod\u00e8les mythiques qu\u2019il a poss\u00e9d\u00e9s, tout en expliquant la logique complexe de l\u2019investissement dans les supercars : entre coup de c\u0153ur et revente strat\u00e9gique. De Ferrari \u00e0 McLaren, en passant par ses souvenirs du Grand Prix de Monaco, aucun virage n\u2019a \u00e9t\u00e9 oubli\u00e9. Il a \u00e9galement livr\u00e9 son regard d\u2019expert sur la saison de\u00a0<b>Formule 1<\/b>\u00a0\u00e9coul\u00e9e et son admiration pour les pilotes de l\u00e9gende qui ont marqu\u00e9 l\u2019histoire de l\u2019asphalte.<\/p>\n<p>\u00a0Gagnez votre tour en Ferrari 458 Spider avec Seb !<br \/>\nSeb Delanney n\u2019est pas venu les mains vides : il vous invite \u00e0 prendre place \u00e0 ses c\u00f4t\u00e9s pour une exp\u00e9rience extraordinaire.\u00a0<b>Il offre \u00e0 un auditeur de Radio Monaco un tour m\u00e9morable dans sa l\u00e9gendaire Ferrari 458 Spider !<\/b><br \/>\n<b>Pour participer :<\/b><\/p>\n<ol start=\"1\">\n<li style=\"text-align: center;\">\nRendez-vous sur le compte Instagram\u00a0<b>@radio_monaco<\/b>.\n<\/li>\n<li style=\"text-align: center;\">\nLikez la photo de l\u2019\u00e9quipe aux c\u00f4t\u00e9s de Seb et sa Ferrari.\n<\/li>\n<li>\nTaguez deux amis en commentaire et abonnez-vous au compte.\u00a0Tirage au sort le 31 janvier !\n<\/li>\n<\/ol>\n<p>        L&rsquo;\u00e9quipe<\/p>\n<p>                <a href=\"https:\/\/radio-monaco.com\/author\/giulia-testaverderm4815\/\" target=\"_blank\" rel=\"noopener\"><img loading=\"lazy\" decoding=\"async\" alt=\"Avatar photo\" src=\"https:\/\/www.europesays.com\/fr\/wp-content\/uploads\/2025\/09\/GIULIA-TESTAVERDE_avatar-min-150x150.webp.webp\"  class=\"avatar avatar-150 photo\" height=\"150\" width=\"150\"\/><\/a><\/p>\n","protected":false},"excerpt":{"rendered":"AD \u00a0 Il a grandi \u00e0 La Turbie, berc\u00e9 par le rugissement des moteurs. Tr\u00e8s t\u00f4t, il traversait&hellip;\n","protected":false},"author":2,"featured_media":649291,"comment_status":"","ping_status":"","sticky":false,"template":"","format":"standard","meta":{"footnotes":""},"categories":[2819],"tags":[1111,11,1777,674,1011,27,12,2401,882,25,76771],"class_list":{"0":"post-667510","1":"post","2":"type-post","3":"status-publish","4":"format-standard","5":"has-post-thumbnail","7":"category-nice","8":"tag-actu","9":"tag-actualites","10":"tag-eu","11":"tag-europe","12":"tag-fr","13":"tag-france","14":"tag-news","15":"tag-nice","16":"tag-provence-alpes-cote-dazur","17":"tag-republique-francaise","18":"tag-seb-delanney"},"share_on_mastodon":{"url":"https:\/\/pubeurope.com\/@fr\/115904395716451151","error":""},"_links":{"self":[{"href":"https:\/\/www.europesays.com\/fr\/wp-json\/wp\/v2\/posts\/667510","targetHints":{"allow":["GET"]}}],"collection":[{"href":"https:\/\/www.europesays.com\/fr\/wp-json\/wp\/v2\/posts"}],"about":[{"href":"https:\/\/www.europesays.com\/fr\/wp-json\/wp\/v2\/types\/post"}],"author":[{"embeddable":true,"href":"https:\/\/www.europesays.com\/fr\/wp-json\/wp\/v2\/users\/2"}],"replies":[{"embeddable":true,"href":"https:\/\/www.europesays.com\/fr\/wp-json\/wp\/v2\/comments?post=667510"}],"version-history":[{"count":0,"href":"https:\/\/www.europesays.com\/fr\/wp-json\/wp\/v2\/posts\/667510\/revisions"}],"wp:featuredmedia":[{"embeddable":true,"href":"https:\/\/www.europesays.com\/fr\/wp-json\/wp\/v2\/media\/649291"}],"wp:attachment":[{"href":"https:\/\/www.europesays.com\/fr\/wp-json\/wp\/v2\/media?parent=667510"}],"wp:term":[{"taxonomy":"category","embeddable":true,"href":"https:\/\/www.europesays.com\/fr\/wp-json\/wp\/v2\/categories?post=667510"},{"taxonomy":"post_tag","embeddable":true,"href":"https:\/\/www.europesays.com\/fr\/wp-json\/wp\/v2\/tags?post=667510"}],"curies":[{"name":"wp","href":"https:\/\/api.w.org\/{rel}","templated":true}]}}