{"id":667511,"date":"2026-01-16T10:51:10","date_gmt":"2026-01-16T10:51:10","guid":{"rendered":"https:\/\/www.europesays.com\/fr\/667511\/"},"modified":"2026-01-16T10:51:10","modified_gmt":"2026-01-16T10:51:10","slug":"deux-joueurs-ont-traine-nice-devant-la-lfp","status":"publish","type":"post","link":"https:\/\/www.europesays.com\/fr\/667511\/","title":{"rendered":"Deux joueurs ont train\u00e9 Nice devant la LFP"},"content":{"rendered":"<p><strong>Situation tendue \u00e0 l\u2019OGC Nice. Deux joueurs ont convoqu\u00e9 le club devant la commission de la LFP.  <\/strong><\/p>\n<p>30 novembre 2025, <a href=\"https:\/\/www.les-transferts.com\/club\/nice\/\" target=\"_blank\" rel=\"noopener\">Nice<\/a> en d\u00e9placement \u00e0 Lorient s\u2019incline (1-3). Cette d\u00e9faite de la 14\u00e8me journ\u00e9e de la Ligue 1 passe mal aupr\u00e8s des supporters. <strong>Ces derniers agressent <a href=\"https:\/\/www.les-transferts.com\/joueur\/jeremie-boga\/\" target=\"_blank\" rel=\"noopener\">J\u00e9r\u00e9mie Boga<\/a> et <a href=\"https:\/\/www.les-transferts.com\/joueur\/terem-moffi\/\" target=\"_blank\" rel=\"noopener\">Terem Moffi<\/a><\/strong> devant le centre d\u2019entrainement le m\u00eame jour. <\/p>\n<p>La direction des Aiglons r\u00e9agit en m\u00eame temps en\u00a0<strong>floquant leurs maillots aux noms des deux joueurs en signe de soutien. <\/strong>Mais<strong> le fran\u00e7ais et le nig\u00e9rian r\u00e9clament la r\u00e9siliation de leur contrat en d\u00e9plorant des mesures de s\u00e9curit\u00e9 trop faibles<\/strong>. <\/p>\n<p><strong>Les avocats des deux joueurs portent l\u2019affaire devant la Ligue de Football Professionnel<\/strong> (LFP). Ce jeudi, <strong>la tentative de r\u00e9conciliation entre les deux joueurs et le Gym a \u00e9chou\u00e9<\/strong>. Les Aiglons ne consid\u00e8rent pas avoir r\u00e9alis\u00e9 une faute et propose de r\u00e9gler cette situation avec un pr\u00eat ou un transfert pour les deux hommes. <\/p>\n<\/p>\n<p><strong>Proposition refus\u00e9e par Jeremie Boga et Terem Moffi<\/strong>. Le milieu de terrain et l\u2019avant-centre vont d\u00e9sormais saisir les Prud\u2019hommes. Pour rappel, le fran\u00e7ais et le nig\u00e9rian sont tous les deux li\u00e9s \u00e0 Nice jusqu\u2019en juin 2027. <\/p>\n<p>Fan inconditionnel du Bar\u00e7a, je d\u00e9bute ma carri\u00e8re de journaliste en 2015. J\u2019ai couvert la CAN 2017 au Gabon et le mondial 2022 au Qatar entre autres. Commentateur des matchs foot, j\u2019ai r\u00e9cemment pris go\u00fbt pour l\u2019EuroLeague de Basket dont mon joueur pr\u00e9f\u00e9r\u00e9 est Facundo Campazzo.<\/p>\n","protected":false},"excerpt":{"rendered":"Situation tendue \u00e0 l\u2019OGC Nice. Deux joueurs ont convoqu\u00e9 le club devant la commission de la LFP. 30&hellip;\n","protected":false},"author":2,"featured_media":667512,"comment_status":"","ping_status":"","sticky":false,"template":"","format":"standard","meta":{"footnotes":""},"categories":[2819],"tags":[1111,11,1777,674,1011,27,12,2401,882,25],"class_list":{"0":"post-667511","1":"post","2":"type-post","3":"status-publish","4":"format-standard","5":"has-post-thumbnail","7":"category-nice","8":"tag-actu","9":"tag-actualites","10":"tag-eu","11":"tag-europe","12":"tag-fr","13":"tag-france","14":"tag-news","15":"tag-nice","16":"tag-provence-alpes-cote-dazur","17":"tag-republique-francaise"},"share_on_mastodon":{"url":"https:\/\/pubeurope.com\/@fr\/115904399493413855","error":""},"_links":{"self":[{"href":"https:\/\/www.europesays.com\/fr\/wp-json\/wp\/v2\/posts\/667511","targetHints":{"allow":["GET"]}}],"collection":[{"href":"https:\/\/www.europesays.com\/fr\/wp-json\/wp\/v2\/posts"}],"about":[{"href":"https:\/\/www.europesays.com\/fr\/wp-json\/wp\/v2\/types\/post"}],"author":[{"embeddable":true,"href":"https:\/\/www.europesays.com\/fr\/wp-json\/wp\/v2\/users\/2"}],"replies":[{"embeddable":true,"href":"https:\/\/www.europesays.com\/fr\/wp-json\/wp\/v2\/comments?post=667511"}],"version-history":[{"count":0,"href":"https:\/\/www.europesays.com\/fr\/wp-json\/wp\/v2\/posts\/667511\/revisions"}],"wp:featuredmedia":[{"embeddable":true,"href":"https:\/\/www.europesays.com\/fr\/wp-json\/wp\/v2\/media\/667512"}],"wp:attachment":[{"href":"https:\/\/www.europesays.com\/fr\/wp-json\/wp\/v2\/media?parent=667511"}],"wp:term":[{"taxonomy":"category","embeddable":true,"href":"https:\/\/www.europesays.com\/fr\/wp-json\/wp\/v2\/categories?post=667511"},{"taxonomy":"post_tag","embeddable":true,"href":"https:\/\/www.europesays.com\/fr\/wp-json\/wp\/v2\/tags?post=667511"}],"curies":[{"name":"wp","href":"https:\/\/api.w.org\/{rel}","templated":true}]}}