{"id":667513,"date":"2026-01-16T10:53:12","date_gmt":"2026-01-16T10:53:12","guid":{"rendered":"https:\/\/www.europesays.com\/fr\/667513\/"},"modified":"2026-01-16T10:53:12","modified_gmt":"2026-01-16T10:53:12","slug":"tous-les-candidats-et-les-tendances","status":"publish","type":"post","link":"https:\/\/www.europesays.com\/fr\/667513\/","title":{"rendered":"tous les candidats et les tendances"},"content":{"rendered":"<p>                    <a title=\"\" href=\"https:\/\/www.europesays.com\/fr\/wp-content\/uploads\/2026\/01\/85041750.jpg\" class=\"fancy\"><\/p>\n<p>                            <img loading=\"lazy\" decoding=\"async\" src=\"https:\/\/www.europesays.com\/fr\/wp-content\/uploads\/2026\/01\/85041750.jpg\" alt=\"Municipales 2026\u00a0\u00e0 Nantes\u00a0: tous les candidats et les tendances\" width=\"1500\" height=\"1000\"\/><\/p>\n<p>                    <\/a><\/p>\n<p>                                    Au pouvoir depuis 36\u00a0ans \u00e0 Nantes, la gauche pourrait \u00eatre talonn\u00e9e lors des \u00e9lections municipales de 2026\u00a0avec l&rsquo;alliance de la droite et du centre. Le PS, lui, a re\u00e7u le soutien des Ecologistes.\n                            <\/p>\n<p>Dirig\u00e9e depuis 1989 par la gauche,\u00a0<a href=\"https:\/\/www.linternaute.com\/ville\/nantes\/ville-44109\" title=\"Nantes\" target=\"_blank\" rel=\"noopener\">Nantes<\/a>\u00a0pourrait conna\u00eetre en 2026 un changement de bord. Alors que la socialiste Johanna Rolland brigue un troisi\u00e8me mandat en Loire-Atlantique, elle sera cette fois-ci soutenue d\u00e8s le premier tour par les Ecologistes, ce qui n&rsquo;\u00e9tait pas le cas lors du scrutin de 2020. En revanche, LFI a d\u00e9cid\u00e9 de pr\u00e9senter une liste \u00e0 part, forte de ses bons r\u00e9sultats aux europ\u00e9ennes et aux l\u00e9gislatives.<\/p>\n<p>Malgr\u00e9 un premier mandat souvent lou\u00e9 et bas\u00e9 sur l&rsquo;attractivit\u00e9 \u00e9conomique et les grands projets sociaux, le deuxi\u00e8me mandat de Johanna Rolland &#8211; maire de Nantes et pr\u00e9sidente de la M\u00e9tropole &#8211; fut un peu plus d\u00e9licat, tourn\u00e9 vers la \u00ab\u00a0social \u00e9cologie\u00a0\u00bb et marqu\u00e9 par certains grands d\u00e9fis comme la crise du logement ou encore l&rsquo;ins\u00e9curit\u00e9 parfois d\u00e9cri\u00e9e dans la sixi\u00e8me ville de France sous la direction de la premi\u00e8re \u00e9dile PS.<\/p>\n<p>Vendredi 9 janvier, la maire socialiste de Nantes d\u00e9voilait\u00a0ses colistiers en vue des \u00e9lections municipales.\u00a0Aide-soignante, chef d&rsquo;entreprise, chor\u00e9graphe ou avocat, ces colistiers ont des profils tr\u00e8s divers mais un point commun\u00a0: ce sont, selon elle, des candidats\u00a0\u00ab\u00a0amoureux de leur ville\u00a0\u00bb. \u00ab\u00a0Cette\u00a0liste est tr\u00e8s repr\u00e9sentative, je crois, de notre capacit\u00e9 \u00e0 rassembler. Pas seulement les partis politiques, mais les Nantaises et les Nantais, les g\u00e9n\u00e9rations, les diff\u00e9rents quartiers\u00a0\u00bb, confie-t-elle chez <a href=\"https:\/\/www.francebleu.fr\/infos\/politique\/elections-municipales-la-maire-de-nantes-johanna-rolland-a-devoile-sa-liste-7125256\" target=\"_blank\" rel=\"noopener\">ICI Loire Oc\u00e9an<\/a>. De son c\u00f4t\u00e9,\u00a0le candidat LR Foulques Chombart\u00a0de\u00a0Lauwe esp\u00e8re r\u00e9aliser \u00ab\u00a0le hold-up du si\u00e8cle\u00a0\u00bb. Le candidat du centre et de la droite donnait son premier meeting aux c\u00f4t\u00e9 de Bruno Retailleau mercredi 14\u00a0janvier. \u00ab\u00a0Je suis encore l\u00e0 pour gagner le match. Car cette ann\u00e9e il y a match\u00a0\u00bb, a-t-il lanc\u00e9.<\/p>\n<p>Tous les candidats aux municipales \u00e0 Nantes<\/p>\n<ul>&#13;<\/p>\n<li>NPA :\u00a0Alexandre Gauvin\u00a0et\u00a0Sarah Ferron<\/li>\n<p>&#13;<\/p>\n<li>\u00ab\u00a0Nantes populaire\u00a0\u00bb : Margot Medkour<\/li>\n<p>&#13;<\/p>\n<li>Lutte ouvri\u00e8re : Nicolas Bazille<\/li>\n<p>&#13;<\/p>\n<li>LFI : William Autant<\/li>\n<p>&#13;<\/p>\n<li>\u00ab\u00a0La gauche unie pour Nantes\u00a0\u00bb, liste soutenue par\u00a0le Parti socialiste, le Parti communiste, les Ecologistes : Johanna Rolland\u00a0<\/li>\n<p>&#13;<\/p>\n<li>Liste du centre :\u00a0Mounir Belhamiti<\/li>\n<p>&#13;<\/p>\n<li>Liste de centre-droit soutenue par\u00a0Les R\u00e9publicains, leMoDem, Renaissance et Horizons :\u00a0Foulques Chombart de Lauwe<\/li>\n<p>&#13;<\/p>\n<li>RN :\u00a0Jean\u2010Claude Hulot<\/li>\n<p>&#13;\n<\/ul>\n<p>Les tendances pour les municipales 2026 \u00e0 Nantes<\/p>\n<p>Pour les \u00e9lections municipales de 2026 \u00e0 Nantes, Johanna Rolland (PS) m\u00e8nera une liste \u00ab\u00a0de gauche unie pour Nantes\u00a0\u00bb. Elle comprend les socialistes, les \u00e9cologistes, les communistes et le PRG.\u00a0\u00ab\u00a0Ma candidature, c&rsquo;est\u00a0une promesseque je fais pour Nantes, pour ses habitantes et ses habitants. Notre promesse pourrait se r\u00e9sumer ainsi\u00a0: faire vivre tout ce que nous aimons \u00e0 Nantes, faire vivre ce qui fait Nantes, faire et refaire soci\u00e9t\u00e9 en cultivant la justice\u00a0\u00bb, a-t-elle d\u00e9clar\u00e9 lors du lancement officiel de sa campagne, le 22 novembre dernier.<\/p>\n<p>Face \u00e0 elle et c&rsquo;est in\u00e9dit : la droite et le centre ont d\u00e9cid\u00e9 de s&rsquo;allier. Foulques Chombart de Lauwe, vainqueur de la primaire LR, m\u00e8nera cette liste. Il pourra b\u00e9n\u00e9ficier de l&rsquo;expertise de\u00a0la haute-commissaire \u00e0 l&rsquo;Enfance Sarah El Ha\u00efry (Modem), de Guillaume Richard,\u00a0repr\u00e9sentant local d&rsquo;Horizons, et de Val\u00e9rie Oppelt, ex-candidate LREM en 2020. Autrement dit, les partis LR, Modem, Horizons et Renaissance partiront unis pour multiplier leurs chances de victoire. Farouchement\u00a0oppos\u00e9e \u00e0 la mairie socialiste, \u00ab\u00a0c\u2019est contre ces gens qu\u2019on se bat, des gens qui sont en train de mettre notre ville en bas du classement et qu\u2019on d\u00e9teste. Moi, je suis un homme de droite, je suis quelqu\u2019un de constant et qui sait ce qu\u2019il veut\u00a0\u00bb, a lanc\u00e9\u00a0Foulques Chombart de Lauwe lors de son premier meeting de campagne, mercredi 14 janvier 2026, des propos relay\u00e9s par <a href=\"https:\/\/www.ouest-france.fr\/elections\/municipales\/municipales-2026-a-nantes-je-suis-un-combattant-carton-plein-au-meeting-du-candidat-lr-foulques-chombart-de-lauwe-4ccb3b8a-f161-11f0-977d-9ddad21d78c7\" target=\"_blank\" rel=\"noopener\">Presse Oc\u00e9an<\/a>.<\/p>\n<p>L&rsquo;objectif est clair : d\u00e9loger Johanna Rolland et faire basculer Nantes vers le centre-droit.\u00a0\u00ab\u00a0Elle a choisi deux priorit\u00e9s qui laissent les habitants un peu m\u00e9dus\u00e9s\u00a0: faire de Nantes une ville refuge pour les migrants quels qu&rsquo;ils soient, et faire 40 % de logements sociaux\u00a0\u00bb, d\u00e9plore Foulques Chombart de Lauwe au sujet de la maire sortante dans les colonnes du quotidien Le Figaro.\u00a0\u00c0 l&rsquo;extr\u00eame droite, le Rassemblement national (RN) soutiendra\u00a0Jean\u2010Claude Hulot, candidat du parti \u00e0 la flamme \u00e0 Nantes pour les\u00a0<a href=\"https:\/\/www.linternaute.com\/actualite\/politique\/7982831-elections-municipales-2026-dates-resultat-des-sondages-mode-de-scrutin-modifie-tout-comprendre-au-vote\/\" title=\"Elections municipales 2026\" target=\"_blank\" rel=\"noopener\">municipales 2026<\/a>. Haut fonctionnaire, chevalier de la L\u00e9gion d&rsquo;honneur depuis 2011, il est contr\u00f4leur g\u00e9n\u00e9ral \u00e9conomique et financier (CGEF). De l&rsquo;autre c\u00f4t\u00e9 de l&rsquo;\u00e9chiquier politique, La France insoumise (LFI) ne fera pas campagne avec le PS. Les Insoumis pr\u00e9sentent leur propre liste men\u00e9e par\u00a0William Aucant.<\/p>\n<p><a name=\"post1768559153\"\/>11:25 &#8211; \u00ab\u00a0Moi, je suis un homme de droite qui sait ce qu\u2019il veut\u00a0\u00bb, Foulques Chombart de Lauwe (LR) lance sa campagne<\/p>\n<p>Foulques Chombart de Lauwe qui porte une liste d\u2019union entre Les R\u00e9publicains, le MoDem, Renaissance et Horizons, a annonc\u00e9 vouloir faire \u00ab\u00a0le hold-up du si\u00e8cle\u00a0\u00bb pour ces municipales 2026 \u00e0 Nantes, mercredi 14 janvier, lors de\u00a0son premier meeting de campagne. \u00ab\u00a0Mon moteur, c\u2019est \u00eatre utile et je veux rendre la fiert\u00e9 aux Nantais. J\u2019aime d\u00e9jouer les pronostics\u00a0\u00bb, a-t-il d\u00e9clar\u00e9, des propos relay\u00e9s par <a href=\"https:\/\/www.ouest-france.fr\/elections\/municipales\/municipales-2026-a-nantes-je-suis-un-combattant-carton-plein-au-meeting-du-candidat-lr-foulques-chombart-de-lauwe-4ccb3b8a-f161-11f0-977d-9ddad21d78c7\" target=\"_blank\" rel=\"noopener\">Presse Oc\u00e9an<\/a>.\u00a0<\/p>\n<p>Fermement oppos\u00e9e \u00e0 la mairie socialiste, \u00ab\u00a0C\u2019est contre ces gens qu\u2019on se bat, des gens qui sont en train de mettre notre ville en bas du classement et qu\u2019on d\u00e9teste. Moi, je suis un homme de droite, je suis quelqu\u2019un de constant et qui sait ce qu\u2019il veut\u00a0\u00bb, a-t-il lanc\u00e9. \u00ab\u00a0La gauche que nous affrontons \u00e0 Nantes n\u2019est pas n\u2019importe quelle gauche, c\u2019est une gauche dure, radicale. La maire de Nantes a trahi son histoire politique et a ouvert les portes de la mairie de Nantes \u00e0 la gauche radicale\u00a0\u00bb, a m\u00eame d\u00e9clar\u00e9 la pr\u00e9sidente Horizons du conseil r\u00e9gional des Pays de la Loire, Christelle Moran\u00e7ais, lors de cette m\u00eame soir\u00e9e.<\/p>\n","protected":false},"excerpt":{"rendered":"Au pouvoir depuis 36\u00a0ans \u00e0 Nantes, la gauche pourrait \u00eatre talonn\u00e9e lors des \u00e9lections municipales de 2026\u00a0avec l&rsquo;alliance&hellip;\n","protected":false},"author":2,"featured_media":667514,"comment_status":"","ping_status":"","sticky":false,"template":"","format":"standard","meta":{"footnotes":""},"categories":[2818],"tags":[1111,11,76772,51761,4188,2761,1777,674,51763,1011,27,766,12,51767,2636,25],"class_list":{"0":"post-667513","1":"post","2":"type-post","3":"status-publish","4":"format-standard","5":"has-post-thumbnail","7":"category-nantes","8":"tag-actu","9":"tag-actualites","10":"tag-cms-linternaute-9472656","11":"tag-controller-content","12":"tag-elections-municipales","13":"tag-elections-municipales-2026","14":"tag-eu","15":"tag-europe","16":"tag-format-papier","17":"tag-fr","18":"tag-france","19":"tag-nantes","20":"tag-news","21":"tag-parallaxeinfeed","22":"tag-pays-de-la-loire","23":"tag-republique-francaise"},"share_on_mastodon":{"url":"https:\/\/pubeurope.com\/@fr\/115904407467816582","error":""},"_links":{"self":[{"href":"https:\/\/www.europesays.com\/fr\/wp-json\/wp\/v2\/posts\/667513","targetHints":{"allow":["GET"]}}],"collection":[{"href":"https:\/\/www.europesays.com\/fr\/wp-json\/wp\/v2\/posts"}],"about":[{"href":"https:\/\/www.europesays.com\/fr\/wp-json\/wp\/v2\/types\/post"}],"author":[{"embeddable":true,"href":"https:\/\/www.europesays.com\/fr\/wp-json\/wp\/v2\/users\/2"}],"replies":[{"embeddable":true,"href":"https:\/\/www.europesays.com\/fr\/wp-json\/wp\/v2\/comments?post=667513"}],"version-history":[{"count":0,"href":"https:\/\/www.europesays.com\/fr\/wp-json\/wp\/v2\/posts\/667513\/revisions"}],"wp:featuredmedia":[{"embeddable":true,"href":"https:\/\/www.europesays.com\/fr\/wp-json\/wp\/v2\/media\/667514"}],"wp:attachment":[{"href":"https:\/\/www.europesays.com\/fr\/wp-json\/wp\/v2\/media?parent=667513"}],"wp:term":[{"taxonomy":"category","embeddable":true,"href":"https:\/\/www.europesays.com\/fr\/wp-json\/wp\/v2\/categories?post=667513"},{"taxonomy":"post_tag","embeddable":true,"href":"https:\/\/www.europesays.com\/fr\/wp-json\/wp\/v2\/tags?post=667513"}],"curies":[{"name":"wp","href":"https:\/\/api.w.org\/{rel}","templated":true}]}}