{"id":667520,"date":"2026-01-16T10:57:10","date_gmt":"2026-01-16T10:57:10","guid":{"rendered":"https:\/\/www.europesays.com\/fr\/667520\/"},"modified":"2026-01-16T10:57:10","modified_gmt":"2026-01-16T10:57:10","slug":"municipales-2026-a-toulouse-mouss-et-hakim-rejoignent-francois-piquemal-lfi","status":"publish","type":"post","link":"https:\/\/www.europesays.com\/fr\/667520\/","title":{"rendered":"Municipales 2026 \u00e0 Toulouse\u00a0: Mouss et Hakim rejoignent Fran\u00e7ois Piquemal (LFI)"},"content":{"rendered":"<p>\n                                                                    l&rsquo;essentiel<br \/>\n                                                                Apr\u00e8s Magyd Cherfi qui a rejoint la liste de Fran\u00e7ois Brian\u00e7on (PS), Mouss et Hakim, \u00e9galement chanteurs du groupe Zebda, s\u2019engagent avec Fran\u00e7ois Piquemal (LFI).\n                            <\/p>\n<p>Zebda est d\u00e9cid\u00e9ment bien pr\u00e9sent dans cette campagne des municipales 2026 \u00e0 Toulouse. Preuve de l\u2019enracinement profond de ce groupe musical phare des ann\u00e9es 90 mais aussi du mouvement politique Motiv\u00e9s dans\u00a0la Ville rose. Cette r\u00e9f\u00e9rence musicale et politique\u00a0se confond aussi avec l\u2019histoire d\u2019une famille alg\u00e9rienne venue vivre en France, \u00e0 Toulouse, aux Izards puis \u00e0 la Cit\u00e9 Bourbaki.<\/p>\n<p>Apr\u00e8s Salah Amokrane, t\u00eate de liste Motiv\u00e9s en 2001, le fr\u00e8re a\u00een\u00e9, qui, aujourd\u2019hui, avec l\u2019Assembl\u00e9e des quartiers, sera pr\u00e9sent sur la liste de Fran\u00e7ois Piquemal, voici Mouss et Hakim Amokrane, chanteurs de Zebda et toujours sur sc\u00e8ne avec leur groupe, qui s\u2019engagent avec le candidat Insoumis qui les a pr\u00e9sent\u00e9s ce vendredi depuis le caf\u00e9 Chez Ginette aux Minimes o\u00f9 les deux fr\u00e8res habitent.<\/p>\n<p>\u00ab\u00a0Une vie meilleure\u00a0\u00bb<\/p>\n<p>Ce soutien n\u2019est pas une nouveaut\u00e9 pour les deux chanteurs engag\u00e9s qui s\u2019\u00e9taient produits sur sc\u00e8ne avant le meeting de Jean-Luc M\u00e9lenchon en 2022 place du Capitole. Et il reste d\u2019actualit\u00e9. \u00ab\u00a0Libert\u00e9, \u00e9galit\u00e9, fraternit\u00e9, solidarit\u00e9\u00a0: c\u2019est notre ADN\u00a0\u00bb, avance Mouss. \u00ab\u00a0L\u2019\u00e9galit\u00e9 des chances pour une vie meilleure, on y croit.\u00a0\u00bb<\/p>\n<p>Hakim, qui figurera sur la liste (en position non \u00e9ligible), veut \u00ab\u00a0\u00eatre combatif dans cette nouvelle dynamique \u00e0 gauche\u00a0\u00bb avec l\u2019envie que \u00ab\u00a0les quartiers populaires fassent partie int\u00e9grante de la ville\u00a0\u00bb. Pour Mouss, \u00ab\u00a0il doit y avoir du changement\u00a0\u00bb \u00e0 Toulouse qui est \u00ab\u00a0en dessous de son potentiel\u00a0\u00bb.<\/p>\n<p>Le chanteur a ajout\u00e9 un mot sur la s\u00e9curit\u00e9, d\u00e9crite comme des \u00ab\u00a0ins\u00e9curit\u00e9s multiples\u00a0\u00bb, en pr\u00e9conisant \u00ab\u00a0d\u2019occuper l\u2019espace public. La r\u00e9pression en soi n\u2019est pas une r\u00e9ponse.\u00a0\u00bb<\/p>\n<p>Fan de Zebda, Fran\u00e7ois Piquemal dit avoir forg\u00e9 son engagement politique \u00e0 l\u2019\u00e9coute de leurs chansons, notamment \u00ab\u00a0J\u2019y suis, j\u2019y reste\u00a0\u00bb, un slogan n\u00e9 de la marche contre le racisme en 1983. En 2001, le futur d\u00e9put\u00e9 figurait ainsi sur la liste des Motiv\u00e9s.<\/p>\n<p>Zebda, c\u2019est aussi Magyd Cherfi qui, lui aussi fid\u00e8le \u00e0 ses engagements, a rejoint la liste de Fran\u00e7ois Brian\u00e7on (PS). \u00ab\u00a0Cette diff\u00e9rence a toujours exist\u00e9. M\u00eame au temps de Zebda. Soit c\u2019est nous qui sommes plus \u00e0 gauche, soit c\u2019est lui qui est plus \u00e0 droite\u00a0\u00bb, a lanc\u00e9 Mouss en riant. En cas d\u2019union au second tour, c\u2019est Zebda qui est reconstitu\u00e9.<\/p>\n","protected":false},"excerpt":{"rendered":"l&rsquo;essentiel Apr\u00e8s Magyd Cherfi qui a rejoint la liste de Fran\u00e7ois Brian\u00e7on (PS), Mouss et Hakim, \u00e9galement chanteurs&hellip;\n","protected":false},"author":2,"featured_media":667521,"comment_status":"","ping_status":"","sticky":false,"template":"","format":"standard","meta":{"footnotes":""},"categories":[2816],"tags":[1111,11,1777,674,1011,27,329,2722,3434,12,2680,316,25,2312,37919],"class_list":{"0":"post-667520","1":"post","2":"type-post","3":"status-publish","4":"format-standard","5":"has-post-thumbnail","7":"category-toulouse","8":"tag-actu","9":"tag-actualites","10":"tag-eu","11":"tag-europe","12":"tag-fr","13":"tag-france","14":"tag-france-monde","15":"tag-haute-garonne","16":"tag-municipales-2026","17":"tag-news","18":"tag-occitanie","19":"tag-politique","20":"tag-republique-francaise","21":"tag-toulouse","22":"tag-u00c9lections"},"share_on_mastodon":{"url":"https:\/\/pubeurope.com\/@fr\/115904423128562980","error":""},"_links":{"self":[{"href":"https:\/\/www.europesays.com\/fr\/wp-json\/wp\/v2\/posts\/667520","targetHints":{"allow":["GET"]}}],"collection":[{"href":"https:\/\/www.europesays.com\/fr\/wp-json\/wp\/v2\/posts"}],"about":[{"href":"https:\/\/www.europesays.com\/fr\/wp-json\/wp\/v2\/types\/post"}],"author":[{"embeddable":true,"href":"https:\/\/www.europesays.com\/fr\/wp-json\/wp\/v2\/users\/2"}],"replies":[{"embeddable":true,"href":"https:\/\/www.europesays.com\/fr\/wp-json\/wp\/v2\/comments?post=667520"}],"version-history":[{"count":0,"href":"https:\/\/www.europesays.com\/fr\/wp-json\/wp\/v2\/posts\/667520\/revisions"}],"wp:featuredmedia":[{"embeddable":true,"href":"https:\/\/www.europesays.com\/fr\/wp-json\/wp\/v2\/media\/667521"}],"wp:attachment":[{"href":"https:\/\/www.europesays.com\/fr\/wp-json\/wp\/v2\/media?parent=667520"}],"wp:term":[{"taxonomy":"category","embeddable":true,"href":"https:\/\/www.europesays.com\/fr\/wp-json\/wp\/v2\/categories?post=667520"},{"taxonomy":"post_tag","embeddable":true,"href":"https:\/\/www.europesays.com\/fr\/wp-json\/wp\/v2\/tags?post=667520"}],"curies":[{"name":"wp","href":"https:\/\/api.w.org\/{rel}","templated":true}]}}