{"id":667522,"date":"2026-01-16T10:58:15","date_gmt":"2026-01-16T10:58:15","guid":{"rendered":"https:\/\/www.europesays.com\/fr\/667522\/"},"modified":"2026-01-16T10:58:15","modified_gmt":"2026-01-16T10:58:15","slug":"jubilaires-2026-reception-en-mairie-pour-votre-anniversaire-de-mariage","status":"publish","type":"post","link":"https:\/\/www.europesays.com\/fr\/667522\/","title":{"rendered":"Jubilaires 2026 : r\u00e9ception en mairie pour votre anniversaire de mariage"},"content":{"rendered":"<p class=\"introduction\">La Ville de Roubaix organise le lundi de P\u00e2ques, 7 avril 2026 \u00e0 10 heures, salle des Mariages \u00e0 l\u2019H\u00f4tel de Ville, une c\u00e9r\u00e9monie pour les couples mari\u00e9s depuis 50, 60, 65 et 70 ans et qui f\u00eatent leur anniversaire de mariage dans le courant de l&rsquo;ann\u00e9e . C&rsquo;est votre cas ? Inscrivez-vous avant le 2 mars 2026.<\/p>\n<p>En 2026, vous f\u00eatez vos noces d\u2019or, vos noces de diamant, ou encore vos noces de Palissandre, voir vos noces de platine ?<\/p>\n<p>La r\u00e9ception traditionnelle des m\u00e9nages f\u00eatant leur jubil\u00e9 de 50, 60, 65 ou 70 ans de mariage dans l\u2019ann\u00e9e, aura lieu le lundi de P\u00e2ques (7 avril) 2025 \u00e0 10 heures, salle des Mariages \u00e0 l\u2019H\u00f4tel de Ville.<\/p>\n<p>Les personnes habitant Roubaix et totalisant un nombre suffisant d\u2019ann\u00e9es de mariage sont invit\u00e9es \u00e0 se pr\u00e9senter munies de leur livret de famille, de la Carte Nationale d\u2019Identit\u00e9 et d\u2019une attestation de domicile, en vue de leur inscription, avant le 6 mars 2026, aux lieux suivants :<\/p>\n<p><strong>Mairie des quartiers Centre, 17 Grand\u2019Place<br \/><\/strong>Du mardi au vendredi, de 8h30 \u00e0 12h et de 13h30 \u00e0 17h<br \/>Le samedi de 8h30 \u00e0 12h<\/p>\n<p><strong>Mairie des quartiers Est \u2013 Maison des services, 71 avenue de Verdun<\/strong><br \/>Du lundi au vendredi, de 8h30 \u00e0 12h et de 13h30 \u00e0 17h<br \/>Le samedi de 8h30 \u00e0 12h<\/p>\n<p><strong>Mairie des quartiers Ouest, 187 rue de l\u2019Epeule<\/strong><br \/>Du mardi au vendredi, de 8h30 \u00e0 12h et de 13h30 \u00e0 17h<br \/>Le samedi de 8h30 \u00e0 12h<\/p>\n<p><strong>Mairie des quartiers Sud, 188 bd de Fourmies<\/strong><br \/>Du mardi au vendredi, de 8h30 \u00e0 12h et de 13h30 \u00e0 17h<br \/>Le samedi de 8h30 \u00e0 12h<\/p>\n<p><strong>Mairie des quartiers Nord, 14 place de la Fosse aux Ch\u00eanes<\/strong><br \/>Du mardi au vendredi, de 8h30 \u00e0 12h et de 13h30 \u00e0 17h<br \/>Le samedi de 8h30 \u00e0 12h<\/p>\n<p>Monsieur le Maire pourra rendre visite \u00e0 domicile aux jubilaires dont l\u2019\u00e9tat de sant\u00e9 ne leur permet pas d\u2019assister \u00e0 la r\u00e9ception \u00e0 l\u2019H\u00f4tel de Ville.<\/p>\n<p>Cr\u00e9dit Photo : Anais Gadeau , service Communication, ville de Roubaix<\/p>\n","protected":false},"excerpt":{"rendered":"La Ville de Roubaix organise le lundi de P\u00e2ques, 7 avril 2026 \u00e0 10 heures, salle des Mariages&hellip;\n","protected":false},"author":2,"featured_media":667523,"comment_status":"","ping_status":"","sticky":false,"template":"","format":"standard","meta":{"footnotes":""},"categories":[2815],"tags":[1111,11,3581,4150,1777,674,1011,27,811,76773,1307,1930,12,25],"class_list":{"0":"post-667522","1":"post","2":"type-post","3":"status-publish","4":"format-standard","5":"has-post-thumbnail","7":"category-lille","8":"tag-actu","9":"tag-actualites","10":"tag-anniversaire","11":"tag-ceremonie","12":"tag-eu","13":"tag-europe","14":"tag-fr","15":"tag-france","16":"tag-hauts-de-france","17":"tag-jubilaires","18":"tag-lille","19":"tag-mariage","20":"tag-news","21":"tag-republique-francaise"},"share_on_mastodon":{"url":"https:\/\/pubeurope.com\/@fr\/115904427107138801","error":""},"_links":{"self":[{"href":"https:\/\/www.europesays.com\/fr\/wp-json\/wp\/v2\/posts\/667522","targetHints":{"allow":["GET"]}}],"collection":[{"href":"https:\/\/www.europesays.com\/fr\/wp-json\/wp\/v2\/posts"}],"about":[{"href":"https:\/\/www.europesays.com\/fr\/wp-json\/wp\/v2\/types\/post"}],"author":[{"embeddable":true,"href":"https:\/\/www.europesays.com\/fr\/wp-json\/wp\/v2\/users\/2"}],"replies":[{"embeddable":true,"href":"https:\/\/www.europesays.com\/fr\/wp-json\/wp\/v2\/comments?post=667522"}],"version-history":[{"count":0,"href":"https:\/\/www.europesays.com\/fr\/wp-json\/wp\/v2\/posts\/667522\/revisions"}],"wp:featuredmedia":[{"embeddable":true,"href":"https:\/\/www.europesays.com\/fr\/wp-json\/wp\/v2\/media\/667523"}],"wp:attachment":[{"href":"https:\/\/www.europesays.com\/fr\/wp-json\/wp\/v2\/media?parent=667522"}],"wp:term":[{"taxonomy":"category","embeddable":true,"href":"https:\/\/www.europesays.com\/fr\/wp-json\/wp\/v2\/categories?post=667522"},{"taxonomy":"post_tag","embeddable":true,"href":"https:\/\/www.europesays.com\/fr\/wp-json\/wp\/v2\/tags?post=667522"}],"curies":[{"name":"wp","href":"https:\/\/api.w.org\/{rel}","templated":true}]}}