{"id":667525,"date":"2026-01-16T11:00:11","date_gmt":"2026-01-16T11:00:11","guid":{"rendered":"https:\/\/www.europesays.com\/fr\/667525\/"},"modified":"2026-01-16T11:00:11","modified_gmt":"2026-01-16T11:00:11","slug":"un-homme-recherche-et-muni-dune-arme-factice-tente-de-cambrioler-une-synagogue-a-marseille","status":"publish","type":"post","link":"https:\/\/www.europesays.com\/fr\/667525\/","title":{"rendered":"Un homme recherch\u00e9 et muni d&rsquo;une arme factice tente de cambrioler une synagogue \u00e0 Marseille"},"content":{"rendered":"<p>Il est environ 1h du matin, cette nuit du jeudi 15 au 16 janvier 2026, lorsque des riverains de l&rsquo;avenue Fran\u00e7oise-Duparc, dans le 4e arrondissement de Marseille, appellent le 17 pour signaler ce qui ressemble fort \u00e0 un <a href=\"https:\/\/www.laprovence.com\/article\/faits-divers-justice\/8901477585658314\/un-cambrioleur-surpris-par-sa-victime-chute-de-deux-etages-a-marseille\" target=\"_blank\" rel=\"noopener\">cambriolage en cours<\/a>.<\/p>\n<p>Le b\u00e2timent, discret, est en fait une synagogue situ\u00e9e dans le quartier des Chartreux. Sit\u00f4t l&rsquo;alerte donn\u00e9e, les agents de permanence au centre de supervision urbain (CSU) orientent leurs cam\u00e9ras sur le site et tombent sur une silhouette encore perch\u00e9e sur le toit de la synagogue.<\/p>\n<p>Plusieurs \u00e9quipages de nuit de la <a href=\"https:\/\/www.laprovence.com\/article\/faits-divers-justice\/82525331951476\/dans-le-centre-de-marseille-le-scooter-larme-fatale-de-la-police-municipale\" target=\"_blank\" rel=\"noopener\">police municipale <\/a>en patrouille dans le secteur se pr\u00e9cipitent sur les lieux du cambriolage. Les agents se hissent jusqu&rsquo;au toit en grimpant par la fa\u00e7ade et tombent sur un jeune homme encore affair\u00e9 devant une vitre bris\u00e9e.<\/p>\n<p>Un simple pistolet \u00e0 billes<\/p>\n<p>Un peu surpris, le suspect est trouv\u00e9 porteur d&rsquo;une arme de poing, qui s&rsquo;av\u00e8re \u00eatre un simple pistolet \u00e0 billes. \u00c2g\u00e9 de 24 ans, et a priori sans domicile fixe, il semble toutefois \u00e9tonn\u00e9 en apprenant qu&rsquo;il s&rsquo;appr\u00eatait \u00e0 s&rsquo;introduire dans un lieu de culte. Il assure ne pas savoir qu&rsquo;il s&rsquo;agissait d&rsquo;une synagogue, et \u00eatre lui-m\u00eame de confession juive.<\/p>\n<p>Confi\u00e9 \u00e0 la police nationale pour \u00eatre plac\u00e9 en garde \u00e0 vue, il s&rsquo;av\u00e8re tr\u00e8s d\u00e9favorablement connu pour des faits de vol par effraction et fait d\u00e9j\u00e0 l&rsquo;objet de fiches de recherches.<\/p>\n","protected":false},"excerpt":{"rendered":"Il est environ 1h du matin, cette nuit du jeudi 15 au 16 janvier 2026, lorsque des riverains&hellip;\n","protected":false},"author":2,"featured_media":667526,"comment_status":"","ping_status":"","sticky":false,"template":"","format":"standard","meta":{"footnotes":""},"categories":[2814],"tags":[5734,1111,11,10268,1102,4440,1777,674,76775,274,1011,27,4933,884,76774,12,882,959,25,18800],"class_list":{"0":"post-667525","1":"post","2":"type-post","3":"status-publish","4":"format-standard","5":"has-post-thumbnail","7":"category-marseille","8":"tag-5734","9":"tag-actu","10":"tag-actualites","11":"tag-arme","12":"tag-breakingnews","13":"tag-dune","14":"tag-eu","15":"tag-europe","16":"tag-factice","17":"tag-faits-divers-justice","18":"tag-fr","19":"tag-france","20":"tag-homme","21":"tag-marseille","22":"tag-muni","23":"tag-news","24":"tag-provence-alpes-cote-dazur","25":"tag-recherche","26":"tag-republique-francaise","27":"tag-tente"},"share_on_mastodon":{"url":"https:\/\/pubeurope.com\/@fr\/115904434951381744","error":""},"_links":{"self":[{"href":"https:\/\/www.europesays.com\/fr\/wp-json\/wp\/v2\/posts\/667525","targetHints":{"allow":["GET"]}}],"collection":[{"href":"https:\/\/www.europesays.com\/fr\/wp-json\/wp\/v2\/posts"}],"about":[{"href":"https:\/\/www.europesays.com\/fr\/wp-json\/wp\/v2\/types\/post"}],"author":[{"embeddable":true,"href":"https:\/\/www.europesays.com\/fr\/wp-json\/wp\/v2\/users\/2"}],"replies":[{"embeddable":true,"href":"https:\/\/www.europesays.com\/fr\/wp-json\/wp\/v2\/comments?post=667525"}],"version-history":[{"count":0,"href":"https:\/\/www.europesays.com\/fr\/wp-json\/wp\/v2\/posts\/667525\/revisions"}],"wp:featuredmedia":[{"embeddable":true,"href":"https:\/\/www.europesays.com\/fr\/wp-json\/wp\/v2\/media\/667526"}],"wp:attachment":[{"href":"https:\/\/www.europesays.com\/fr\/wp-json\/wp\/v2\/media?parent=667525"}],"wp:term":[{"taxonomy":"category","embeddable":true,"href":"https:\/\/www.europesays.com\/fr\/wp-json\/wp\/v2\/categories?post=667525"},{"taxonomy":"post_tag","embeddable":true,"href":"https:\/\/www.europesays.com\/fr\/wp-json\/wp\/v2\/tags?post=667525"}],"curies":[{"name":"wp","href":"https:\/\/api.w.org\/{rel}","templated":true}]}}